{"id":398,"date":"2023-03-28T10:46:47","date_gmt":"2023-03-28T08:46:47","guid":{"rendered":"https:\/\/blocsenresidencia.bcn.cat\/trinitatnova2023\/?p=398"},"modified":"2023-06-19T14:30:20","modified_gmt":"2023-06-19T12:30:20","slug":"els-sons-del-barri","status":"publish","type":"post","link":"https:\/\/blocsenresidencia.bcn.cat\/trinitatnova2023\/2023\/03\/28\/els-sons-del-barri\/","title":{"rendered":"Els sons del barri"},"content":{"rendered":"\n<p>Primer, al parc de l&#8217;amistat, gravem sons d&#8217;ambient, com poden ser els ocells que passaven a prop o fulles seques trencant-se, entre altres coses. Despr\u00e9s decidim anar al mercat ambulant a gravar el soroll d&#8217;ambient d&#8217;un dia com\u00fa.<\/p>\n\n\n\n<figure class=\"wp-block-image size-large\"><img loading=\"lazy\" decoding=\"async\" width=\"768\" height=\"1024\" src=\"https:\/\/blocsenresidencia.bcn.cat\/trinitatnova2023\/wp-content\/uploads\/2023\/03\/20230322_101550-768x1024.jpg\" alt=\"\" class=\"wp-image-326\" srcset=\"https:\/\/blocsenresidencia.bcn.cat\/trinitatnova2023\/wp-content\/uploads\/2023\/03\/20230322_101550-768x1024.jpg 768w, https:\/\/blocsenresidencia.bcn.cat\/trinitatnova2023\/wp-content\/uploads\/2023\/03\/20230322_101550-225x300.jpg 225w, https:\/\/blocsenresidencia.bcn.cat\/trinitatnova2023\/wp-content\/uploads\/2023\/03\/20230322_101550-1152x1536.jpg 1152w, https:\/\/blocsenresidencia.bcn.cat\/trinitatnova2023\/wp-content\/uploads\/2023\/03\/20230322_101550-1536x2048.jpg 1536w, https:\/\/blocsenresidencia.bcn.cat\/trinitatnova2023\/wp-content\/uploads\/2023\/03\/20230322_101550-scaled.jpg 1920w\" sizes=\"auto, (max-width: 767px) 89vw, (max-width: 1000px) 54vw, (max-width: 1071px) 543px, 580px\" \/><figcaption class=\"wp-element-caption\">Gravem sons al mercat<\/figcaption><\/figure>\n\n\n\n<p>Intentem preguntar&nbsp;a les persones que viuen prop del barri qu\u00e8 opinaven d&#8217;aquest mateix, qu\u00e8 podria millorar i quines coses dolentes t\u00e9.<\/p>\n\n\n\n<figure class=\"wp-block-gallery has-nested-images columns-default is-cropped wp-block-gallery-1 is-layout-flex wp-block-gallery-is-layout-flex\">\n<figure class=\"wp-block-image size-large\"><img loading=\"lazy\" decoding=\"async\" width=\"1024\" height=\"768\" data-id=\"327\" src=\"https:\/\/blocsenresidencia.bcn.cat\/trinitatnova2023\/wp-content\/uploads\/2023\/03\/20230322_102755-1024x768.jpg\" alt=\"\" class=\"wp-image-327\" srcset=\"https:\/\/blocsenresidencia.bcn.cat\/trinitatnova2023\/wp-content\/uploads\/2023\/03\/20230322_102755-1024x768.jpg 1024w, https:\/\/blocsenresidencia.bcn.cat\/trinitatnova2023\/wp-content\/uploads\/2023\/03\/20230322_102755-300x225.jpg 300w, https:\/\/blocsenresidencia.bcn.cat\/trinitatnova2023\/wp-content\/uploads\/2023\/03\/20230322_102755-768x576.jpg 768w, https:\/\/blocsenresidencia.bcn.cat\/trinitatnova2023\/wp-content\/uploads\/2023\/03\/20230322_102755-1536x1152.jpg 1536w, https:\/\/blocsenresidencia.bcn.cat\/trinitatnova2023\/wp-content\/uploads\/2023\/03\/20230322_102755-2048x1536.jpg 2048w\" sizes=\"auto, (max-width: 767px) 89vw, (max-width: 1000px) 54vw, (max-width: 1071px) 543px, 580px\" \/><\/figure>\n\n\n\n<figure class=\"wp-block-image size-large\"><img loading=\"lazy\" decoding=\"async\" width=\"768\" height=\"1024\" data-id=\"328\" src=\"https:\/\/blocsenresidencia.bcn.cat\/trinitatnova2023\/wp-content\/uploads\/2023\/03\/20230322_103037-768x1024.jpg\" alt=\"\" class=\"wp-image-328\" srcset=\"https:\/\/blocsenresidencia.bcn.cat\/trinitatnova2023\/wp-content\/uploads\/2023\/03\/20230322_103037-768x1024.jpg 768w, https:\/\/blocsenresidencia.bcn.cat\/trinitatnova2023\/wp-content\/uploads\/2023\/03\/20230322_103037-225x300.jpg 225w, https:\/\/blocsenresidencia.bcn.cat\/trinitatnova2023\/wp-content\/uploads\/2023\/03\/20230322_103037-1152x1536.jpg 1152w, https:\/\/blocsenresidencia.bcn.cat\/trinitatnova2023\/wp-content\/uploads\/2023\/03\/20230322_103037-1536x2048.jpg 1536w, https:\/\/blocsenresidencia.bcn.cat\/trinitatnova2023\/wp-content\/uploads\/2023\/03\/20230322_103037-scaled.jpg 1920w\" sizes=\"auto, (max-width: 767px) 89vw, (max-width: 1000px) 54vw, (max-width: 1071px) 543px, 580px\" \/><\/figure>\n\n\n\n<figure class=\"wp-block-image size-large\"><img loading=\"lazy\" decoding=\"async\" width=\"1024\" height=\"768\" data-id=\"332\" src=\"https:\/\/blocsenresidencia.bcn.cat\/trinitatnova2023\/wp-content\/uploads\/2023\/03\/IMG_7911-1024x768.jpg\" alt=\"\" class=\"wp-image-332\" srcset=\"https:\/\/blocsenresidencia.bcn.cat\/trinitatnova2023\/wp-content\/uploads\/2023\/03\/IMG_7911-1024x768.jpg 1024w, https:\/\/blocsenresidencia.bcn.cat\/trinitatnova2023\/wp-content\/uploads\/2023\/03\/IMG_7911-300x225.jpg 300w, https:\/\/blocsenresidencia.bcn.cat\/trinitatnova2023\/wp-content\/uploads\/2023\/03\/IMG_7911-768x576.jpg 768w, https:\/\/blocsenresidencia.bcn.cat\/trinitatnova2023\/wp-content\/uploads\/2023\/03\/IMG_7911-1536x1152.jpg 1536w, https:\/\/blocsenresidencia.bcn.cat\/trinitatnova2023\/wp-content\/uploads\/2023\/03\/IMG_7911-2048x1536.jpg 2048w\" sizes=\"auto, (max-width: 767px) 89vw, (max-width: 1000px) 54vw, (max-width: 1071px) 543px, 580px\" \/><\/figure>\n<\/figure>\n\n\n\n<p>B\u00e0sicament, l&#8217;objectiu d&#8217;aquesta excursi\u00f3 era escoltar les opinions de les persones que viuen al barri. Tamb\u00e9 per con\u00e8ixer el barri des d&#8217;un punt de vista que nosaltres encara no hem vist o no hem conegut. Gr\u00e0cies a les persones que ens van respondre les preguntes vam poder con\u00e8ixer el barri una miqueta m\u00e9s. &#8211; Subhan<\/p>\n\n\n\n<figure class=\"wp-block-gallery has-nested-images columns-default is-cropped wp-block-gallery-2 is-layout-flex wp-block-gallery-is-layout-flex\">\n<figure class=\"wp-block-image size-large\"><img loading=\"lazy\" decoding=\"async\" width=\"768\" height=\"1024\" data-id=\"330\" src=\"https:\/\/blocsenresidencia.bcn.cat\/trinitatnova2023\/wp-content\/uploads\/2023\/03\/IMG_7907-768x1024.jpg\" alt=\"\" class=\"wp-image-330\" srcset=\"https:\/\/blocsenresidencia.bcn.cat\/trinitatnova2023\/wp-content\/uploads\/2023\/03\/IMG_7907-768x1024.jpg 768w, https:\/\/blocsenresidencia.bcn.cat\/trinitatnova2023\/wp-content\/uploads\/2023\/03\/IMG_7907-225x300.jpg 225w, https:\/\/blocsenresidencia.bcn.cat\/trinitatnova2023\/wp-content\/uploads\/2023\/03\/IMG_7907-1152x1536.jpg 1152w, https:\/\/blocsenresidencia.bcn.cat\/trinitatnova2023\/wp-content\/uploads\/2023\/03\/IMG_7907-1536x2048.jpg 1536w, https:\/\/blocsenresidencia.bcn.cat\/trinitatnova2023\/wp-content\/uploads\/2023\/03\/IMG_7907-scaled.jpg 1920w\" sizes=\"auto, (max-width: 767px) 89vw, (max-width: 1000px) 54vw, (max-width: 1071px) 543px, 580px\" \/><\/figure>\n<\/figure>\n\n\n\n<p>Aquesta sortida em va agradar m\u00e9s pel fet que els aparells amb els quals gravem sons els capturaven bastant b\u00e9 tots els sons. Em sorpr\u00e8n que els nostres passos s&#8217;escoltessin en l&#8217;enregistrament. Encara que no tot va ser del meu grat. Realment no em va agradar la part on vam haver de parlar amb persones en el mercat ambulant, ja que jo no tinc tanta confian\u00e7a amb la gent, i quan Elian els parlava a les persones, elles no li feien cas, aix\u00f2 em dona menys seguretat de parlar amb els altres. &#8211; Juan Esteban<\/p>\n","protected":false},"excerpt":{"rendered":"<p>Primer, al parc de l&#8217;amistat, gravem sons d&#8217;ambient, com poden ser els ocells que passaven a prop o fulles seques trencant-se, entre altres coses. Despr\u00e9s decidim anar al mercat ambulant a gravar el soroll d&#8217;ambient d&#8217;un dia com\u00fa. Intentem preguntar&nbsp;a les persones que viuen prop del barri qu\u00e8 opinaven d&#8217;aquest mateix, qu\u00e8 podria millorar i &hellip; <\/p>\n<p class=\"link-more\"><a href=\"https:\/\/blocsenresidencia.bcn.cat\/trinitatnova2023\/2023\/03\/28\/els-sons-del-barri\/\" class=\"more-link\">Continua llegint <span class=\"screen-reader-text\">\u00abEls sons del barri\u00bb<\/span><\/a><\/p>\n","protected":false},"author":5,"featured_media":0,"comment_status":"open","ping_status":"open","sticky":false,"template":"","format":"standard","meta":{"footnotes":""},"categories":[1],"tags":[],"class_list":["post-398","post","type-post","status-publish","format-standard","hentry","category-general"],"_links":{"self":[{"href":"https:\/\/blocsenresidencia.bcn.cat\/trinitatnova2023\/wp-json\/wp\/v2\/posts\/398","targetHints":{"allow":["GET"]}}],"collection":[{"href":"https:\/\/blocsenresidencia.bcn.cat\/trinitatnova2023\/wp-json\/wp\/v2\/posts"}],"about":[{"href":"https:\/\/blocsenresidencia.bcn.cat\/trinitatnova2023\/wp-json\/wp\/v2\/types\/post"}],"author":[{"embeddable":true,"href":"https:\/\/blocsenresidencia.bcn.cat\/trinitatnova2023\/wp-json\/wp\/v2\/users\/5"}],"replies":[{"embeddable":true,"href":"https:\/\/blocsenresidencia.bcn.cat\/trinitatnova2023\/wp-json\/wp\/v2\/comments?post=398"}],"version-history":[{"count":3,"href":"https:\/\/blocsenresidencia.bcn.cat\/trinitatnova2023\/wp-json\/wp\/v2\/posts\/398\/revisions"}],"predecessor-version":[{"id":411,"href":"https:\/\/blocsenresidencia.bcn.cat\/trinitatnova2023\/wp-json\/wp\/v2\/posts\/398\/revisions\/411"}],"wp:attachment":[{"href":"https:\/\/blocsenresidencia.bcn.cat\/trinitatnova2023\/wp-json\/wp\/v2\/media?parent=398"}],"wp:term":[{"taxonomy":"category","embeddable":true,"href":"https:\/\/blocsenresidencia.bcn.cat\/trinitatnova2023\/wp-json\/wp\/v2\/categories?post=398"},{"taxonomy":"post_tag","embeddable":true,"href":"https:\/\/blocsenresidencia.bcn.cat\/trinitatnova2023\/wp-json\/wp\/v2\/tags?post=398"}],"curies":[{"name":"wp","href":"https:\/\/api.w.org\/{rel}","templated":true}]}}