{"id":41,"date":"2022-12-12T19:29:09","date_gmt":"2022-12-12T17:29:09","guid":{"rendered":"https:\/\/blocsenresidencia.bcn.cat\/trinitatnova2023\/?p=41"},"modified":"2023-01-14T12:06:16","modified_gmt":"2023-01-14T10:06:16","slug":"explorem-els-nostres-paisatges","status":"publish","type":"post","link":"https:\/\/blocsenresidencia.bcn.cat\/trinitatnova2023\/2022\/12\/12\/explorem-els-nostres-paisatges\/","title":{"rendered":"Explorem el barri de Trinitat Nova"},"content":{"rendered":"\n<p class=\"has-text-align-left\"><em>En aquesta sessi\u00f3 cadasc\u00fa de nosaltres havia d&#8217;escollir el seu propi paisatge preferit i despr\u00e9s vam anar a aquells llocs i vam parlar sobre ells. All\u00ed vam explicar per qu\u00e8 hav\u00edem triat aquell paisatge i perqu\u00e8 era important per nosaltres. &#8211; Anastasiia<\/em><\/p>\n\n\n\n<figure class=\"wp-block-image size-large\"><img loading=\"lazy\" decoding=\"async\" width=\"1024\" height=\"768\" src=\"https:\/\/blocsenresidencia.bcn.cat\/trinitatnova2023\/wp-content\/uploads\/2022\/11\/P1040076-1024x768.jpg\" alt=\"\" class=\"wp-image-42\" srcset=\"https:\/\/blocsenresidencia.bcn.cat\/trinitatnova2023\/wp-content\/uploads\/2022\/11\/P1040076-1024x768.jpg 1024w, https:\/\/blocsenresidencia.bcn.cat\/trinitatnova2023\/wp-content\/uploads\/2022\/11\/P1040076-300x225.jpg 300w, https:\/\/blocsenresidencia.bcn.cat\/trinitatnova2023\/wp-content\/uploads\/2022\/11\/P1040076-768x576.jpg 768w, https:\/\/blocsenresidencia.bcn.cat\/trinitatnova2023\/wp-content\/uploads\/2022\/11\/P1040076-1536x1152.jpg 1536w, https:\/\/blocsenresidencia.bcn.cat\/trinitatnova2023\/wp-content\/uploads\/2022\/11\/P1040076-2048x1536.jpg 2048w\" sizes=\"auto, (max-width: 767px) 89vw, (max-width: 1000px) 54vw, (max-width: 1071px) 543px, 580px\" \/><figcaption class=\"wp-element-caption\">Parc de l&#8217;Amistat &#8211; paisatge triat per Saily<\/figcaption><\/figure>\n\n\n\n<figure class=\"wp-block-image size-large\"><img loading=\"lazy\" decoding=\"async\" width=\"1024\" height=\"768\" src=\"https:\/\/blocsenresidencia.bcn.cat\/trinitatnova2023\/wp-content\/uploads\/2022\/11\/P1040078-1024x768.jpg\" alt=\"\" class=\"wp-image-43\" srcset=\"https:\/\/blocsenresidencia.bcn.cat\/trinitatnova2023\/wp-content\/uploads\/2022\/11\/P1040078-1024x768.jpg 1024w, https:\/\/blocsenresidencia.bcn.cat\/trinitatnova2023\/wp-content\/uploads\/2022\/11\/P1040078-300x225.jpg 300w, https:\/\/blocsenresidencia.bcn.cat\/trinitatnova2023\/wp-content\/uploads\/2022\/11\/P1040078-768x576.jpg 768w, https:\/\/blocsenresidencia.bcn.cat\/trinitatnova2023\/wp-content\/uploads\/2022\/11\/P1040078-1536x1152.jpg 1536w, https:\/\/blocsenresidencia.bcn.cat\/trinitatnova2023\/wp-content\/uploads\/2022\/11\/P1040078-2048x1536.jpg 2048w\" sizes=\"auto, (max-width: 767px) 89vw, (max-width: 1000px) 54vw, (max-width: 1071px) 543px, 580px\" \/><figcaption class=\"wp-element-caption\">A la imatge surt el Pont de Sarajevo,  que uneix Trinitat Vella amb Trinitat Nova, paisatge triat per l&#8217;Elian.<\/figcaption><\/figure>\n\n\n\n<p class=\"has-text-align-right\"><em>He triat el pont de Sarajevo perqu\u00e8 abans quan vivia en Torre Bar\u00f3 passava amb l&#8217;autob\u00fas i m\u2019agradava veure el sol quan surt al mat\u00ed i els cotxes que passen per baix. &#8211; Elian<\/em><\/p>\n\n\n\n<figure class=\"wp-block-image size-large\"><img loading=\"lazy\" decoding=\"async\" width=\"1024\" height=\"768\" src=\"https:\/\/blocsenresidencia.bcn.cat\/trinitatnova2023\/wp-content\/uploads\/2022\/11\/P1040086-1024x768.jpg\" alt=\"\" class=\"wp-image-44\" srcset=\"https:\/\/blocsenresidencia.bcn.cat\/trinitatnova2023\/wp-content\/uploads\/2022\/11\/P1040086-1024x768.jpg 1024w, https:\/\/blocsenresidencia.bcn.cat\/trinitatnova2023\/wp-content\/uploads\/2022\/11\/P1040086-300x225.jpg 300w, https:\/\/blocsenresidencia.bcn.cat\/trinitatnova2023\/wp-content\/uploads\/2022\/11\/P1040086-768x576.jpg 768w, https:\/\/blocsenresidencia.bcn.cat\/trinitatnova2023\/wp-content\/uploads\/2022\/11\/P1040086-1536x1152.jpg 1536w, https:\/\/blocsenresidencia.bcn.cat\/trinitatnova2023\/wp-content\/uploads\/2022\/11\/P1040086-2048x1536.jpg 2048w\" sizes=\"auto, (max-width: 767px) 89vw, (max-width: 1000px) 54vw, (max-width: 1071px) 543px, 580px\" \/><figcaption class=\"wp-element-caption\">Pla\u00e7a de Harry Walker, paisatge triat per Subhan. <\/figcaption><\/figure>\n\n\n\n<p class=\"has-text-align-right\"><em>He dit aquest lloc perqu\u00e8 a l\u2019estiu quan fa calor hi anava perqu\u00e8 feia fresqueta gr\u00e0cies a l\u2019ombra i a l\u2019aigua que cau de l&#8217;estructura de la pla\u00e7a. Em posava a on esquitxen les gotes d&#8217;aigua.\u00a0&#8211; Subhan<\/em><\/p>\n\n\n\n<figure class=\"wp-block-image size-large\"><img loading=\"lazy\" decoding=\"async\" width=\"1024\" height=\"768\" src=\"https:\/\/blocsenresidencia.bcn.cat\/trinitatnova2023\/wp-content\/uploads\/2022\/11\/P1040084-1-1024x768.jpg\" alt=\"\" class=\"wp-image-63\" srcset=\"https:\/\/blocsenresidencia.bcn.cat\/trinitatnova2023\/wp-content\/uploads\/2022\/11\/P1040084-1-1024x768.jpg 1024w, https:\/\/blocsenresidencia.bcn.cat\/trinitatnova2023\/wp-content\/uploads\/2022\/11\/P1040084-1-300x225.jpg 300w, https:\/\/blocsenresidencia.bcn.cat\/trinitatnova2023\/wp-content\/uploads\/2022\/11\/P1040084-1-768x576.jpg 768w, https:\/\/blocsenresidencia.bcn.cat\/trinitatnova2023\/wp-content\/uploads\/2022\/11\/P1040084-1-1536x1152.jpg 1536w, https:\/\/blocsenresidencia.bcn.cat\/trinitatnova2023\/wp-content\/uploads\/2022\/11\/P1040084-1-2048x1536.jpg 2048w\" sizes=\"auto, (max-width: 767px) 89vw, (max-width: 1000px) 54vw, (max-width: 1071px) 543px, 580px\" \/><figcaption class=\"wp-element-caption\">Pla\u00e7a de la zona verda de la Prosperitat &#8211; Oleksander<\/figcaption><\/figure>\n\n\n\n<figure class=\"wp-block-image size-large is-resized\"><img loading=\"lazy\" decoding=\"async\" src=\"https:\/\/blocsenresidencia.bcn.cat\/trinitatnova2023\/wp-content\/uploads\/2022\/11\/P1040079-1024x768.jpg\" alt=\"\" class=\"wp-image-49\" width=\"673\" height=\"504\" srcset=\"https:\/\/blocsenresidencia.bcn.cat\/trinitatnova2023\/wp-content\/uploads\/2022\/11\/P1040079-1024x768.jpg 1024w, https:\/\/blocsenresidencia.bcn.cat\/trinitatnova2023\/wp-content\/uploads\/2022\/11\/P1040079-300x225.jpg 300w, https:\/\/blocsenresidencia.bcn.cat\/trinitatnova2023\/wp-content\/uploads\/2022\/11\/P1040079-768x576.jpg 768w, https:\/\/blocsenresidencia.bcn.cat\/trinitatnova2023\/wp-content\/uploads\/2022\/11\/P1040079-1536x1152.jpg 1536w, https:\/\/blocsenresidencia.bcn.cat\/trinitatnova2023\/wp-content\/uploads\/2022\/11\/P1040079-2048x1536.jpg 2048w\" sizes=\"auto, (max-width: 673px) 100vw, 673px\" \/><figcaption class=\"wp-element-caption\">Paisatge triat per Anastasiia &#8211; Parc per gossos <\/figcaption><\/figure>\n","protected":false},"excerpt":{"rendered":"<p>En aquesta sessi\u00f3 cadasc\u00fa de nosaltres havia d&#8217;escollir el seu propi paisatge preferit i despr\u00e9s vam anar a aquells llocs i vam parlar sobre ells. All\u00ed vam explicar per qu\u00e8 hav\u00edem triat aquell paisatge i perqu\u00e8 era important per nosaltres. &#8211; Anastasiia He triat el pont de Sarajevo perqu\u00e8 abans quan vivia en Torre Bar\u00f3 &hellip; <\/p>\n<p class=\"link-more\"><a href=\"https:\/\/blocsenresidencia.bcn.cat\/trinitatnova2023\/2022\/12\/12\/explorem-els-nostres-paisatges\/\" class=\"more-link\">Continua llegint <span class=\"screen-reader-text\">\u00abExplorem el barri de Trinitat Nova\u00bb<\/span><\/a><\/p>\n","protected":false},"author":5,"featured_media":0,"comment_status":"open","ping_status":"open","sticky":false,"template":"","format":"standard","meta":{"footnotes":""},"categories":[1],"tags":[],"class_list":["post-41","post","type-post","status-publish","format-standard","hentry","category-general"],"_links":{"self":[{"href":"https:\/\/blocsenresidencia.bcn.cat\/trinitatnova2023\/wp-json\/wp\/v2\/posts\/41","targetHints":{"allow":["GET"]}}],"collection":[{"href":"https:\/\/blocsenresidencia.bcn.cat\/trinitatnova2023\/wp-json\/wp\/v2\/posts"}],"about":[{"href":"https:\/\/blocsenresidencia.bcn.cat\/trinitatnova2023\/wp-json\/wp\/v2\/types\/post"}],"author":[{"embeddable":true,"href":"https:\/\/blocsenresidencia.bcn.cat\/trinitatnova2023\/wp-json\/wp\/v2\/users\/5"}],"replies":[{"embeddable":true,"href":"https:\/\/blocsenresidencia.bcn.cat\/trinitatnova2023\/wp-json\/wp\/v2\/comments?post=41"}],"version-history":[{"count":7,"href":"https:\/\/blocsenresidencia.bcn.cat\/trinitatnova2023\/wp-json\/wp\/v2\/posts\/41\/revisions"}],"predecessor-version":[{"id":308,"href":"https:\/\/blocsenresidencia.bcn.cat\/trinitatnova2023\/wp-json\/wp\/v2\/posts\/41\/revisions\/308"}],"wp:attachment":[{"href":"https:\/\/blocsenresidencia.bcn.cat\/trinitatnova2023\/wp-json\/wp\/v2\/media?parent=41"}],"wp:term":[{"taxonomy":"category","embeddable":true,"href":"https:\/\/blocsenresidencia.bcn.cat\/trinitatnova2023\/wp-json\/wp\/v2\/categories?post=41"},{"taxonomy":"post_tag","embeddable":true,"href":"https:\/\/blocsenresidencia.bcn.cat\/trinitatnova2023\/wp-json\/wp\/v2\/tags?post=41"}],"curies":[{"name":"wp","href":"https:\/\/api.w.org\/{rel}","templated":true}]}}