{"id":313,"date":"2023-11-23T07:00:00","date_gmt":"2023-11-23T05:00:00","guid":{"rendered":"https:\/\/blocsenresidencia.bcn.cat\/trinitatnova2024\/?p=313"},"modified":"2023-11-28T10:53:44","modified_gmt":"2023-11-28T08:53:44","slug":"ens-presentem","status":"publish","type":"post","link":"https:\/\/blocsenresidencia.bcn.cat\/trinitatnova2024\/ens-presentem\/","title":{"rendered":"Ens presentem"},"content":{"rendered":"\n<p>Som els i les alumnes de 3r d&#8217;ESO de l&#8217;Institut Escola Trinitat Nova. Comencem el nostre proc\u00e9s de creaci\u00f3 dins del marc de l&#8217;optativa art\u00edstica del nostre itinerari acompanyat de l&#8217;escriptor i il\u00b7lustrador&nbsp;Pato&nbsp;Mena.<\/p>\n\n\n\n<p>El proc\u00e9s art\u00edstic tindr\u00e0 a veure amb la paraula i tamb\u00e9 amb la imatge, aix\u00ed que el primer que hem fet ha sigut una activitat de presentaci\u00f3. Hem creat acr\u00f2stics, composicions po\u00e8tiques en qu\u00e8 les lletres que ocupen determinats llocs (per exemple: les lletres inicials de cada vers) formen una paraula o frase. Nosaltres els hem fet amb els nostres noms, i cada lletra \u00e9s l&#8217;inici d&#8217;una paraula que ens defineix.<\/p>\n\n\n\n<figure class=\"wp-block-image size-large\"><img loading=\"lazy\" decoding=\"async\" width=\"768\" height=\"1024\" src=\"https:\/\/blocsenresidencia.bcn.cat\/trinitatnova2024\/wp-content\/uploads\/2023\/11\/20230921_130441-768x1024.jpg\" alt=\"\" class=\"wp-image-317\" srcset=\"https:\/\/blocsenresidencia.bcn.cat\/trinitatnova2024\/wp-content\/uploads\/2023\/11\/20230921_130441-768x1024.jpg 768w, https:\/\/blocsenresidencia.bcn.cat\/trinitatnova2024\/wp-content\/uploads\/2023\/11\/20230921_130441-225x300.jpg 225w, https:\/\/blocsenresidencia.bcn.cat\/trinitatnova2024\/wp-content\/uploads\/2023\/11\/20230921_130441-1152x1536.jpg 1152w, https:\/\/blocsenresidencia.bcn.cat\/trinitatnova2024\/wp-content\/uploads\/2023\/11\/20230921_130441-1536x2048.jpg 1536w, https:\/\/blocsenresidencia.bcn.cat\/trinitatnova2024\/wp-content\/uploads\/2023\/11\/20230921_130441-scaled.jpg 1920w\" sizes=\"auto, (max-width: 767px) 89vw, (max-width: 1000px) 54vw, (max-width: 1071px) 543px, 580px\" \/><\/figure>\n\n\n\n<p>Em dic Yanis i soc \u00fanica i inigualable.<\/p>\n\n\n\n<figure class=\"wp-block-image size-large\"><img loading=\"lazy\" decoding=\"async\" width=\"768\" height=\"1024\" src=\"https:\/\/blocsenresidencia.bcn.cat\/trinitatnova2024\/wp-content\/uploads\/2023\/11\/20230921_131557-768x1024.jpg\" alt=\"\" class=\"wp-image-318\" srcset=\"https:\/\/blocsenresidencia.bcn.cat\/trinitatnova2024\/wp-content\/uploads\/2023\/11\/20230921_131557-768x1024.jpg 768w, https:\/\/blocsenresidencia.bcn.cat\/trinitatnova2024\/wp-content\/uploads\/2023\/11\/20230921_131557-225x300.jpg 225w, https:\/\/blocsenresidencia.bcn.cat\/trinitatnova2024\/wp-content\/uploads\/2023\/11\/20230921_131557-1152x1536.jpg 1152w, https:\/\/blocsenresidencia.bcn.cat\/trinitatnova2024\/wp-content\/uploads\/2023\/11\/20230921_131557-1536x2048.jpg 1536w, https:\/\/blocsenresidencia.bcn.cat\/trinitatnova2024\/wp-content\/uploads\/2023\/11\/20230921_131557-scaled.jpg 1920w\" sizes=\"auto, (max-width: 767px) 89vw, (max-width: 1000px) 54vw, (max-width: 1071px) 543px, 580px\" \/><\/figure>\n\n\n\n<p>Soc en Dereck, m\u2019agrada el futbol i soc divertit i cariny\u00f3s quan tinc confian\u00e7a amb la persona.<\/p>\n\n\n\n<figure class=\"wp-block-image size-large\"><img loading=\"lazy\" decoding=\"async\" width=\"768\" height=\"1024\" src=\"https:\/\/blocsenresidencia.bcn.cat\/trinitatnova2024\/wp-content\/uploads\/2023\/11\/20230921_132004-768x1024.jpg\" alt=\"\" class=\"wp-image-319\" srcset=\"https:\/\/blocsenresidencia.bcn.cat\/trinitatnova2024\/wp-content\/uploads\/2023\/11\/20230921_132004-768x1024.jpg 768w, https:\/\/blocsenresidencia.bcn.cat\/trinitatnova2024\/wp-content\/uploads\/2023\/11\/20230921_132004-225x300.jpg 225w, https:\/\/blocsenresidencia.bcn.cat\/trinitatnova2024\/wp-content\/uploads\/2023\/11\/20230921_132004-1152x1536.jpg 1152w, https:\/\/blocsenresidencia.bcn.cat\/trinitatnova2024\/wp-content\/uploads\/2023\/11\/20230921_132004-1536x2048.jpg 1536w, https:\/\/blocsenresidencia.bcn.cat\/trinitatnova2024\/wp-content\/uploads\/2023\/11\/20230921_132004-scaled.jpg 1920w\" sizes=\"auto, (max-width: 767px) 89vw, (max-width: 1000px) 54vw, (max-width: 1071px) 543px, 580px\" \/><\/figure>\n\n\n\n<p>Em dic Scarlet, tinc 14 anys, soc de Rep\u00fablica Dominicana i em considero una persona sincera i justa.<\/p>\n\n\n\n<figure class=\"wp-block-image size-large\"><img loading=\"lazy\" decoding=\"async\" width=\"768\" height=\"1024\" src=\"https:\/\/blocsenresidencia.bcn.cat\/trinitatnova2024\/wp-content\/uploads\/2023\/11\/20230921_132229-768x1024.jpg\" alt=\"\" class=\"wp-image-320\" srcset=\"https:\/\/blocsenresidencia.bcn.cat\/trinitatnova2024\/wp-content\/uploads\/2023\/11\/20230921_132229-768x1024.jpg 768w, https:\/\/blocsenresidencia.bcn.cat\/trinitatnova2024\/wp-content\/uploads\/2023\/11\/20230921_132229-225x300.jpg 225w, https:\/\/blocsenresidencia.bcn.cat\/trinitatnova2024\/wp-content\/uploads\/2023\/11\/20230921_132229-1152x1536.jpg 1152w, https:\/\/blocsenresidencia.bcn.cat\/trinitatnova2024\/wp-content\/uploads\/2023\/11\/20230921_132229-1536x2048.jpg 1536w, https:\/\/blocsenresidencia.bcn.cat\/trinitatnova2024\/wp-content\/uploads\/2023\/11\/20230921_132229-scaled.jpg 1920w\" sizes=\"auto, (max-width: 767px) 89vw, (max-width: 1000px) 54vw, (max-width: 1071px) 543px, 580px\" \/><\/figure>\n\n\n\n<p>Soc l\u2019Ana Paula tinc 15 anys, soc una nena amable, alegre i molt amorosa<\/p>\n\n\n\n<figure class=\"wp-block-image size-large\"><img loading=\"lazy\" decoding=\"async\" width=\"768\" height=\"1024\" src=\"https:\/\/blocsenresidencia.bcn.cat\/trinitatnova2024\/wp-content\/uploads\/2023\/11\/kevin-768x1024.jpg\" alt=\"\" class=\"wp-image-322\" srcset=\"https:\/\/blocsenresidencia.bcn.cat\/trinitatnova2024\/wp-content\/uploads\/2023\/11\/kevin-768x1024.jpg 768w, https:\/\/blocsenresidencia.bcn.cat\/trinitatnova2024\/wp-content\/uploads\/2023\/11\/kevin-225x300.jpg 225w, https:\/\/blocsenresidencia.bcn.cat\/trinitatnova2024\/wp-content\/uploads\/2023\/11\/kevin-1152x1536.jpg 1152w, https:\/\/blocsenresidencia.bcn.cat\/trinitatnova2024\/wp-content\/uploads\/2023\/11\/kevin-1536x2048.jpg 1536w, https:\/\/blocsenresidencia.bcn.cat\/trinitatnova2024\/wp-content\/uploads\/2023\/11\/kevin-scaled.jpg 1920w\" sizes=\"auto, (max-width: 767px) 89vw, (max-width: 1000px) 54vw, (max-width: 1071px) 543px, 580px\" \/><\/figure>\n\n\n\n<p>Jo soc Kevin, tinc 14 anys, soc una persona d\u2019estatura mitjana, porto ulleres, el cabell curt i s\u00f3c un nen nervi\u00f3s a vegades. En algunes situacions em mostro insegur amb mi mateix.<\/p>\n\n\n\n<figure class=\"wp-block-image size-large\"><img loading=\"lazy\" decoding=\"async\" width=\"768\" height=\"1024\" src=\"https:\/\/blocsenresidencia.bcn.cat\/trinitatnova2024\/wp-content\/uploads\/2023\/11\/Sara-768x1024.jpg\" alt=\"\" class=\"wp-image-325\" srcset=\"https:\/\/blocsenresidencia.bcn.cat\/trinitatnova2024\/wp-content\/uploads\/2023\/11\/Sara-768x1024.jpg 768w, https:\/\/blocsenresidencia.bcn.cat\/trinitatnova2024\/wp-content\/uploads\/2023\/11\/Sara-225x300.jpg 225w, https:\/\/blocsenresidencia.bcn.cat\/trinitatnova2024\/wp-content\/uploads\/2023\/11\/Sara-1152x1536.jpg 1152w, https:\/\/blocsenresidencia.bcn.cat\/trinitatnova2024\/wp-content\/uploads\/2023\/11\/Sara-1536x2048.jpg 1536w, https:\/\/blocsenresidencia.bcn.cat\/trinitatnova2024\/wp-content\/uploads\/2023\/11\/Sara-scaled.jpg 1920w\" sizes=\"auto, (max-width: 767px) 89vw, (max-width: 1000px) 54vw, (max-width: 1071px) 543px, 580px\" \/><\/figure>\n\n\n\n<p>Soc la Sara i em considero una persona sensible i riallera.<\/p>\n\n\n\n<figure class=\"wp-block-image size-large\"><img loading=\"lazy\" decoding=\"async\" width=\"768\" height=\"1024\" src=\"https:\/\/blocsenresidencia.bcn.cat\/trinitatnova2024\/wp-content\/uploads\/2023\/11\/Adriana-768x1024.jpg\" alt=\"\" class=\"wp-image-327\" srcset=\"https:\/\/blocsenresidencia.bcn.cat\/trinitatnova2024\/wp-content\/uploads\/2023\/11\/Adriana-768x1024.jpg 768w, https:\/\/blocsenresidencia.bcn.cat\/trinitatnova2024\/wp-content\/uploads\/2023\/11\/Adriana-225x300.jpg 225w, https:\/\/blocsenresidencia.bcn.cat\/trinitatnova2024\/wp-content\/uploads\/2023\/11\/Adriana-1152x1536.jpg 1152w, https:\/\/blocsenresidencia.bcn.cat\/trinitatnova2024\/wp-content\/uploads\/2023\/11\/Adriana-1536x2048.jpg 1536w, https:\/\/blocsenresidencia.bcn.cat\/trinitatnova2024\/wp-content\/uploads\/2023\/11\/Adriana-scaled.jpg 1920w\" sizes=\"auto, (max-width: 767px) 89vw, (max-width: 1000px) 54vw, (max-width: 1071px) 543px, 580px\" \/><\/figure>\n\n\n\n<p>Soc l\u2019Adriana i tinc 14 anys. Em considero una nena riallera i alegre i una miqueta divertida quan estic d\u2019humor.<\/p>\n\n\n\n<figure class=\"wp-block-image size-large\"><img loading=\"lazy\" decoding=\"async\" width=\"768\" height=\"1024\" src=\"https:\/\/blocsenresidencia.bcn.cat\/trinitatnova2024\/wp-content\/uploads\/2023\/11\/Randy-768x1024.jpg\" alt=\"\" class=\"wp-image-328\" srcset=\"https:\/\/blocsenresidencia.bcn.cat\/trinitatnova2024\/wp-content\/uploads\/2023\/11\/Randy-768x1024.jpg 768w, https:\/\/blocsenresidencia.bcn.cat\/trinitatnova2024\/wp-content\/uploads\/2023\/11\/Randy-225x300.jpg 225w, https:\/\/blocsenresidencia.bcn.cat\/trinitatnova2024\/wp-content\/uploads\/2023\/11\/Randy-1152x1536.jpg 1152w, https:\/\/blocsenresidencia.bcn.cat\/trinitatnova2024\/wp-content\/uploads\/2023\/11\/Randy-1536x2048.jpg 1536w, https:\/\/blocsenresidencia.bcn.cat\/trinitatnova2024\/wp-content\/uploads\/2023\/11\/Randy-scaled.jpg 1920w\" sizes=\"auto, (max-width: 767px) 89vw, (max-width: 1000px) 54vw, (max-width: 1071px) 543px, 580px\" \/><\/figure>\n\n\n\n<p>Soc en Randy, tinc 14 anys i soc amigable i molt divertit.<\/p>\n\n\n\n<p><\/p>\n","protected":false},"excerpt":{"rendered":"<p>Som els i les alumnes de 3r d&#8217;ESO de l&#8217;Institut Escola Trinitat Nova. Comencem el nostre proc\u00e9s de creaci\u00f3 dins del marc de l&#8217;optativa art\u00edstica del nostre itinerari acompanyat de l&#8217;escriptor i il\u00b7lustrador&nbsp;Pato&nbsp;Mena. El proc\u00e9s art\u00edstic tindr\u00e0 a veure amb la paraula i tamb\u00e9 amb la imatge, aix\u00ed que el primer que hem fet ha &hellip; <\/p>\n<p class=\"link-more\"><a href=\"https:\/\/blocsenresidencia.bcn.cat\/trinitatnova2024\/ens-presentem\/\" class=\"more-link\">Continua llegint <span class=\"screen-reader-text\">\u00abEns presentem\u00bb<\/span><\/a><\/p>\n","protected":false},"author":9,"featured_media":0,"comment_status":"open","ping_status":"open","sticky":false,"template":"","format":"standard","meta":{"footnotes":""},"categories":[1],"tags":[7,4,5,6],"class_list":["post-313","post","type-post","status-publish","format-standard","hentry","category-general","tag-3r-deso","tag-en-residencia","tag-institut-escola-trinitat-nova","tag-pato-mena"],"_links":{"self":[{"href":"https:\/\/blocsenresidencia.bcn.cat\/trinitatnova2024\/wp-json\/wp\/v2\/posts\/313","targetHints":{"allow":["GET"]}}],"collection":[{"href":"https:\/\/blocsenresidencia.bcn.cat\/trinitatnova2024\/wp-json\/wp\/v2\/posts"}],"about":[{"href":"https:\/\/blocsenresidencia.bcn.cat\/trinitatnova2024\/wp-json\/wp\/v2\/types\/post"}],"author":[{"embeddable":true,"href":"https:\/\/blocsenresidencia.bcn.cat\/trinitatnova2024\/wp-json\/wp\/v2\/users\/9"}],"replies":[{"embeddable":true,"href":"https:\/\/blocsenresidencia.bcn.cat\/trinitatnova2024\/wp-json\/wp\/v2\/comments?post=313"}],"version-history":[{"count":6,"href":"https:\/\/blocsenresidencia.bcn.cat\/trinitatnova2024\/wp-json\/wp\/v2\/posts\/313\/revisions"}],"predecessor-version":[{"id":329,"href":"https:\/\/blocsenresidencia.bcn.cat\/trinitatnova2024\/wp-json\/wp\/v2\/posts\/313\/revisions\/329"}],"wp:attachment":[{"href":"https:\/\/blocsenresidencia.bcn.cat\/trinitatnova2024\/wp-json\/wp\/v2\/media?parent=313"}],"wp:term":[{"taxonomy":"category","embeddable":true,"href":"https:\/\/blocsenresidencia.bcn.cat\/trinitatnova2024\/wp-json\/wp\/v2\/categories?post=313"},{"taxonomy":"post_tag","embeddable":true,"href":"https:\/\/blocsenresidencia.bcn.cat\/trinitatnova2024\/wp-json\/wp\/v2\/tags?post=313"}],"curies":[{"name":"wp","href":"https:\/\/api.w.org\/{rel}","templated":true}]}}