{"id":333,"date":"2023-12-11T22:26:34","date_gmt":"2023-12-11T20:26:34","guid":{"rendered":"https:\/\/blocsenresidencia.bcn.cat\/trinitatnova2024\/?p=333"},"modified":"2023-12-11T22:26:34","modified_gmt":"2023-12-11T20:26:34","slug":"primeres-impressions","status":"publish","type":"post","link":"https:\/\/blocsenresidencia.bcn.cat\/trinitatnova2024\/primeres-impressions\/","title":{"rendered":"Primeres impressions"},"content":{"rendered":"\n<p>Abans de comen\u00e7ar la primera trobada ten\u00edem molta curiositat de saber qu\u00e8 feia i com era el nostre artista:&nbsp;Pato&nbsp;Mena,&nbsp;escriptor&nbsp;i il\u00b7lustrador.<\/p>\n\n\n\n<p>Un dia abans vam buscar informaci\u00f3 sobre ell i la seva obra per poder preparar preguntes per fer-li. Despr\u00e9s de presentar-nos, vam fer moltes preguntes. Vam explicar qu\u00e8 f\u00e8iem a l&#8217;optativa i per quin motiu l&#8217;hav\u00edem&nbsp;triat. Ten\u00edem preguntes preparades que&nbsp;li vol\u00edem&nbsp;fer per saber m\u00e9s informaci\u00f3 i saber m\u00e9s de la seva vida, per exemple: com va comen\u00e7ar, com pensa per cada llibre, com ha apr\u00e8s a dibuixar&#8230; ell tamb\u00e9 tenia moltes preguntes per a nosaltres.<\/p>\n\n\n\n<p>Va ser una trobada molt bonica i interessant. En&nbsp;Pato&nbsp;ens va caure b\u00e9 perqu\u00e8 era amable i transmetia tranquil\u00b7litat. Ens va mostrar alguns dels seus llibres i ens va parlar de la seva vida.<\/p>\n\n\n\n<h2 class=\"wp-block-heading\">Una sessi\u00f3 amb en Pato&#8230;<\/h2>\n\n\n\n<p>Una de les primeres sessions que hem fet, ha estat explorar els l\u00edmits entre la infantesa i el pas a l&#8217;adolesc\u00e8ncia. Es tractava d&#8217;explicar coses sobre la nostra inf\u00e0ncia. El primer que vam fer, va ser una activitat guiada per en&nbsp;Pato. Primer va llegir un fragment de dos llibres diferents (un japon\u00e8s de poemes i un llibre infantil) per iniciar el cam\u00ed del record a la inf\u00e0ncia.<\/p>\n\n\n\n<p>Despr\u00e9s ens va demanar que dibuix\u00e9ssim algun objecte que ens record\u00e9s a la nostra inf\u00e0ncia. Ell anava dient paraules, per exemple pluja o cullera, i cada persona individualment havia d&#8217;escriure una experi\u00e8ncia de la infantesa que vinculen amb aquesta paraula concreta.<\/p>\n\n\n\n<p>A l&#8217;\u00faltima part de la sessi\u00f3, ens va deixar un espai per a escriure i bolcar sobre el paper tots els records que vinguessin al cap de la inf\u00e0ncia.<\/p>\n\n\n\n<p>Aquests s\u00f3n alguns fragments dels textos que vam fer:<\/p>\n\n\n\n<p><br>&#8220;Recordo quan de petita era mig diab\u00f2lica, o sigui, que tenia amics imaginaris&#8221;. (Adriana)<\/p>\n\n\n\n<p><br>&#8220;Recordo que una vegada la meva amiga que es diu&nbsp;Yalena&nbsp;em va oferir unes galetes Princesa caducades des de feia&nbsp;4&nbsp;anys&#8221;. (Yasmina)<\/p>\n\n\n\n<p><br>&#8220;Recordo quan vaig agafar un caragol i el vaig cremar&#8221;. (Sara)<\/p>\n\n\n\n<p><br>&#8220;Recordo quan cada divendres i cada cap de setmana, el meu pare i jo sort\u00edem a un camp de futbol de terra i an\u00e0vem a menjar, i despr\u00e9s el veia jugar a ell&#8221;. (Derek)<\/p>\n\n\n\n<p><br>&#8220;Recordo quan sortia al parc amb tots els meus amics i coneguda era l&#8217;\u00e8poca on era molt feli\u00e7. Va ser com una sortida del sol&nbsp;raro&nbsp;que veia una sola vegada a la meva vida. Quan tots eren nens i no&nbsp;pensavem&nbsp;en el dem\u00e0, nom\u00e9s en l&#8217;avui i en jugar, i en el que l&#8217;insult m\u00e9s gran era&nbsp;tonto&nbsp;i el regal m\u00e9s gran era un ou&nbsp;Kinder&#8221;. (Scarlet)<\/p>\n\n\n\n<p><br>&#8220;Me&#8217;n recordo de quan era petit i jo era molt hiperactiu, mai em quedava quiet. Era un nen que li agradava jugar al futbol i estar amb els meus amics. Tamb\u00e9 sempre volia molestar i estar amb la meva fam\u00edlia&#8221;. (Randy)<\/p>\n\n\n\n<p>&#8220;Recordo quan per fi tenia a la meva mare junt amb mi, i estava trista perqu\u00e8 sabia que el&nbsp;mes&nbsp;que venia tornaria a marxar. Recordo tamb\u00e9 quan vaig viatjar per primera vegada amb el meu germ\u00e0 i estava tan feli\u00e7 perqu\u00e8 per fi&nbsp;estaria amb&nbsp;la meva mare&#8221;. (Yanis)<\/p>\n\n\n\n<p><br>&#8220;Recordo quan era petita i em quedava enamorada de les llums i decoracions nadalenques. Em quedava tan embadalida que els meus pares&nbsp;flipaven&nbsp;al&nbsp;veure&#8217;m. Crec que all\u00e0 va ser quan es van adonar que ESTIMO&nbsp;Nadal&#8221;. (Aitana)<\/p>\n\n\n\n<p>&#8220;Recordo quan arribava de l&#8217;escola i menjava mentre veia la novel\u00b7la amb la meva mare&#8221;. (Ana Paula)<\/p>\n","protected":false},"excerpt":{"rendered":"<p>Abans de comen\u00e7ar la primera trobada ten\u00edem molta curiositat de saber qu\u00e8 feia i com era el nostre artista:&nbsp;Pato&nbsp;Mena,&nbsp;escriptor&nbsp;i il\u00b7lustrador. Un dia abans vam buscar informaci\u00f3 sobre ell i la seva obra per poder preparar preguntes per fer-li. Despr\u00e9s de presentar-nos, vam fer moltes preguntes. Vam explicar qu\u00e8 f\u00e8iem a l&#8217;optativa i per quin motiu &hellip; <\/p>\n<p class=\"link-more\"><a href=\"https:\/\/blocsenresidencia.bcn.cat\/trinitatnova2024\/primeres-impressions\/\" class=\"more-link\">Continua llegint <span class=\"screen-reader-text\">\u00abPrimeres impressions\u00bb<\/span><\/a><\/p>\n","protected":false},"author":9,"featured_media":0,"comment_status":"open","ping_status":"open","sticky":false,"template":"","format":"standard","meta":{"footnotes":""},"categories":[1],"tags":[7,4,5,6],"class_list":["post-333","post","type-post","status-publish","format-standard","hentry","category-general","tag-3r-deso","tag-en-residencia","tag-institut-escola-trinitat-nova","tag-pato-mena"],"_links":{"self":[{"href":"https:\/\/blocsenresidencia.bcn.cat\/trinitatnova2024\/wp-json\/wp\/v2\/posts\/333","targetHints":{"allow":["GET"]}}],"collection":[{"href":"https:\/\/blocsenresidencia.bcn.cat\/trinitatnova2024\/wp-json\/wp\/v2\/posts"}],"about":[{"href":"https:\/\/blocsenresidencia.bcn.cat\/trinitatnova2024\/wp-json\/wp\/v2\/types\/post"}],"author":[{"embeddable":true,"href":"https:\/\/blocsenresidencia.bcn.cat\/trinitatnova2024\/wp-json\/wp\/v2\/users\/9"}],"replies":[{"embeddable":true,"href":"https:\/\/blocsenresidencia.bcn.cat\/trinitatnova2024\/wp-json\/wp\/v2\/comments?post=333"}],"version-history":[{"count":6,"href":"https:\/\/blocsenresidencia.bcn.cat\/trinitatnova2024\/wp-json\/wp\/v2\/posts\/333\/revisions"}],"predecessor-version":[{"id":340,"href":"https:\/\/blocsenresidencia.bcn.cat\/trinitatnova2024\/wp-json\/wp\/v2\/posts\/333\/revisions\/340"}],"wp:attachment":[{"href":"https:\/\/blocsenresidencia.bcn.cat\/trinitatnova2024\/wp-json\/wp\/v2\/media?parent=333"}],"wp:term":[{"taxonomy":"category","embeddable":true,"href":"https:\/\/blocsenresidencia.bcn.cat\/trinitatnova2024\/wp-json\/wp\/v2\/categories?post=333"},{"taxonomy":"post_tag","embeddable":true,"href":"https:\/\/blocsenresidencia.bcn.cat\/trinitatnova2024\/wp-json\/wp\/v2\/tags?post=333"}],"curies":[{"name":"wp","href":"https:\/\/api.w.org\/{rel}","templated":true}]}}