{"id":365,"date":"2024-01-24T10:17:26","date_gmt":"2024-01-24T08:17:26","guid":{"rendered":"https:\/\/blocsenresidencia.bcn.cat\/trinitatnova2024\/?p=365"},"modified":"2024-01-24T10:53:44","modified_gmt":"2024-01-24T08:53:44","slug":"els-misteris-del-senyor-burdick","status":"publish","type":"post","link":"https:\/\/blocsenresidencia.bcn.cat\/trinitatnova2024\/els-misteris-del-senyor-burdick\/","title":{"rendered":"Els misteris del senyor Burdick"},"content":{"rendered":"\n<p>En&nbsp;Pato&nbsp;ens va llegir aquests dos&nbsp;poemes&nbsp;del llibre El&nbsp;alma&nbsp;de&nbsp;las&nbsp;flores de&nbsp;Kaneko&nbsp;Misuzu.<\/p>\n\n\n\n<p>ERES UN ECO<\/p>\n\n\n\n<p>Si&nbsp;digo&nbsp;&#8220;\u00bfVamos&nbsp;a jugar?&#8221;,<br>dices&nbsp;&#8220;Vamos&nbsp;a jugar&#8221;.<\/p>\n\n\n\n<p>Si&nbsp;digo&nbsp;&#8220;\u00a1Tonto!&#8221;,<br>dices&nbsp;&#8220;Tonto&#8221;.<\/p>\n\n\n\n<p>Si&nbsp;digo&nbsp;&#8220;\u00a1No&nbsp;quiero&nbsp;seguir&nbsp;jugando!&#8221;,<br>dices&nbsp;&#8220;No&nbsp;quiero&nbsp;seguir&nbsp;jugando&#8221;.<\/p>\n\n\n\n<p>Luego, me&nbsp;siento&nbsp;sola.<\/p>\n\n\n\n<p>Digo&nbsp;&#8220;Lo&nbsp;siento&#8221;,<br>dices&nbsp;&#8220;Lo&nbsp;siento&#8221;.<\/p>\n\n\n\n<p>\u00bfEres un eco?<br>No, eres&nbsp;todo&nbsp;el&nbsp;mundo.<\/p>\n\n\n\n<p>Aquest poema&nbsp;es va&nbsp;utilitzar&nbsp;al Jap\u00f3&nbsp;per aixecar l&#8217;\u00e0nim de la poblaci\u00f3 despr\u00e9s del desastre de Fukushima.<\/p>\n\n\n\n<figure class=\"wp-block-image size-large is-resized\"><img loading=\"lazy\" decoding=\"async\" width=\"768\" height=\"1024\" src=\"https:\/\/blocsenresidencia.bcn.cat\/trinitatnova2024\/wp-content\/uploads\/2024\/01\/IMG20231214124922-768x1024.jpg\" alt=\"\" class=\"wp-image-366\" style=\"width:180px;height:auto\" srcset=\"https:\/\/blocsenresidencia.bcn.cat\/trinitatnova2024\/wp-content\/uploads\/2024\/01\/IMG20231214124922-768x1024.jpg 768w, https:\/\/blocsenresidencia.bcn.cat\/trinitatnova2024\/wp-content\/uploads\/2024\/01\/IMG20231214124922-225x300.jpg 225w, https:\/\/blocsenresidencia.bcn.cat\/trinitatnova2024\/wp-content\/uploads\/2024\/01\/IMG20231214124922-1152x1536.jpg 1152w, https:\/\/blocsenresidencia.bcn.cat\/trinitatnova2024\/wp-content\/uploads\/2024\/01\/IMG20231214124922-1536x2048.jpg 1536w, https:\/\/blocsenresidencia.bcn.cat\/trinitatnova2024\/wp-content\/uploads\/2024\/01\/IMG20231214124922-scaled.jpg 1920w\" sizes=\"auto, (max-width: 767px) 89vw, (max-width: 1000px) 54vw, (max-width: 1071px) 543px, 580px\" \/><\/figure>\n\n\n\n<p>UNA&nbsp;ABEJA, UN&nbsp;DIOS<\/p>\n\n\n\n<p>La abeja\u00a0esta\u00a0en la flor,<br>la flor en el\u00a0jard\u00edn,<br>el\u00a0jard\u00edn\u00a0rodeado\u00a0por el muro,<br>el muro en la\u00a0ciudad,<br>la\u00a0ciudad\u00a0en\u00a0Jap\u00f3n,<br>Jap\u00f3n\u00a0en el\u00a0mundo,<br>el mundo en\u00a0Dios.<\/p>\n\n\n\n<p>Y&#8230;&nbsp;y&nbsp;Dios,<br>en la&nbsp;peque\u00f1a&nbsp;abeja.<\/p>\n\n\n\n<p>Aquest poema&nbsp;\u00e9s&nbsp;circular&nbsp;perqu\u00e8&nbsp;tot&nbsp;s&#8217;uneix&nbsp;i acaba on comen\u00e7a.<\/p>\n\n\n\n<figure class=\"wp-block-image size-full is-resized\"><img loading=\"lazy\" decoding=\"async\" width=\"788\" height=\"1000\" src=\"https:\/\/blocsenresidencia.bcn.cat\/trinitatnova2024\/wp-content\/uploads\/2024\/01\/516I6HhzIAL._AC_UF10001000_QL80_.jpg\" alt=\"\" class=\"wp-image-368\" style=\"width:203px;height:auto\" srcset=\"https:\/\/blocsenresidencia.bcn.cat\/trinitatnova2024\/wp-content\/uploads\/2024\/01\/516I6HhzIAL._AC_UF10001000_QL80_.jpg 788w, https:\/\/blocsenresidencia.bcn.cat\/trinitatnova2024\/wp-content\/uploads\/2024\/01\/516I6HhzIAL._AC_UF10001000_QL80_-236x300.jpg 236w, https:\/\/blocsenresidencia.bcn.cat\/trinitatnova2024\/wp-content\/uploads\/2024\/01\/516I6HhzIAL._AC_UF10001000_QL80_-768x975.jpg 768w\" sizes=\"auto, (max-width: 767px) 89vw, (max-width: 1000px) 54vw, (max-width: 1071px) 543px, 580px\" \/><\/figure>\n\n\n\n<figure class=\"wp-block-image size-full is-resized\"><img loading=\"lazy\" decoding=\"async\" width=\"259\" height=\"194\" src=\"https:\/\/blocsenresidencia.bcn.cat\/trinitatnova2024\/wp-content\/uploads\/2024\/01\/img-1.jpg\" alt=\"\" class=\"wp-image-377\" style=\"width:436px;height:auto\"\/><\/figure>\n\n\n\n<p><\/p>\n\n\n\n<p>Aquesta setmana la proposta del\u00a0Pato\u00a0Mena ha sigut que f\u00e9ssim un dibuix amb una breu hist\u00f2ria (microrelat), on el lector ha de posar en marxa la seva imaginaci\u00f3. Ho podem fer de\u00a0dos\u00a0maneres, una \u00e9s dibuixar i despr\u00e9s escriure una breu hist\u00f2ria i l&#8217;altra \u00e9s posant a la imaginaci\u00f3 la frase i\u00a0despr\u00e9s\u00a0el dibuix.<br>Per inspirar-nos en\u00a0Pato\u00a0ens va ensenyar un llibre que es diu\u00a0&#8221;\u00a0Los\u00a0misteri\u00f3s\u00a0del\u00a0senyor\u00a0Burdick&#8221;,\u00a0de\u00a0l&#8217;autor\u00a0Chris\u00a0van\u00a0Allsburg.<\/p>\n\n\n\n<p>Ens ha ensenyat el llibre i hem&nbsp;compartir&nbsp;les sensacions que ens donen els dibuixos,&nbsp;despr\u00e9s&nbsp;ho hem fet nosaltres.<\/p>\n\n\n\n<p>En Kevin,\u00a0alumne de 3r d&#8217;ESO\u00a0que fa\u00a0\u00a0l&#8217;optativa\u00a0explica: &#8220;Vaig comen\u00e7ar fent el dibuix i\u00a0despr\u00e9s\u00a0vaig pensar la frase. Em\u00a0va resultar\u00a0f\u00e0cil\u00a0perqu\u00e8\u00a0ho tenia tot ben\u00a0pensat&#8221;.<\/p>\n\n\n\n<p>L&#8217;Ana\u00a0Paula, alumna de 3r\u00a0ESO\u00a0que fa\u00a0l&#8217;optativa\u00a0explica: &#8221;\u00a0Vaig comen\u00e7ar a fer el dibuix i\u00a0despr\u00e9s\u00a0vaig fer la frase. Em va costar m\u00e9s fer la frase, perqu\u00e8 havia de tenir\u00a0algun\u00a0element inquietant, que cre\u00e9s dubte, en\u00a0Pato\u00a0em va\u00a0ajudar&#8221;.<\/p>\n\n\n\n<p>Un cop acabats els dibuixos els hem ensenyat i hem comentat les creacions de cadasc\u00fa<\/p>\n\n\n\n<p>Ens va semblar curi\u00f3s perqu\u00e8&nbsp;alguns eren&nbsp;molt originals i estranys.<\/p>\n\n\n<div class=\"wp-block-image\">\n<figure class=\"aligncenter size-large is-resized\"><img loading=\"lazy\" decoding=\"async\" width=\"1024\" height=\"768\" src=\"https:\/\/blocsenresidencia.bcn.cat\/trinitatnova2024\/wp-content\/uploads\/2024\/01\/IMG20240111120901-1024x768.jpg\" alt=\"\" class=\"wp-image-369\" style=\"width:292px;height:auto\" srcset=\"https:\/\/blocsenresidencia.bcn.cat\/trinitatnova2024\/wp-content\/uploads\/2024\/01\/IMG20240111120901-1024x768.jpg 1024w, https:\/\/blocsenresidencia.bcn.cat\/trinitatnova2024\/wp-content\/uploads\/2024\/01\/IMG20240111120901-300x225.jpg 300w, https:\/\/blocsenresidencia.bcn.cat\/trinitatnova2024\/wp-content\/uploads\/2024\/01\/IMG20240111120901-768x576.jpg 768w, https:\/\/blocsenresidencia.bcn.cat\/trinitatnova2024\/wp-content\/uploads\/2024\/01\/IMG20240111120901-1536x1152.jpg 1536w, https:\/\/blocsenresidencia.bcn.cat\/trinitatnova2024\/wp-content\/uploads\/2024\/01\/IMG20240111120901-2048x1536.jpg 2048w\" sizes=\"auto, (max-width: 767px) 89vw, (max-width: 1000px) 54vw, (max-width: 1071px) 543px, 580px\" \/><\/figure><\/div>\n\n<div class=\"wp-block-image\">\n<figure class=\"aligncenter size-large is-resized\"><img loading=\"lazy\" decoding=\"async\" width=\"1024\" height=\"768\" src=\"https:\/\/blocsenresidencia.bcn.cat\/trinitatnova2024\/wp-content\/uploads\/2024\/01\/IMG20240111120920-1-1024x768.jpg\" alt=\"\" class=\"wp-image-371\" style=\"width:292px;height:auto\" srcset=\"https:\/\/blocsenresidencia.bcn.cat\/trinitatnova2024\/wp-content\/uploads\/2024\/01\/IMG20240111120920-1-1024x768.jpg 1024w, https:\/\/blocsenresidencia.bcn.cat\/trinitatnova2024\/wp-content\/uploads\/2024\/01\/IMG20240111120920-1-300x225.jpg 300w, https:\/\/blocsenresidencia.bcn.cat\/trinitatnova2024\/wp-content\/uploads\/2024\/01\/IMG20240111120920-1-768x576.jpg 768w, https:\/\/blocsenresidencia.bcn.cat\/trinitatnova2024\/wp-content\/uploads\/2024\/01\/IMG20240111120920-1-1536x1152.jpg 1536w, https:\/\/blocsenresidencia.bcn.cat\/trinitatnova2024\/wp-content\/uploads\/2024\/01\/IMG20240111120920-1-2048x1536.jpg 2048w\" sizes=\"auto, (max-width: 767px) 89vw, (max-width: 1000px) 54vw, (max-width: 1071px) 543px, 580px\" \/><\/figure><\/div>\n\n<div class=\"wp-block-image\">\n<figure class=\"aligncenter size-large is-resized\"><img loading=\"lazy\" decoding=\"async\" width=\"1024\" height=\"768\" src=\"https:\/\/blocsenresidencia.bcn.cat\/trinitatnova2024\/wp-content\/uploads\/2024\/01\/IMG20240111121007-1024x768.jpg\" alt=\"\" class=\"wp-image-372\" style=\"width:293px;height:auto\" srcset=\"https:\/\/blocsenresidencia.bcn.cat\/trinitatnova2024\/wp-content\/uploads\/2024\/01\/IMG20240111121007-1024x768.jpg 1024w, https:\/\/blocsenresidencia.bcn.cat\/trinitatnova2024\/wp-content\/uploads\/2024\/01\/IMG20240111121007-300x225.jpg 300w, https:\/\/blocsenresidencia.bcn.cat\/trinitatnova2024\/wp-content\/uploads\/2024\/01\/IMG20240111121007-768x576.jpg 768w, https:\/\/blocsenresidencia.bcn.cat\/trinitatnova2024\/wp-content\/uploads\/2024\/01\/IMG20240111121007-1536x1152.jpg 1536w, https:\/\/blocsenresidencia.bcn.cat\/trinitatnova2024\/wp-content\/uploads\/2024\/01\/IMG20240111121007-2048x1536.jpg 2048w\" sizes=\"auto, (max-width: 767px) 89vw, (max-width: 1000px) 54vw, (max-width: 1071px) 543px, 580px\" \/><\/figure><\/div>\n\n<div class=\"wp-block-image\">\n<figure class=\"aligncenter size-large is-resized\"><img loading=\"lazy\" decoding=\"async\" width=\"1024\" height=\"768\" src=\"https:\/\/blocsenresidencia.bcn.cat\/trinitatnova2024\/wp-content\/uploads\/2024\/01\/IMG20240111121753-1024x768.jpg\" alt=\"\" class=\"wp-image-373\" style=\"width:293px;height:auto\" srcset=\"https:\/\/blocsenresidencia.bcn.cat\/trinitatnova2024\/wp-content\/uploads\/2024\/01\/IMG20240111121753-1024x768.jpg 1024w, https:\/\/blocsenresidencia.bcn.cat\/trinitatnova2024\/wp-content\/uploads\/2024\/01\/IMG20240111121753-300x225.jpg 300w, https:\/\/blocsenresidencia.bcn.cat\/trinitatnova2024\/wp-content\/uploads\/2024\/01\/IMG20240111121753-768x576.jpg 768w, https:\/\/blocsenresidencia.bcn.cat\/trinitatnova2024\/wp-content\/uploads\/2024\/01\/IMG20240111121753-1536x1152.jpg 1536w, https:\/\/blocsenresidencia.bcn.cat\/trinitatnova2024\/wp-content\/uploads\/2024\/01\/IMG20240111121753-2048x1536.jpg 2048w\" sizes=\"auto, (max-width: 767px) 89vw, (max-width: 1000px) 54vw, (max-width: 1071px) 543px, 580px\" \/><\/figure><\/div>\n\n<div class=\"wp-block-image\">\n<figure class=\"aligncenter size-large is-resized\"><img loading=\"lazy\" decoding=\"async\" width=\"1024\" height=\"768\" src=\"https:\/\/blocsenresidencia.bcn.cat\/trinitatnova2024\/wp-content\/uploads\/2024\/01\/IMG20240111124936-1024x768.jpg\" alt=\"\" class=\"wp-image-375\" style=\"width:293px;height:auto\" srcset=\"https:\/\/blocsenresidencia.bcn.cat\/trinitatnova2024\/wp-content\/uploads\/2024\/01\/IMG20240111124936-1024x768.jpg 1024w, https:\/\/blocsenresidencia.bcn.cat\/trinitatnova2024\/wp-content\/uploads\/2024\/01\/IMG20240111124936-300x225.jpg 300w, https:\/\/blocsenresidencia.bcn.cat\/trinitatnova2024\/wp-content\/uploads\/2024\/01\/IMG20240111124936-768x576.jpg 768w, https:\/\/blocsenresidencia.bcn.cat\/trinitatnova2024\/wp-content\/uploads\/2024\/01\/IMG20240111124936-1536x1152.jpg 1536w, https:\/\/blocsenresidencia.bcn.cat\/trinitatnova2024\/wp-content\/uploads\/2024\/01\/IMG20240111124936-2048x1536.jpg 2048w\" sizes=\"auto, (max-width: 767px) 89vw, (max-width: 1000px) 54vw, (max-width: 1071px) 543px, 580px\" \/><\/figure><\/div>","protected":false},"excerpt":{"rendered":"<p>En&nbsp;Pato&nbsp;ens va llegir aquests dos&nbsp;poemes&nbsp;del llibre El&nbsp;alma&nbsp;de&nbsp;las&nbsp;flores de&nbsp;Kaneko&nbsp;Misuzu. ERES UN ECO Si&nbsp;digo&nbsp;&#8220;\u00bfVamos&nbsp;a jugar?&#8221;,dices&nbsp;&#8220;Vamos&nbsp;a jugar&#8221;. Si&nbsp;digo&nbsp;&#8220;\u00a1Tonto!&#8221;,dices&nbsp;&#8220;Tonto&#8221;. Si&nbsp;digo&nbsp;&#8220;\u00a1No&nbsp;quiero&nbsp;seguir&nbsp;jugando!&#8221;,dices&nbsp;&#8220;No&nbsp;quiero&nbsp;seguir&nbsp;jugando&#8221;. Luego, me&nbsp;siento&nbsp;sola. Digo&nbsp;&#8220;Lo&nbsp;siento&#8221;,dices&nbsp;&#8220;Lo&nbsp;siento&#8221;. \u00bfEres un eco?No, eres&nbsp;todo&nbsp;el&nbsp;mundo. Aquest poema&nbsp;es va&nbsp;utilitzar&nbsp;al Jap\u00f3&nbsp;per aixecar l&#8217;\u00e0nim de la poblaci\u00f3 despr\u00e9s del desastre de Fukushima. UNA&nbsp;ABEJA, UN&nbsp;DIOS La abeja\u00a0esta\u00a0en la flor,la flor en el\u00a0jard\u00edn,el\u00a0jard\u00edn\u00a0rodeado\u00a0por el muro,el muro en la\u00a0ciudad,la\u00a0ciudad\u00a0en\u00a0Jap\u00f3n,Jap\u00f3n\u00a0en el\u00a0mundo,el mundo en\u00a0Dios. Y&#8230;&nbsp;y&nbsp;Dios,en &hellip; <\/p>\n<p class=\"link-more\"><a href=\"https:\/\/blocsenresidencia.bcn.cat\/trinitatnova2024\/els-misteris-del-senyor-burdick\/\" class=\"more-link\">Continua llegint <span class=\"screen-reader-text\">\u00abEls misteris del senyor Burdick\u00bb<\/span><\/a><\/p>\n","protected":false},"author":9,"featured_media":0,"comment_status":"open","ping_status":"open","sticky":false,"template":"","format":"standard","meta":{"footnotes":""},"categories":[1],"tags":[7,4,5,6],"class_list":["post-365","post","type-post","status-publish","format-standard","hentry","category-general","tag-3r-deso","tag-en-residencia","tag-institut-escola-trinitat-nova","tag-pato-mena"],"_links":{"self":[{"href":"https:\/\/blocsenresidencia.bcn.cat\/trinitatnova2024\/wp-json\/wp\/v2\/posts\/365","targetHints":{"allow":["GET"]}}],"collection":[{"href":"https:\/\/blocsenresidencia.bcn.cat\/trinitatnova2024\/wp-json\/wp\/v2\/posts"}],"about":[{"href":"https:\/\/blocsenresidencia.bcn.cat\/trinitatnova2024\/wp-json\/wp\/v2\/types\/post"}],"author":[{"embeddable":true,"href":"https:\/\/blocsenresidencia.bcn.cat\/trinitatnova2024\/wp-json\/wp\/v2\/users\/9"}],"replies":[{"embeddable":true,"href":"https:\/\/blocsenresidencia.bcn.cat\/trinitatnova2024\/wp-json\/wp\/v2\/comments?post=365"}],"version-history":[{"count":7,"href":"https:\/\/blocsenresidencia.bcn.cat\/trinitatnova2024\/wp-json\/wp\/v2\/posts\/365\/revisions"}],"predecessor-version":[{"id":383,"href":"https:\/\/blocsenresidencia.bcn.cat\/trinitatnova2024\/wp-json\/wp\/v2\/posts\/365\/revisions\/383"}],"wp:attachment":[{"href":"https:\/\/blocsenresidencia.bcn.cat\/trinitatnova2024\/wp-json\/wp\/v2\/media?parent=365"}],"wp:term":[{"taxonomy":"category","embeddable":true,"href":"https:\/\/blocsenresidencia.bcn.cat\/trinitatnova2024\/wp-json\/wp\/v2\/categories?post=365"},{"taxonomy":"post_tag","embeddable":true,"href":"https:\/\/blocsenresidencia.bcn.cat\/trinitatnova2024\/wp-json\/wp\/v2\/tags?post=365"}],"curies":[{"name":"wp","href":"https:\/\/api.w.org\/{rel}","templated":true}]}}