{"id":402,"date":"2024-04-22T18:55:41","date_gmt":"2024-04-22T16:55:41","guid":{"rendered":"https:\/\/blocsenresidencia.bcn.cat\/trinitatnova2024\/?p=402"},"modified":"2024-04-22T18:55:41","modified_gmt":"2024-04-22T16:55:41","slug":"la-sessio-oberta","status":"publish","type":"post","link":"https:\/\/blocsenresidencia.bcn.cat\/trinitatnova2024\/la-sessio-oberta\/","title":{"rendered":"La Sessi\u00f3 Oberta"},"content":{"rendered":"\n<h2 class=\"wp-block-heading\">El passat 29 de febrer vam fer la sessi\u00f3 oberta d&#8217;En Residencia per al professorat de l&#8217;Institut Escola Trinitat Nova. Ho vam preparar amb molta estima i va ser tot un \u00e8xit!<\/h2>\n\n\n\n<figure class=\"wp-block-gallery has-nested-images columns-default is-cropped wp-block-gallery-1 is-layout-flex wp-block-gallery-is-layout-flex\">\n<figure class=\"wp-block-image size-large\"><img loading=\"lazy\" decoding=\"async\" width=\"1024\" height=\"682\" data-id=\"410\" src=\"https:\/\/blocsenresidencia.bcn.cat\/trinitatnova2024\/wp-content\/uploads\/2024\/04\/29_02_24_presentacio_oberta_20-1-1024x682.jpeg\" alt=\"\" class=\"wp-image-410\" srcset=\"https:\/\/blocsenresidencia.bcn.cat\/trinitatnova2024\/wp-content\/uploads\/2024\/04\/29_02_24_presentacio_oberta_20-1-1024x682.jpeg 1024w, https:\/\/blocsenresidencia.bcn.cat\/trinitatnova2024\/wp-content\/uploads\/2024\/04\/29_02_24_presentacio_oberta_20-1-300x200.jpeg 300w, https:\/\/blocsenresidencia.bcn.cat\/trinitatnova2024\/wp-content\/uploads\/2024\/04\/29_02_24_presentacio_oberta_20-1-768x511.jpeg 768w, https:\/\/blocsenresidencia.bcn.cat\/trinitatnova2024\/wp-content\/uploads\/2024\/04\/29_02_24_presentacio_oberta_20-1-1536x1022.jpeg 1536w, https:\/\/blocsenresidencia.bcn.cat\/trinitatnova2024\/wp-content\/uploads\/2024\/04\/29_02_24_presentacio_oberta_20-1-2048x1363.jpeg 2048w\" sizes=\"auto, (max-width: 767px) 89vw, (max-width: 1000px) 54vw, (max-width: 1071px) 543px, 580px\" \/><\/figure>\n\n\n\n<figure class=\"wp-block-image size-large\"><img loading=\"lazy\" decoding=\"async\" width=\"1024\" height=\"685\" data-id=\"409\" src=\"https:\/\/blocsenresidencia.bcn.cat\/trinitatnova2024\/wp-content\/uploads\/2024\/04\/29_02_24_presentacio_oberta_25-1-1024x685.jpeg\" alt=\"\" class=\"wp-image-409\" srcset=\"https:\/\/blocsenresidencia.bcn.cat\/trinitatnova2024\/wp-content\/uploads\/2024\/04\/29_02_24_presentacio_oberta_25-1-1024x685.jpeg 1024w, https:\/\/blocsenresidencia.bcn.cat\/trinitatnova2024\/wp-content\/uploads\/2024\/04\/29_02_24_presentacio_oberta_25-1-300x201.jpeg 300w, https:\/\/blocsenresidencia.bcn.cat\/trinitatnova2024\/wp-content\/uploads\/2024\/04\/29_02_24_presentacio_oberta_25-1-768x514.jpeg 768w, https:\/\/blocsenresidencia.bcn.cat\/trinitatnova2024\/wp-content\/uploads\/2024\/04\/29_02_24_presentacio_oberta_25-1-1536x1028.jpeg 1536w, https:\/\/blocsenresidencia.bcn.cat\/trinitatnova2024\/wp-content\/uploads\/2024\/04\/29_02_24_presentacio_oberta_25-1-2048x1371.jpeg 2048w\" sizes=\"auto, (max-width: 767px) 89vw, (max-width: 1000px) 54vw, (max-width: 1071px) 543px, 580px\" \/><\/figure>\n<\/figure>\n\n\n\n<p>Dues classes abans, vam comen\u00e7ar a preparar el que vol\u00edem fer, com per exemple la cronologia del dia, com comen\u00e7ar i com acabar. Vam fer 4 grups i ens vam repartir les tasques de les quals ser\u00edem responsables. Un grup feia la part de teatre, un altre feien les cartes per convidar al professorat, un altre faria el gui\u00f3 de la sessi\u00f3, i per acabar els que havien de triar els treballs que formarien part de l&#8217;exposici\u00f3.<\/p>\n\n\n\n<p>Va ser molt divertit estar tots a la classe fent el que ens agradava i amb emoci\u00f3 de, per fi, mostrar tot el que hav\u00edem fet a classe.<\/p>\n\n\n\n<p>Vam fer cartes d&#8217;invitaci\u00f3 per al professorat. Les vam dissenyar amb Canva, i vam decidir que vol\u00edem que tingu\u00e9s un aire &#8220;Vintage&#8221;. El sobre tamb\u00e9 havia de ser del mateix estil. Al principi no ens decid\u00edem si convidar al professorat amb una nota d&#8217;agenda o una carta com antiga, i despr\u00e9s de pensar-ho b\u00e9 i se&#8217;ns va acudir barrejar les dues propostes amb un sobre que tingu\u00e9s el tema d&#8217;antic i la nota de l&#8217;agenda per\u00f2 d&#8217;un color fosc.<\/p>\n\n\n\n<figure class=\"wp-block-gallery has-nested-images columns-default is-cropped wp-block-gallery-2 is-layout-flex wp-block-gallery-is-layout-flex\">\n<figure class=\"wp-block-image size-large\"><img loading=\"lazy\" decoding=\"async\" width=\"1024\" height=\"768\" data-id=\"407\" src=\"https:\/\/blocsenresidencia.bcn.cat\/trinitatnova2024\/wp-content\/uploads\/2024\/04\/sobres-sessio-oberta-2-1-1024x768.jpeg\" alt=\"\" class=\"wp-image-407\" srcset=\"https:\/\/blocsenresidencia.bcn.cat\/trinitatnova2024\/wp-content\/uploads\/2024\/04\/sobres-sessio-oberta-2-1-1024x768.jpeg 1024w, https:\/\/blocsenresidencia.bcn.cat\/trinitatnova2024\/wp-content\/uploads\/2024\/04\/sobres-sessio-oberta-2-1-300x225.jpeg 300w, https:\/\/blocsenresidencia.bcn.cat\/trinitatnova2024\/wp-content\/uploads\/2024\/04\/sobres-sessio-oberta-2-1-768x576.jpeg 768w, https:\/\/blocsenresidencia.bcn.cat\/trinitatnova2024\/wp-content\/uploads\/2024\/04\/sobres-sessio-oberta-2-1-1536x1152.jpeg 1536w, https:\/\/blocsenresidencia.bcn.cat\/trinitatnova2024\/wp-content\/uploads\/2024\/04\/sobres-sessio-oberta-2-1-2048x1536.jpeg 2048w\" sizes=\"auto, (max-width: 767px) 89vw, (max-width: 1000px) 54vw, (max-width: 1071px) 543px, 580px\" \/><figcaption class=\"wp-element-caption\">oplus_2<\/figcaption><\/figure>\n\n\n\n<figure class=\"wp-block-image size-large\"><img loading=\"lazy\" decoding=\"async\" width=\"1024\" height=\"768\" data-id=\"408\" src=\"https:\/\/blocsenresidencia.bcn.cat\/trinitatnova2024\/wp-content\/uploads\/2024\/04\/sobres-sessio-oberta-1-1024x768.jpeg\" alt=\"\" class=\"wp-image-408\" srcset=\"https:\/\/blocsenresidencia.bcn.cat\/trinitatnova2024\/wp-content\/uploads\/2024\/04\/sobres-sessio-oberta-1-1024x768.jpeg 1024w, https:\/\/blocsenresidencia.bcn.cat\/trinitatnova2024\/wp-content\/uploads\/2024\/04\/sobres-sessio-oberta-1-300x225.jpeg 300w, https:\/\/blocsenresidencia.bcn.cat\/trinitatnova2024\/wp-content\/uploads\/2024\/04\/sobres-sessio-oberta-1-768x576.jpeg 768w, https:\/\/blocsenresidencia.bcn.cat\/trinitatnova2024\/wp-content\/uploads\/2024\/04\/sobres-sessio-oberta-1-1536x1152.jpeg 1536w, https:\/\/blocsenresidencia.bcn.cat\/trinitatnova2024\/wp-content\/uploads\/2024\/04\/sobres-sessio-oberta-1-2048x1536.jpeg 2048w\" sizes=\"auto, (max-width: 767px) 89vw, (max-width: 1000px) 54vw, (max-width: 1071px) 543px, 580px\" \/><figcaption class=\"wp-element-caption\">oplus_2<\/figcaption><\/figure>\n<\/figure>\n\n\n\n<p>Les persones que feien el gui\u00f3, el teatre i preparaven el material tamb\u00e9 tenien molta feina, ja que van haver d&#8217;assajar molt.<\/p>\n\n\n\n<p>La Gissel, una alumna de l&#8217;optativa explica: A l&#8217;hora del teatre est\u00e0vem tots nerviosos, de fet era la meva primera vegada a l&#8217;optativa de resid\u00e8ncia. L&#8217;obra anava de teories de com es va crear l&#8217;Institut Escola Trinitat Nova, vam assajar diverses vegades abans de la presentaci\u00f3. Quan va arribar l&#8217;hora de la presentaci\u00f3, tots est\u00e0vem tensos, per\u00f2 amb moltes ganes de comen\u00e7ar. Cada professor es va asseure a la cadira i ja vam estar a punt per comen\u00e7ar. L&#8217;obra va anar molt b\u00e9 i ens van demanar que la repet\u00edssim per al dia de Sant Jordi i ens va fer molta il\u00b7lusi\u00f3!<\/p>\n\n\n\n<p>Despr\u00e9s, va arribar el moment de l&#8217;activitat amb els professors. Els vam demanar que escriguessin la seva pitjor entremaliadura de petits. Havia de ser totalment an\u00f2nima, i el professorat es va animar molt r\u00e0pidament a participar. Una de les entremaliadures que vaig llegir va ser: que un cop s&#8217;havia escapat a un poble i va arribar l&#8217;endem\u00e0 a casa seva. Aquesta va ser d&#8217;una de moltes. Despr\u00e9s d&#8217;acabar d&#8217;escriure la seva malifeta la vam llegir, \u00e9s clar, sense dir noms.<\/p>\n\n\n\n<p>L&#8217;\u00faltima part la vam dedicar a respondre dubtes dels professors. Vam acabar presentant-nos i agraint-los per haver participat.<\/p>\n\n\n\n<p>Despr\u00e9s de totes les emocions, ja era hora de dinar, de fer un descans, i xerrar de com havia anat. Vam menjar i xerrar, i tot va estar realment molt b\u00e9. Per ser el meu primer dia va estar realment b\u00e9.<\/p>\n\n\n\n<figure class=\"wp-block-gallery has-nested-images columns-default is-cropped wp-block-gallery-3 is-layout-flex wp-block-gallery-is-layout-flex\">\n<figure class=\"wp-block-image size-medium\"><img loading=\"lazy\" decoding=\"async\" width=\"300\" height=\"200\" data-id=\"429\" src=\"https:\/\/blocsenresidencia.bcn.cat\/trinitatnova2024\/wp-content\/uploads\/2024\/04\/29_02_24_presentacio_oberta_5-1-2-300x200.jpg\" alt=\"\" class=\"wp-image-429\" srcset=\"https:\/\/blocsenresidencia.bcn.cat\/trinitatnova2024\/wp-content\/uploads\/2024\/04\/29_02_24_presentacio_oberta_5-1-2-300x200.jpg 300w, https:\/\/blocsenresidencia.bcn.cat\/trinitatnova2024\/wp-content\/uploads\/2024\/04\/29_02_24_presentacio_oberta_5-1-2-1024x682.jpg 1024w, https:\/\/blocsenresidencia.bcn.cat\/trinitatnova2024\/wp-content\/uploads\/2024\/04\/29_02_24_presentacio_oberta_5-1-2-768x511.jpg 768w, https:\/\/blocsenresidencia.bcn.cat\/trinitatnova2024\/wp-content\/uploads\/2024\/04\/29_02_24_presentacio_oberta_5-1-2-1536x1022.jpg 1536w, https:\/\/blocsenresidencia.bcn.cat\/trinitatnova2024\/wp-content\/uploads\/2024\/04\/29_02_24_presentacio_oberta_5-1-2-2048x1363.jpg 2048w\" sizes=\"auto, (max-width: 300px) 100vw, 300px\" \/><\/figure>\n\n\n\n<figure class=\"wp-block-image size-medium\"><img loading=\"lazy\" decoding=\"async\" width=\"300\" height=\"200\" data-id=\"430\" src=\"https:\/\/blocsenresidencia.bcn.cat\/trinitatnova2024\/wp-content\/uploads\/2024\/04\/29_02_24_presentacio_oberta_9-4-300x200.jpeg\" alt=\"\" class=\"wp-image-430\" srcset=\"https:\/\/blocsenresidencia.bcn.cat\/trinitatnova2024\/wp-content\/uploads\/2024\/04\/29_02_24_presentacio_oberta_9-4-300x200.jpeg 300w, https:\/\/blocsenresidencia.bcn.cat\/trinitatnova2024\/wp-content\/uploads\/2024\/04\/29_02_24_presentacio_oberta_9-4-1024x682.jpeg 1024w, https:\/\/blocsenresidencia.bcn.cat\/trinitatnova2024\/wp-content\/uploads\/2024\/04\/29_02_24_presentacio_oberta_9-4-768x511.jpeg 768w, https:\/\/blocsenresidencia.bcn.cat\/trinitatnova2024\/wp-content\/uploads\/2024\/04\/29_02_24_presentacio_oberta_9-4-1536x1022.jpeg 1536w, https:\/\/blocsenresidencia.bcn.cat\/trinitatnova2024\/wp-content\/uploads\/2024\/04\/29_02_24_presentacio_oberta_9-4-2048x1363.jpeg 2048w\" sizes=\"auto, (max-width: 300px) 100vw, 300px\" \/><\/figure>\n\n\n\n<figure class=\"wp-block-image size-medium\"><img loading=\"lazy\" decoding=\"async\" width=\"300\" height=\"200\" data-id=\"431\" src=\"https:\/\/blocsenresidencia.bcn.cat\/trinitatnova2024\/wp-content\/uploads\/2024\/04\/29_02_24_presentacio_oberta_11-4-300x200.jpeg\" alt=\"\" class=\"wp-image-431\" srcset=\"https:\/\/blocsenresidencia.bcn.cat\/trinitatnova2024\/wp-content\/uploads\/2024\/04\/29_02_24_presentacio_oberta_11-4-300x200.jpeg 300w, https:\/\/blocsenresidencia.bcn.cat\/trinitatnova2024\/wp-content\/uploads\/2024\/04\/29_02_24_presentacio_oberta_11-4-1024x682.jpeg 1024w, https:\/\/blocsenresidencia.bcn.cat\/trinitatnova2024\/wp-content\/uploads\/2024\/04\/29_02_24_presentacio_oberta_11-4-768x511.jpeg 768w, https:\/\/blocsenresidencia.bcn.cat\/trinitatnova2024\/wp-content\/uploads\/2024\/04\/29_02_24_presentacio_oberta_11-4-1536x1022.jpeg 1536w, https:\/\/blocsenresidencia.bcn.cat\/trinitatnova2024\/wp-content\/uploads\/2024\/04\/29_02_24_presentacio_oberta_11-4-2048x1363.jpeg 2048w\" sizes=\"auto, (max-width: 300px) 100vw, 300px\" \/><\/figure>\n\n\n\n<figure class=\"wp-block-image size-medium\"><img loading=\"lazy\" decoding=\"async\" width=\"300\" height=\"200\" data-id=\"432\" src=\"https:\/\/blocsenresidencia.bcn.cat\/trinitatnova2024\/wp-content\/uploads\/2024\/04\/29_02_24_presentacio_oberta_13-4-300x200.jpeg\" alt=\"\" class=\"wp-image-432\" srcset=\"https:\/\/blocsenresidencia.bcn.cat\/trinitatnova2024\/wp-content\/uploads\/2024\/04\/29_02_24_presentacio_oberta_13-4-300x200.jpeg 300w, https:\/\/blocsenresidencia.bcn.cat\/trinitatnova2024\/wp-content\/uploads\/2024\/04\/29_02_24_presentacio_oberta_13-4-1024x682.jpeg 1024w, https:\/\/blocsenresidencia.bcn.cat\/trinitatnova2024\/wp-content\/uploads\/2024\/04\/29_02_24_presentacio_oberta_13-4-768x511.jpeg 768w, https:\/\/blocsenresidencia.bcn.cat\/trinitatnova2024\/wp-content\/uploads\/2024\/04\/29_02_24_presentacio_oberta_13-4-1536x1022.jpeg 1536w, https:\/\/blocsenresidencia.bcn.cat\/trinitatnova2024\/wp-content\/uploads\/2024\/04\/29_02_24_presentacio_oberta_13-4-2048x1363.jpeg 2048w\" sizes=\"auto, (max-width: 300px) 100vw, 300px\" \/><\/figure>\n\n\n\n<figure class=\"wp-block-image size-medium\"><img loading=\"lazy\" decoding=\"async\" width=\"300\" height=\"200\" data-id=\"433\" src=\"https:\/\/blocsenresidencia.bcn.cat\/trinitatnova2024\/wp-content\/uploads\/2024\/04\/29_02_24_presentacio_oberta_15-4-300x200.jpeg\" alt=\"\" class=\"wp-image-433\" srcset=\"https:\/\/blocsenresidencia.bcn.cat\/trinitatnova2024\/wp-content\/uploads\/2024\/04\/29_02_24_presentacio_oberta_15-4-300x200.jpeg 300w, https:\/\/blocsenresidencia.bcn.cat\/trinitatnova2024\/wp-content\/uploads\/2024\/04\/29_02_24_presentacio_oberta_15-4-1024x682.jpeg 1024w, https:\/\/blocsenresidencia.bcn.cat\/trinitatnova2024\/wp-content\/uploads\/2024\/04\/29_02_24_presentacio_oberta_15-4-768x511.jpeg 768w, https:\/\/blocsenresidencia.bcn.cat\/trinitatnova2024\/wp-content\/uploads\/2024\/04\/29_02_24_presentacio_oberta_15-4-1536x1022.jpeg 1536w, https:\/\/blocsenresidencia.bcn.cat\/trinitatnova2024\/wp-content\/uploads\/2024\/04\/29_02_24_presentacio_oberta_15-4-2048x1363.jpeg 2048w\" sizes=\"auto, (max-width: 300px) 100vw, 300px\" \/><\/figure>\n<\/figure>\n","protected":false},"excerpt":{"rendered":"<p>El passat 29 de febrer vam fer la sessi\u00f3 oberta d&#8217;En Residencia per al professorat de l&#8217;Institut Escola Trinitat Nova. Ho vam preparar amb molta estima i va ser tot un \u00e8xit! Dues classes abans, vam comen\u00e7ar a preparar el que vol\u00edem fer, com per exemple la cronologia del dia, com comen\u00e7ar i com acabar. &hellip; <\/p>\n<p class=\"link-more\"><a href=\"https:\/\/blocsenresidencia.bcn.cat\/trinitatnova2024\/la-sessio-oberta\/\" class=\"more-link\">Continua llegint <span class=\"screen-reader-text\">\u00abLa Sessi\u00f3 Oberta\u00bb<\/span><\/a><\/p>\n","protected":false},"author":9,"featured_media":0,"comment_status":"open","ping_status":"open","sticky":false,"template":"","format":"standard","meta":{"footnotes":""},"categories":[1],"tags":[8,7,4,5,6],"class_list":["post-402","post","type-post","status-publish","format-standard","hentry","category-general","tag-sessiooberta","tag-3r-deso","tag-en-residencia","tag-institut-escola-trinitat-nova","tag-pato-mena"],"_links":{"self":[{"href":"https:\/\/blocsenresidencia.bcn.cat\/trinitatnova2024\/wp-json\/wp\/v2\/posts\/402","targetHints":{"allow":["GET"]}}],"collection":[{"href":"https:\/\/blocsenresidencia.bcn.cat\/trinitatnova2024\/wp-json\/wp\/v2\/posts"}],"about":[{"href":"https:\/\/blocsenresidencia.bcn.cat\/trinitatnova2024\/wp-json\/wp\/v2\/types\/post"}],"author":[{"embeddable":true,"href":"https:\/\/blocsenresidencia.bcn.cat\/trinitatnova2024\/wp-json\/wp\/v2\/users\/9"}],"replies":[{"embeddable":true,"href":"https:\/\/blocsenresidencia.bcn.cat\/trinitatnova2024\/wp-json\/wp\/v2\/comments?post=402"}],"version-history":[{"count":2,"href":"https:\/\/blocsenresidencia.bcn.cat\/trinitatnova2024\/wp-json\/wp\/v2\/posts\/402\/revisions"}],"predecessor-version":[{"id":435,"href":"https:\/\/blocsenresidencia.bcn.cat\/trinitatnova2024\/wp-json\/wp\/v2\/posts\/402\/revisions\/435"}],"wp:attachment":[{"href":"https:\/\/blocsenresidencia.bcn.cat\/trinitatnova2024\/wp-json\/wp\/v2\/media?parent=402"}],"wp:term":[{"taxonomy":"category","embeddable":true,"href":"https:\/\/blocsenresidencia.bcn.cat\/trinitatnova2024\/wp-json\/wp\/v2\/categories?post=402"},{"taxonomy":"post_tag","embeddable":true,"href":"https:\/\/blocsenresidencia.bcn.cat\/trinitatnova2024\/wp-json\/wp\/v2\/tags?post=402"}],"curies":[{"name":"wp","href":"https:\/\/api.w.org\/{rel}","templated":true}]}}