{"id":397,"date":"2024-03-19T10:45:37","date_gmt":"2024-03-19T08:45:37","guid":{"rendered":"https:\/\/blocsenresidencia.bcn.cat\/turocaritg2024\/?p=397"},"modified":"2024-06-21T10:45:47","modified_gmt":"2024-06-21T08:45:47","slug":"presentacio-de-llibretes-del-proces-creatiu","status":"publish","type":"post","link":"https:\/\/blocsenresidencia.bcn.cat\/turocaritg2024\/presentacio-de-llibretes-del-proces-creatiu\/","title":{"rendered":"Presentaci\u00f3 de llibretes del proc\u00e9s creatiu"},"content":{"rendered":"\n<p>Avui compartim amb totes vosaltres qu\u00e8 hi ha dins de les nostres llibretes, uns objectes molt importants per a nosaltres que ens acompanyen al llarg d\u2019aquesta resid\u00e8ncia amb la Constanza!<\/p>\n\n\n\n<figure class=\"wp-block-image size-large\"><img loading=\"lazy\" decoding=\"async\" width=\"2560\" height=\"1919\" src=\"https:\/\/blocsenresidencia.bcn.cat\/turocaritg2024\/wp-content\/uploads\/2024\/03\/IMG_7601-2-edited-2-scaled.jpg\" alt=\"\" class=\"wp-image-411\" srcset=\"https:\/\/blocsenresidencia.bcn.cat\/turocaritg2024\/wp-content\/uploads\/2024\/03\/IMG_7601-2-edited-2-scaled.jpg 2560w, https:\/\/blocsenresidencia.bcn.cat\/turocaritg2024\/wp-content\/uploads\/2024\/03\/IMG_7601-2-edited-2-300x225.jpg 300w, https:\/\/blocsenresidencia.bcn.cat\/turocaritg2024\/wp-content\/uploads\/2024\/03\/IMG_7601-2-edited-2-1024x768.jpg 1024w, https:\/\/blocsenresidencia.bcn.cat\/turocaritg2024\/wp-content\/uploads\/2024\/03\/IMG_7601-2-edited-2-768x576.jpg 768w, https:\/\/blocsenresidencia.bcn.cat\/turocaritg2024\/wp-content\/uploads\/2024\/03\/IMG_7601-2-edited-2-1536x1151.jpg 1536w, https:\/\/blocsenresidencia.bcn.cat\/turocaritg2024\/wp-content\/uploads\/2024\/03\/IMG_7601-2-edited-2-2048x1535.jpg 2048w\" sizes=\"auto, (max-width: 767px) 89vw, (max-width: 1000px) 54vw, (max-width: 1071px) 543px, 580px\" \/><\/figure>\n\n\n\n<p>Cada dia, despr\u00e9s de les sessions amb la Constanza, escrivim, enganxem o dibuixem qu\u00e8 i com ens hem sentit, les nostre emocions i pensaments. Aix\u00f2 ens ajuda a no oblidar qu\u00e8 fem i qu\u00e8 vivim. La llibreta \u00e9s per a nosaltres un diari de mem\u00f2ries que mai oblidarem!<\/p>\n\n\n\n<p>I sobretot, \u00e9s on deixem escrit tot el treball que hi ha darrere de la nostra primera coreografia que aviat podrem mostrar!!<\/p>\n\n\n\n<figure class=\"wp-block-image size-large\"><img loading=\"lazy\" decoding=\"async\" width=\"2560\" height=\"1441\" src=\"https:\/\/blocsenresidencia.bcn.cat\/turocaritg2024\/wp-content\/uploads\/2024\/03\/IMG_9361-edited-1-scaled.jpg\" alt=\"\" class=\"wp-image-412\" srcset=\"https:\/\/blocsenresidencia.bcn.cat\/turocaritg2024\/wp-content\/uploads\/2024\/03\/IMG_9361-edited-1-scaled.jpg 2560w, https:\/\/blocsenresidencia.bcn.cat\/turocaritg2024\/wp-content\/uploads\/2024\/03\/IMG_9361-edited-1-300x169.jpg 300w, https:\/\/blocsenresidencia.bcn.cat\/turocaritg2024\/wp-content\/uploads\/2024\/03\/IMG_9361-edited-1-1024x576.jpg 1024w, https:\/\/blocsenresidencia.bcn.cat\/turocaritg2024\/wp-content\/uploads\/2024\/03\/IMG_9361-edited-1-768x432.jpg 768w, https:\/\/blocsenresidencia.bcn.cat\/turocaritg2024\/wp-content\/uploads\/2024\/03\/IMG_9361-edited-1-1536x864.jpg 1536w, https:\/\/blocsenresidencia.bcn.cat\/turocaritg2024\/wp-content\/uploads\/2024\/03\/IMG_9361-edited-1-2048x1152.jpg 2048w\" sizes=\"auto, (max-width: 767px) 89vw, (max-width: 1000px) 54vw, (max-width: 1071px) 543px, 580px\" \/><\/figure>\n\n\n\n<figure class=\"wp-block-embed is-type-video is-provider-vimeo wp-block-embed-vimeo\"><div class=\"wp-block-embed__wrapper\">\n<iframe loading=\"lazy\" title=\"Presentaci\u00f3 de llibretes del proc\u00e9s creatiu. Constanza Brn\u010di\u0107 EN RESiD\u00c8NCiA a l&#039;Institut Escola Tur\u00f3 d&#039;en Caritg. En catal\u00e0\" src=\"https:\/\/player.vimeo.com\/video\/924595754?dnt=1&amp;app_id=122963\" width=\"525\" height=\"297\" frameborder=\"0\" allow=\"autoplay; fullscreen; picture-in-picture; clipboard-write\"><\/iframe>\n<\/div><\/figure>\n\n\n\n<figure class=\"wp-block-embed is-type-video is-provider-vimeo wp-block-embed-vimeo\"><div class=\"wp-block-embed__wrapper\">\n<iframe loading=\"lazy\" title=\"Presentaci\u00f3 de llibretes del proc\u00e9s creatiu. Constanza Brn\u010di\u0107 EN RESiD\u00c8NCiA a l&#039;Institut Escola Tur\u00f3 d&#039;en Caritg. En urd\u00fa\" src=\"https:\/\/player.vimeo.com\/video\/924598756?dnt=1&amp;app_id=122963\" width=\"525\" height=\"297\" frameborder=\"0\" allow=\"autoplay; fullscreen; picture-in-picture; clipboard-write\"><\/iframe>\n<\/div><\/figure>\n","protected":false},"excerpt":{"rendered":"<p>Avui compartim amb totes vosaltres qu\u00e8 hi ha dins de les nostres llibretes, uns objectes molt importants per a nosaltres que ens acompanyen al llarg d\u2019aquesta resid\u00e8ncia amb la Constanza! Cada dia, despr\u00e9s de les sessions amb la Constanza, escrivim, enganxem o dibuixem qu\u00e8 i com ens hem sentit, les nostre emocions i pensaments. Aix\u00f2 &hellip; <\/p>\n<p class=\"link-more\"><a href=\"https:\/\/blocsenresidencia.bcn.cat\/turocaritg2024\/presentacio-de-llibretes-del-proces-creatiu\/\" class=\"more-link\">Continua llegint <span class=\"screen-reader-text\">\u00abPresentaci\u00f3 de llibretes del proc\u00e9s creatiu\u00bb<\/span><\/a><\/p>\n","protected":false},"author":8,"featured_media":0,"comment_status":"open","ping_status":"open","sticky":false,"template":"","format":"standard","meta":{"footnotes":""},"categories":[1],"tags":[],"class_list":["post-397","post","type-post","status-publish","format-standard","hentry","category-general"],"_links":{"self":[{"href":"https:\/\/blocsenresidencia.bcn.cat\/turocaritg2024\/wp-json\/wp\/v2\/posts\/397","targetHints":{"allow":["GET"]}}],"collection":[{"href":"https:\/\/blocsenresidencia.bcn.cat\/turocaritg2024\/wp-json\/wp\/v2\/posts"}],"about":[{"href":"https:\/\/blocsenresidencia.bcn.cat\/turocaritg2024\/wp-json\/wp\/v2\/types\/post"}],"author":[{"embeddable":true,"href":"https:\/\/blocsenresidencia.bcn.cat\/turocaritg2024\/wp-json\/wp\/v2\/users\/8"}],"replies":[{"embeddable":true,"href":"https:\/\/blocsenresidencia.bcn.cat\/turocaritg2024\/wp-json\/wp\/v2\/comments?post=397"}],"version-history":[{"count":7,"href":"https:\/\/blocsenresidencia.bcn.cat\/turocaritg2024\/wp-json\/wp\/v2\/posts\/397\/revisions"}],"predecessor-version":[{"id":415,"href":"https:\/\/blocsenresidencia.bcn.cat\/turocaritg2024\/wp-json\/wp\/v2\/posts\/397\/revisions\/415"}],"wp:attachment":[{"href":"https:\/\/blocsenresidencia.bcn.cat\/turocaritg2024\/wp-json\/wp\/v2\/media?parent=397"}],"wp:term":[{"taxonomy":"category","embeddable":true,"href":"https:\/\/blocsenresidencia.bcn.cat\/turocaritg2024\/wp-json\/wp\/v2\/categories?post=397"},{"taxonomy":"post_tag","embeddable":true,"href":"https:\/\/blocsenresidencia.bcn.cat\/turocaritg2024\/wp-json\/wp\/v2\/tags?post=397"}],"curies":[{"name":"wp","href":"https:\/\/api.w.org\/{rel}","templated":true}]}}