{"id":53,"date":"2023-06-26T13:56:10","date_gmt":"2023-06-26T11:56:10","guid":{"rendered":"https:\/\/blocsenresidencia.bcn.cat\/turoroquetes2023\/?p=53"},"modified":"2023-06-27T09:58:51","modified_gmt":"2023-06-27T07:58:51","slug":"un-dia-jo-vaig-actuar-al-lliure-de-gracia","status":"publish","type":"post","link":"https:\/\/blocsenresidencia.bcn.cat\/turoroquetes2023\/2023\/06\/26\/un-dia-jo-vaig-actuar-al-lliure-de-gracia\/","title":{"rendered":"UN DIA, JO VAIG ACTUAR AL TEATRE LLIURE"},"content":{"rendered":"\n<figure class=\"wp-block-image size-large\"><img loading=\"lazy\" decoding=\"async\" width=\"1024\" height=\"768\" src=\"https:\/\/blocsenresidencia.bcn.cat\/turoroquetes2023\/wp-content\/uploads\/2023\/06\/IMG_1011-1024x768.jpg\" alt=\"\" class=\"wp-image-55\" srcset=\"https:\/\/blocsenresidencia.bcn.cat\/turoroquetes2023\/wp-content\/uploads\/2023\/06\/IMG_1011-1024x768.jpg 1024w, https:\/\/blocsenresidencia.bcn.cat\/turoroquetes2023\/wp-content\/uploads\/2023\/06\/IMG_1011-300x225.jpg 300w, https:\/\/blocsenresidencia.bcn.cat\/turoroquetes2023\/wp-content\/uploads\/2023\/06\/IMG_1011-768x576.jpg 768w, https:\/\/blocsenresidencia.bcn.cat\/turoroquetes2023\/wp-content\/uploads\/2023\/06\/IMG_1011-1536x1152.jpg 1536w, https:\/\/blocsenresidencia.bcn.cat\/turoroquetes2023\/wp-content\/uploads\/2023\/06\/IMG_1011-2048x1536.jpg 2048w\" sizes=\"auto, (max-width: 767px) 89vw, (max-width: 1000px) 54vw, (max-width: 1071px) 543px, 580px\" \/><\/figure>\n\n\n\n<p>El 29 de maig l&#8217;Espai Lliure del Teatre Lliure de Montju\u00efc comen\u00e7ava muntatge a les 8 del mat\u00ed del que en poques hores es convertiria en l&#8217;espai esc\u00e8nic de la proposta per EnResid\u00e8ncia de la Marina Congost amb l&#8217;IE Tur\u00f3 de Roquetes. <\/p>\n\n\n\n<p>A les 10 del mat\u00ed arribaven creuant la Pla\u00e7a Margarida Xirgu, esmorzats i m\u00e9s silenciosos que d&#8217;altres vegades, l&#8217;alumnat que havia creat durant tot el curs un relat sobre els seus origens particulars, de la seva fam\u00edlia, i del grup. Cada un d&#8217;ells es barallava internament amb uns quants sentiments contradictoris: euf\u00f2ria, vergonya, tristor, &#8230; Aquests i els nervis de sortir a escena els acompanyarien durant un parell de dies; el 29 de maig durant l&#8217;assaig general, i el 30 de maig per l&#8217;estrena i la funci\u00f3 de tarda. <\/p>\n\n\n\n<p>L&#8217;assaig general va servir per definir entrades, sortides, qui i com iniciaven escenes, intercanvis de microfons, peus t\u00e8ncics, i un llarg etc\u00e8tera, per\u00f2 tamb\u00e9 i sobretot per veure com la i\u00b7luminaci\u00f3 i el so acabaven convertint la proposta que tots hav\u00edem assajat al gimn\u00e0s de l&#8217;institut en un espectacle. Fins i tot els treballs sobre paper que havien fet durant tot l&#8217;any trobaven un espai esc\u00e8nic per acompanyar-los i es transformaven d&#8217;exercicis a guirnaldes de festa,<\/p>\n\n\n\n<figure class=\"wp-block-image size-large\"><img loading=\"lazy\" decoding=\"async\" width=\"1024\" height=\"768\" src=\"https:\/\/blocsenresidencia.bcn.cat\/turoroquetes2023\/wp-content\/uploads\/2023\/06\/IMG_1002-1024x768.jpg\" alt=\"\" class=\"wp-image-54\" srcset=\"https:\/\/blocsenresidencia.bcn.cat\/turoroquetes2023\/wp-content\/uploads\/2023\/06\/IMG_1002-1024x768.jpg 1024w, https:\/\/blocsenresidencia.bcn.cat\/turoroquetes2023\/wp-content\/uploads\/2023\/06\/IMG_1002-300x225.jpg 300w, https:\/\/blocsenresidencia.bcn.cat\/turoroquetes2023\/wp-content\/uploads\/2023\/06\/IMG_1002-768x576.jpg 768w, https:\/\/blocsenresidencia.bcn.cat\/turoroquetes2023\/wp-content\/uploads\/2023\/06\/IMG_1002-1536x1152.jpg 1536w, https:\/\/blocsenresidencia.bcn.cat\/turoroquetes2023\/wp-content\/uploads\/2023\/06\/IMG_1002-2048x1536.jpg 2048w\" sizes=\"auto, (max-width: 767px) 89vw, (max-width: 1000px) 54vw, (max-width: 1071px) 543px, 580px\" \/><\/figure>\n\n\n\n<p>El mat\u00ed del 30 de maig, el mateix grup de nois i noies de l&#8217;IE Tur\u00f3 de Roquetes creuava la pla\u00e7a, les mateixes emocions i nervis, i alguns amb el vestuari ben escollit per lluir davant dels seus companys i companyes d&#8217;institut que els venien a veure actuar al Teatre Lliure. <\/p>\n\n\n\n<p>Alumnat de 1r i de 2n d&#8217;ESO  i el professorat del centre varen venir i omplir la platea de l&#8217;Espai Lliure, van aplaudir i van acabar ballant sobre l&#8217;escenari convidats per la proposta de la Victoria i la Keren d&#8217;ensenyar-nos a ballar &#8220;punta&#8221; a ritme de Sopa de Caracol. <\/p>\n\n\n\n<figure class=\"wp-block-image size-large\"><img loading=\"lazy\" decoding=\"async\" width=\"1024\" height=\"768\" src=\"https:\/\/blocsenresidencia.bcn.cat\/turoroquetes2023\/wp-content\/uploads\/2023\/06\/IMG_1123-1024x768.jpg\" alt=\"\" class=\"wp-image-56\" srcset=\"https:\/\/blocsenresidencia.bcn.cat\/turoroquetes2023\/wp-content\/uploads\/2023\/06\/IMG_1123-1024x768.jpg 1024w, https:\/\/blocsenresidencia.bcn.cat\/turoroquetes2023\/wp-content\/uploads\/2023\/06\/IMG_1123-300x225.jpg 300w, https:\/\/blocsenresidencia.bcn.cat\/turoroquetes2023\/wp-content\/uploads\/2023\/06\/IMG_1123-768x576.jpg 768w, https:\/\/blocsenresidencia.bcn.cat\/turoroquetes2023\/wp-content\/uploads\/2023\/06\/IMG_1123-1536x1152.jpg 1536w, https:\/\/blocsenresidencia.bcn.cat\/turoroquetes2023\/wp-content\/uploads\/2023\/06\/IMG_1123-2048x1536.jpg 2048w\" sizes=\"auto, (max-width: 767px) 89vw, (max-width: 1000px) 54vw, (max-width: 1071px) 543px, 580px\" \/><\/figure>\n\n\n\n<p>Una vegada estrenats, la vergonya i els nervis van ser reempla\u00e7ats per la il\u00b7lusi\u00f3 de repetir l&#8217;experi\u00e8ncia per\u00f2 aquesta vegada davant dels seus familiars. Mares, pares, \u00e0vies, tiets, germanes i germans van anar omplint de nou les butaques; els seus m\u00f2bils gravant il\u00b7luminaven els seus somriures. La festa va acabar de nou sobre l&#8217;escenari amb una gran conga col\u00b7lectiva, molta punta, i poques ganes de marxar (malgrat el que diguessin alguns cartells).<\/p>\n\n\n\n<p><\/p>\n\n\n\n<figure class=\"wp-block-image size-large\"><img loading=\"lazy\" decoding=\"async\" width=\"1024\" height=\"768\" src=\"https:\/\/blocsenresidencia.bcn.cat\/turoroquetes2023\/wp-content\/uploads\/2023\/06\/IMG-1149-1024x768.jpg\" alt=\"\" class=\"wp-image-61\" srcset=\"https:\/\/blocsenresidencia.bcn.cat\/turoroquetes2023\/wp-content\/uploads\/2023\/06\/IMG-1149-1024x768.jpg 1024w, https:\/\/blocsenresidencia.bcn.cat\/turoroquetes2023\/wp-content\/uploads\/2023\/06\/IMG-1149-300x225.jpg 300w, https:\/\/blocsenresidencia.bcn.cat\/turoroquetes2023\/wp-content\/uploads\/2023\/06\/IMG-1149-768x576.jpg 768w, https:\/\/blocsenresidencia.bcn.cat\/turoroquetes2023\/wp-content\/uploads\/2023\/06\/IMG-1149-1536x1152.jpg 1536w, https:\/\/blocsenresidencia.bcn.cat\/turoroquetes2023\/wp-content\/uploads\/2023\/06\/IMG-1149-2048x1536.jpg 2048w\" sizes=\"auto, (max-width: 767px) 89vw, (max-width: 1000px) 54vw, (max-width: 1071px) 543px, 580px\" \/><\/figure>\n\n\n\n<figure class=\"wp-block-image size-large\"><img loading=\"lazy\" decoding=\"async\" width=\"1024\" height=\"768\" src=\"https:\/\/blocsenresidencia.bcn.cat\/turoroquetes2023\/wp-content\/uploads\/2023\/06\/IMG_1105-1024x768.jpg\" alt=\"\" class=\"wp-image-57\" srcset=\"https:\/\/blocsenresidencia.bcn.cat\/turoroquetes2023\/wp-content\/uploads\/2023\/06\/IMG_1105-1024x768.jpg 1024w, https:\/\/blocsenresidencia.bcn.cat\/turoroquetes2023\/wp-content\/uploads\/2023\/06\/IMG_1105-300x225.jpg 300w, https:\/\/blocsenresidencia.bcn.cat\/turoroquetes2023\/wp-content\/uploads\/2023\/06\/IMG_1105-768x576.jpg 768w, https:\/\/blocsenresidencia.bcn.cat\/turoroquetes2023\/wp-content\/uploads\/2023\/06\/IMG_1105-1536x1152.jpg 1536w, https:\/\/blocsenresidencia.bcn.cat\/turoroquetes2023\/wp-content\/uploads\/2023\/06\/IMG_1105-2048x1536.jpg 2048w\" sizes=\"auto, (max-width: 767px) 89vw, (max-width: 1000px) 54vw, (max-width: 1071px) 543px, 580px\" \/><\/figure>\n\n\n\n<figure class=\"wp-block-image size-large\"><img loading=\"lazy\" decoding=\"async\" width=\"1024\" height=\"768\" src=\"https:\/\/blocsenresidencia.bcn.cat\/turoroquetes2023\/wp-content\/uploads\/2023\/06\/IMG_1054-1024x768.jpg\" alt=\"\" class=\"wp-image-58\" srcset=\"https:\/\/blocsenresidencia.bcn.cat\/turoroquetes2023\/wp-content\/uploads\/2023\/06\/IMG_1054-1024x768.jpg 1024w, https:\/\/blocsenresidencia.bcn.cat\/turoroquetes2023\/wp-content\/uploads\/2023\/06\/IMG_1054-300x225.jpg 300w, https:\/\/blocsenresidencia.bcn.cat\/turoroquetes2023\/wp-content\/uploads\/2023\/06\/IMG_1054-768x576.jpg 768w, https:\/\/blocsenresidencia.bcn.cat\/turoroquetes2023\/wp-content\/uploads\/2023\/06\/IMG_1054-1536x1152.jpg 1536w, https:\/\/blocsenresidencia.bcn.cat\/turoroquetes2023\/wp-content\/uploads\/2023\/06\/IMG_1054-2048x1536.jpg 2048w\" sizes=\"auto, (max-width: 767px) 89vw, (max-width: 1000px) 54vw, (max-width: 1071px) 543px, 580px\" \/><\/figure>\n\n\n\n<figure class=\"wp-block-image size-large\"><img loading=\"lazy\" decoding=\"async\" width=\"1024\" height=\"768\" src=\"https:\/\/blocsenresidencia.bcn.cat\/turoroquetes2023\/wp-content\/uploads\/2023\/06\/IMG_1101-1-1024x768.jpg\" alt=\"\" class=\"wp-image-60\" srcset=\"https:\/\/blocsenresidencia.bcn.cat\/turoroquetes2023\/wp-content\/uploads\/2023\/06\/IMG_1101-1-1024x768.jpg 1024w, https:\/\/blocsenresidencia.bcn.cat\/turoroquetes2023\/wp-content\/uploads\/2023\/06\/IMG_1101-1-300x225.jpg 300w, https:\/\/blocsenresidencia.bcn.cat\/turoroquetes2023\/wp-content\/uploads\/2023\/06\/IMG_1101-1-768x576.jpg 768w, https:\/\/blocsenresidencia.bcn.cat\/turoroquetes2023\/wp-content\/uploads\/2023\/06\/IMG_1101-1-1536x1152.jpg 1536w, https:\/\/blocsenresidencia.bcn.cat\/turoroquetes2023\/wp-content\/uploads\/2023\/06\/IMG_1101-1-2048x1536.jpg 2048w\" sizes=\"auto, (max-width: 767px) 89vw, (max-width: 1000px) 54vw, (max-width: 1071px) 543px, 580px\" \/><\/figure>\n","protected":false},"excerpt":{"rendered":"<p>El 29 de maig l&#8217;Espai Lliure del Teatre Lliure de Montju\u00efc comen\u00e7ava muntatge a les 8 del mat\u00ed del que en poques hores es convertiria en l&#8217;espai esc\u00e8nic de la proposta per EnResid\u00e8ncia de la Marina Congost amb l&#8217;IE Tur\u00f3 de Roquetes. A les 10 del mat\u00ed arribaven creuant la Pla\u00e7a Margarida Xirgu, esmorzats i &hellip; <\/p>\n<p class=\"link-more\"><a href=\"https:\/\/blocsenresidencia.bcn.cat\/turoroquetes2023\/2023\/06\/26\/un-dia-jo-vaig-actuar-al-lliure-de-gracia\/\" class=\"more-link\">Continua llegint <span class=\"screen-reader-text\">\u00abUN DIA, JO VAIG ACTUAR AL TEATRE LLIURE\u00bb<\/span><\/a><\/p>\n","protected":false},"author":3,"featured_media":0,"comment_status":"open","ping_status":"open","sticky":false,"template":"","format":"standard","meta":{"footnotes":""},"categories":[1],"tags":[],"class_list":["post-53","post","type-post","status-publish","format-standard","hentry","category-general"],"_links":{"self":[{"href":"https:\/\/blocsenresidencia.bcn.cat\/turoroquetes2023\/wp-json\/wp\/v2\/posts\/53","targetHints":{"allow":["GET"]}}],"collection":[{"href":"https:\/\/blocsenresidencia.bcn.cat\/turoroquetes2023\/wp-json\/wp\/v2\/posts"}],"about":[{"href":"https:\/\/blocsenresidencia.bcn.cat\/turoroquetes2023\/wp-json\/wp\/v2\/types\/post"}],"author":[{"embeddable":true,"href":"https:\/\/blocsenresidencia.bcn.cat\/turoroquetes2023\/wp-json\/wp\/v2\/users\/3"}],"replies":[{"embeddable":true,"href":"https:\/\/blocsenresidencia.bcn.cat\/turoroquetes2023\/wp-json\/wp\/v2\/comments?post=53"}],"version-history":[{"count":2,"href":"https:\/\/blocsenresidencia.bcn.cat\/turoroquetes2023\/wp-json\/wp\/v2\/posts\/53\/revisions"}],"predecessor-version":[{"id":63,"href":"https:\/\/blocsenresidencia.bcn.cat\/turoroquetes2023\/wp-json\/wp\/v2\/posts\/53\/revisions\/63"}],"wp:attachment":[{"href":"https:\/\/blocsenresidencia.bcn.cat\/turoroquetes2023\/wp-json\/wp\/v2\/media?parent=53"}],"wp:term":[{"taxonomy":"category","embeddable":true,"href":"https:\/\/blocsenresidencia.bcn.cat\/turoroquetes2023\/wp-json\/wp\/v2\/categories?post=53"},{"taxonomy":"post_tag","embeddable":true,"href":"https:\/\/blocsenresidencia.bcn.cat\/turoroquetes2023\/wp-json\/wp\/v2\/tags?post=53"}],"curies":[{"name":"wp","href":"https:\/\/api.w.org\/{rel}","templated":true}]}}