{"id":1,"date":"2023-09-25T18:02:00","date_gmt":"2023-09-25T16:02:00","guid":{"rendered":"https:\/\/blocsenresidencia.bcn.cat\/turoroquetes2024\/?p=1"},"modified":"2024-02-05T15:55:42","modified_gmt":"2024-02-05T13:55:42","slug":"itxaso-corral-i-lara-brown-en-residencia-a-linstitut-escola-turo-de-roquetes","status":"publish","type":"post","link":"https:\/\/blocsenresidencia.bcn.cat\/turoroquetes2024\/itxaso-corral-i-lara-brown-en-residencia-a-linstitut-escola-turo-de-roquetes\/","title":{"rendered":"Itxaso Corral\u00a0 i Lara Brown EN RESiD\u00c8NCiA a l\u2019Institut Escola Tur\u00f3 de Roquetes"},"content":{"rendered":"\n<p>Itxaso Corral\u00a0 i Lara Brown ja han iniciat el proc\u00e9s de creaci\u00f3 EN RESiD\u00c8NCiA a l\u2019Institut Escola Tur\u00f3 de Roquetes, al barri de Les Roquetes (Nou Barris, Barcelona). En aquest blog podreu seguir els moments clau d\u2019un proc\u00e9s obert, amb un final no predefinit. Fins molt aviat!<\/p>\n","protected":false},"excerpt":{"rendered":"<p>Itxaso Corral\u00a0 i Lara Brown ja han iniciat el proc\u00e9s de creaci\u00f3 EN RESiD\u00c8NCiA a l\u2019Institut Escola Tur\u00f3 de Roquetes, al barri de Les Roquetes (Nou Barris, Barcelona). En aquest blog podreu seguir els moments clau d\u2019un proc\u00e9s obert, amb un final no predefinit. Fins molt aviat!<\/p>\n","protected":false},"author":1,"featured_media":0,"comment_status":"closed","ping_status":"open","sticky":false,"template":"","format":"standard","meta":{"footnotes":""},"categories":[1],"tags":[],"class_list":["post-1","post","type-post","status-publish","format-standard","hentry","category-general"],"_links":{"self":[{"href":"https:\/\/blocsenresidencia.bcn.cat\/turoroquetes2024\/wp-json\/wp\/v2\/posts\/1","targetHints":{"allow":["GET"]}}],"collection":[{"href":"https:\/\/blocsenresidencia.bcn.cat\/turoroquetes2024\/wp-json\/wp\/v2\/posts"}],"about":[{"href":"https:\/\/blocsenresidencia.bcn.cat\/turoroquetes2024\/wp-json\/wp\/v2\/types\/post"}],"author":[{"embeddable":true,"href":"https:\/\/blocsenresidencia.bcn.cat\/turoroquetes2024\/wp-json\/wp\/v2\/users\/1"}],"replies":[{"embeddable":true,"href":"https:\/\/blocsenresidencia.bcn.cat\/turoroquetes2024\/wp-json\/wp\/v2\/comments?post=1"}],"version-history":[{"count":7,"href":"https:\/\/blocsenresidencia.bcn.cat\/turoroquetes2024\/wp-json\/wp\/v2\/posts\/1\/revisions"}],"predecessor-version":[{"id":302,"href":"https:\/\/blocsenresidencia.bcn.cat\/turoroquetes2024\/wp-json\/wp\/v2\/posts\/1\/revisions\/302"}],"wp:attachment":[{"href":"https:\/\/blocsenresidencia.bcn.cat\/turoroquetes2024\/wp-json\/wp\/v2\/media?parent=1"}],"wp:term":[{"taxonomy":"category","embeddable":true,"href":"https:\/\/blocsenresidencia.bcn.cat\/turoroquetes2024\/wp-json\/wp\/v2\/categories?post=1"},{"taxonomy":"post_tag","embeddable":true,"href":"https:\/\/blocsenresidencia.bcn.cat\/turoroquetes2024\/wp-json\/wp\/v2\/tags?post=1"}],"curies":[{"name":"wp","href":"https:\/\/api.w.org\/{rel}","templated":true}]}}