{"id":298,"date":"2023-11-20T12:00:00","date_gmt":"2023-11-20T10:00:00","guid":{"rendered":"https:\/\/blocsenresidencia.bcn.cat\/turoroquetes2024\/?p=298"},"modified":"2024-02-05T18:38:02","modified_gmt":"2024-02-05T16:38:02","slug":"prenent-consciencia","status":"publish","type":"post","link":"https:\/\/blocsenresidencia.bcn.cat\/turoroquetes2024\/prenent-consciencia\/","title":{"rendered":"Prenent consci\u00e8ncia"},"content":{"rendered":"\n<p>Hola a tots i a totes!<\/p>\n\n\n\n<p>Som un grup d\u2019alumnes de primer d\u2019ESO de l&#8217;Institut Escola Tur\u00f3 de Roquetes.<\/p>\n\n\n\n<p>Aquest curs estem fent el projecte de EN RESiD\u00c8NCiA amb la Itxaso Corral i la Lara Brown. Quan ens van presentar el projecte vam generar-nos unes expectatives molt concretes al respecte. Pens\u00e0vem que far\u00edem teatre cl\u00e0ssic, per\u00f2 hem pogut descobrir que hi ha altres formes d\u2019expressar-nos art\u00edsticament: la coreografia, la performance, la m\u00edmica, etc.<\/p>\n\n\n\n<p>Comencem amb ganes i for\u00e7a el segon tram del nostre proc\u00e9s de creaci\u00f3!<\/p>\n\n\n<div class=\"wp-block-image\">\n<figure class=\"aligncenter size-large\"><img loading=\"lazy\" decoding=\"async\" width=\"1024\" height=\"655\" src=\"https:\/\/blocsenresidencia.bcn.cat\/turoroquetes2024\/wp-content\/uploads\/2024\/02\/001-1024x655.jpg\" alt=\"\" class=\"wp-image-307\" srcset=\"https:\/\/blocsenresidencia.bcn.cat\/turoroquetes2024\/wp-content\/uploads\/2024\/02\/001-1024x655.jpg 1024w, https:\/\/blocsenresidencia.bcn.cat\/turoroquetes2024\/wp-content\/uploads\/2024\/02\/001-300x192.jpg 300w, https:\/\/blocsenresidencia.bcn.cat\/turoroquetes2024\/wp-content\/uploads\/2024\/02\/001-768x492.jpg 768w, https:\/\/blocsenresidencia.bcn.cat\/turoroquetes2024\/wp-content\/uploads\/2024\/02\/001-1536x983.jpg 1536w, https:\/\/blocsenresidencia.bcn.cat\/turoroquetes2024\/wp-content\/uploads\/2024\/02\/001-2048x1311.jpg 2048w\" sizes=\"auto, (max-width: 767px) 89vw, (max-width: 1000px) 54vw, (max-width: 1071px) 543px, 580px\" \/><figcaption class=\"wp-element-caption\">Durant una sessi\u00f3 al gimn\u00e0s de l\u2019institut<\/figcaption><\/figure><\/div>\n\n\n<p class=\"has-text-align-center\"><\/p>\n","protected":false},"excerpt":{"rendered":"<p>Hola a tots i a totes! Som un grup d\u2019alumnes de primer d\u2019ESO de l&#8217;Institut Escola Tur\u00f3 de Roquetes. Aquest curs estem fent el projecte de EN RESiD\u00c8NCiA amb la Itxaso Corral i la Lara Brown. Quan ens van presentar el projecte vam generar-nos unes expectatives molt concretes al respecte. Pens\u00e0vem que far\u00edem teatre cl\u00e0ssic, &hellip; <\/p>\n<p class=\"link-more\"><a href=\"https:\/\/blocsenresidencia.bcn.cat\/turoroquetes2024\/prenent-consciencia\/\" class=\"more-link\">Continua llegint <span class=\"screen-reader-text\">\u00abPrenent consci\u00e8ncia\u00bb<\/span><\/a><\/p>\n","protected":false},"author":10,"featured_media":0,"comment_status":"open","ping_status":"open","sticky":false,"template":"","format":"standard","meta":{"footnotes":""},"categories":[1],"tags":[],"class_list":["post-298","post","type-post","status-publish","format-standard","hentry","category-general"],"_links":{"self":[{"href":"https:\/\/blocsenresidencia.bcn.cat\/turoroquetes2024\/wp-json\/wp\/v2\/posts\/298","targetHints":{"allow":["GET"]}}],"collection":[{"href":"https:\/\/blocsenresidencia.bcn.cat\/turoroquetes2024\/wp-json\/wp\/v2\/posts"}],"about":[{"href":"https:\/\/blocsenresidencia.bcn.cat\/turoroquetes2024\/wp-json\/wp\/v2\/types\/post"}],"author":[{"embeddable":true,"href":"https:\/\/blocsenresidencia.bcn.cat\/turoroquetes2024\/wp-json\/wp\/v2\/users\/10"}],"replies":[{"embeddable":true,"href":"https:\/\/blocsenresidencia.bcn.cat\/turoroquetes2024\/wp-json\/wp\/v2\/comments?post=298"}],"version-history":[{"count":5,"href":"https:\/\/blocsenresidencia.bcn.cat\/turoroquetes2024\/wp-json\/wp\/v2\/posts\/298\/revisions"}],"predecessor-version":[{"id":310,"href":"https:\/\/blocsenresidencia.bcn.cat\/turoroquetes2024\/wp-json\/wp\/v2\/posts\/298\/revisions\/310"}],"wp:attachment":[{"href":"https:\/\/blocsenresidencia.bcn.cat\/turoroquetes2024\/wp-json\/wp\/v2\/media?parent=298"}],"wp:term":[{"taxonomy":"category","embeddable":true,"href":"https:\/\/blocsenresidencia.bcn.cat\/turoroquetes2024\/wp-json\/wp\/v2\/categories?post=298"},{"taxonomy":"post_tag","embeddable":true,"href":"https:\/\/blocsenresidencia.bcn.cat\/turoroquetes2024\/wp-json\/wp\/v2\/tags?post=298"}],"curies":[{"name":"wp","href":"https:\/\/api.w.org\/{rel}","templated":true}]}}