{"id":320,"date":"2024-02-05T19:21:49","date_gmt":"2024-02-05T17:21:49","guid":{"rendered":"https:\/\/blocsenresidencia.bcn.cat\/turoroquetes2024\/?p=320"},"modified":"2024-02-19T16:24:53","modified_gmt":"2024-02-19T14:24:53","slug":"visita-a-la-caldera","status":"publish","type":"post","link":"https:\/\/blocsenresidencia.bcn.cat\/turoroquetes2024\/visita-a-la-caldera\/","title":{"rendered":"Visita a &#8220;La Caldera&#8221;"},"content":{"rendered":"\n<p>Hola a tots i a totes!<\/p>\n\n\n\n<p>La setmana passada vam anar de visita a La Caldera. A part de la Itxaso Corral&nbsp;&nbsp;i la Lara Brown, tamb\u00e9 hi estaven la Lucia Buedo i la Cristina Riera, que comissarien i coordinen aquest proc\u00e9s creatiu de EN RESiD\u00c8NCiA des de <a href=\"https:\/\/www.lacaldera.info\/ca\/lacaldera\" data-type=\"link\" data-id=\"https:\/\/www.lacaldera.info\/ca\/lacaldera\" target=\"_blank\" rel=\"noreferrer noopener\">La Caldera<\/a>.<\/p>\n\n\n\n<figure class=\"wp-block-image size-full\"><img loading=\"lazy\" decoding=\"async\" width=\"950\" height=\"600\" src=\"https:\/\/blocsenresidencia.bcn.cat\/turoroquetes2024\/wp-content\/uploads\/2024\/02\/006_2-1.jpg\" alt=\"\" class=\"wp-image-321\" srcset=\"https:\/\/blocsenresidencia.bcn.cat\/turoroquetes2024\/wp-content\/uploads\/2024\/02\/006_2-1.jpg 950w, https:\/\/blocsenresidencia.bcn.cat\/turoroquetes2024\/wp-content\/uploads\/2024\/02\/006_2-1-300x189.jpg 300w, https:\/\/blocsenresidencia.bcn.cat\/turoroquetes2024\/wp-content\/uploads\/2024\/02\/006_2-1-768x485.jpg 768w\" sizes=\"auto, (max-width: 767px) 89vw, (max-width: 1000px) 54vw, (max-width: 1071px) 543px, 580px\" \/><figcaption class=\"wp-element-caption\">A fora de La Caldera, abans d&#8217;entrar a veure l&#8217;espectacle<\/figcaption><\/figure>\n\n\n\n<p>Ens vam trobar amb alumnat d\u2019altres instituts per veure l\u2019espectacle <a href=\"https:\/\/www.lacaldera.info\/ca\/activitats\/molar-eso-batxillerat\" data-type=\"link\" data-id=\"https:\/\/www.lacaldera.info\/ca\/activitats\/molar-eso-batxillerat\" target=\"_blank\" rel=\"noreferrer noopener\">Molar<\/a>, de Quim Bigas. La veritat \u00e9s que ens va agradar molt. El Quim \u00e9s movia molt i ballava diferents estils de dansa. Ens va fer preguntes com: Qu\u00e8 \u00e9s per a tu la felicitat? Qu\u00e8 et fa feli\u00e7? Prefereixes ser feli\u00e7 tu o fer feli\u00e7 a la resta? Qu\u00e8 \u00e9s molar? Tu moles?. Despr\u00e9s, a trav\u00e9s d\u2019imatges d\u2019anuncis, pel\u00b7l\u00edcules, v\u00eddeos de Youtube i veu en off, llen\u00e7ava la seva ironia cap als missatges que ens envolten sobre les \u201creceptes\u201d per a la felicitat o per a molar. En un moment el vam rebre amb un passad\u00eds quan passava corrent, mentre arribava corrent sonava la can\u00e7\u00f3 \u201cDance the night\u201d de Dua Lipa, que ens agrada molt. Al final ens va convidar a cantar \u201cFelicitt\u00e0\u201d d\u2019Al Bano com en un karaoke.<\/p>\n\n\n\n<p>Vam poder participar, pensar, emocionar, ballar i jugar amb diferents elements com el cos, la imatge, el v\u00eddeo, l\u2019\u00e0udio, el text, la m\u00fasica, la llum, etc. La veritat \u00e9s que ens va agradar molt i ho hem explicat a molts de companys\/es de l\u2019institut. De fet, com ens va explicar que \u00e9s un espectacle de carrer, avui a la classe hem buscat un v\u00eddeo i hem vist un fragment del que va fer a la Fira de T\u00e0rrega.<\/p>\n\n\n\n<figure class=\"wp-block-embed aligncenter is-type-video is-provider-youtube wp-block-embed-youtube wp-embed-aspect-16-9 wp-has-aspect-ratio\"><div class=\"wp-block-embed__wrapper\">\n<iframe loading=\"lazy\" title=\"Molar \u00b7 Quim Bigas | FiraT\u00e0rrega 2016\" width=\"525\" height=\"295\" src=\"https:\/\/www.youtube.com\/embed\/G8ki3-r5LTk?feature=oembed\" frameborder=\"0\" allow=\"accelerometer; autoplay; clipboard-write; encrypted-media; gyroscope; picture-in-picture; web-share\" referrerpolicy=\"strict-origin-when-cross-origin\" allowfullscreen><\/iframe>\n<\/div><figcaption class=\"wp-element-caption\">Molar, de Quim Bigas, a la Fira T\u00e0rrega del 2016<\/figcaption><\/figure>\n\n\n\n<p>En acabar l\u2019espectacle, els de l\u2019Institut Escola Tur\u00f3 de Roquetes vam fer una visita guiada pels diferents espais de La Caldera i ens va despertar molta curiositat el saber que abans era un cinema i que encara es conserven algunes de les estructures originals. Despr\u00e9s vam esmorzar el terrat i mentrestant vam pensar qu\u00e8 desitjar\u00edem posar en escena. La Itxaso i la Lara ens van fer tancar els ulls 50 segons per veure com imaginar-nos-ho abans d\u2019explicar-ho a la resta.<\/p>\n\n\n<div class=\"wp-block-image\">\n<figure class=\"aligncenter size-full\"><img loading=\"lazy\" decoding=\"async\" width=\"950\" height=\"600\" src=\"https:\/\/blocsenresidencia.bcn.cat\/turoroquetes2024\/wp-content\/uploads\/2024\/02\/007.jpg\" alt=\"\" class=\"wp-image-318\" srcset=\"https:\/\/blocsenresidencia.bcn.cat\/turoroquetes2024\/wp-content\/uploads\/2024\/02\/007.jpg 950w, https:\/\/blocsenresidencia.bcn.cat\/turoroquetes2024\/wp-content\/uploads\/2024\/02\/007-300x189.jpg 300w, https:\/\/blocsenresidencia.bcn.cat\/turoroquetes2024\/wp-content\/uploads\/2024\/02\/007-768x485.jpg 768w\" sizes=\"auto, (max-width: 767px) 89vw, (max-width: 1000px) 54vw, (max-width: 1071px) 543px, 580px\" \/><figcaption class=\"wp-element-caption\">Acabant la ruta per La Caldera, abans d\u2019esmorzar<\/figcaption><\/figure><\/div>\n\n\n<p>Despr\u00e9s, vam anar a la sala gran on s\u2019havia fet l\u2019espectacle i vam improvisar jugant amb un focus i les nostres ombres. El moment va ser m\u00e0gic ja que ens vam sentir molt lliures a l\u2019hora d\u2019interpretar i jugar amb la llum. Era emocionant quan la resta de companys\/es aplaudien al acabar.<\/p>\n\n\n<div class=\"wp-block-image\">\n<figure class=\"aligncenter size-full\"><img loading=\"lazy\" decoding=\"async\" width=\"950\" height=\"600\" src=\"https:\/\/blocsenresidencia.bcn.cat\/turoroquetes2024\/wp-content\/uploads\/2024\/02\/008.jpg\" alt=\"\" class=\"wp-image-319\" srcset=\"https:\/\/blocsenresidencia.bcn.cat\/turoroquetes2024\/wp-content\/uploads\/2024\/02\/008.jpg 950w, https:\/\/blocsenresidencia.bcn.cat\/turoroquetes2024\/wp-content\/uploads\/2024\/02\/008-300x189.jpg 300w, https:\/\/blocsenresidencia.bcn.cat\/turoroquetes2024\/wp-content\/uploads\/2024\/02\/008-768x485.jpg 768w\" sizes=\"auto, (max-width: 767px) 89vw, (max-width: 1000px) 54vw, (max-width: 1071px) 543px, 580px\" \/><figcaption class=\"wp-element-caption\">Itxaso Corral fent-nos una demostraci\u00f3 de la llum i les ombres<\/figcaption><\/figure><\/div>\n\n\n<p>Per acabar, els \u00faltims 10 minuts ens vam moure lliurement per l\u2019espai amb m\u00fasica. La veritat \u00e9s que va ser una experi\u00e8ncia molt divertida i tenim moltes ganes de tornar a La Caldera!<\/p>\n","protected":false},"excerpt":{"rendered":"<p>Hola a tots i a totes! La setmana passada vam anar de visita a La Caldera. A part de la Itxaso Corral&nbsp;&nbsp;i la Lara Brown, tamb\u00e9 hi estaven la Lucia Buedo i la Cristina Riera, que comissarien i coordinen aquest proc\u00e9s creatiu de EN RESiD\u00c8NCiA des de La Caldera. Ens vam trobar amb alumnat d\u2019altres &hellip; <\/p>\n<p class=\"link-more\"><a href=\"https:\/\/blocsenresidencia.bcn.cat\/turoroquetes2024\/visita-a-la-caldera\/\" class=\"more-link\">Continua llegint <span class=\"screen-reader-text\">\u00abVisita a &#8220;La Caldera&#8221;\u00bb<\/span><\/a><\/p>\n","protected":false},"author":10,"featured_media":0,"comment_status":"open","ping_status":"open","sticky":false,"template":"","format":"standard","meta":{"footnotes":""},"categories":[1],"tags":[],"class_list":["post-320","post","type-post","status-publish","format-standard","hentry","category-general"],"_links":{"self":[{"href":"https:\/\/blocsenresidencia.bcn.cat\/turoroquetes2024\/wp-json\/wp\/v2\/posts\/320","targetHints":{"allow":["GET"]}}],"collection":[{"href":"https:\/\/blocsenresidencia.bcn.cat\/turoroquetes2024\/wp-json\/wp\/v2\/posts"}],"about":[{"href":"https:\/\/blocsenresidencia.bcn.cat\/turoroquetes2024\/wp-json\/wp\/v2\/types\/post"}],"author":[{"embeddable":true,"href":"https:\/\/blocsenresidencia.bcn.cat\/turoroquetes2024\/wp-json\/wp\/v2\/users\/10"}],"replies":[{"embeddable":true,"href":"https:\/\/blocsenresidencia.bcn.cat\/turoroquetes2024\/wp-json\/wp\/v2\/comments?post=320"}],"version-history":[{"count":4,"href":"https:\/\/blocsenresidencia.bcn.cat\/turoroquetes2024\/wp-json\/wp\/v2\/posts\/320\/revisions"}],"predecessor-version":[{"id":327,"href":"https:\/\/blocsenresidencia.bcn.cat\/turoroquetes2024\/wp-json\/wp\/v2\/posts\/320\/revisions\/327"}],"wp:attachment":[{"href":"https:\/\/blocsenresidencia.bcn.cat\/turoroquetes2024\/wp-json\/wp\/v2\/media?parent=320"}],"wp:term":[{"taxonomy":"category","embeddable":true,"href":"https:\/\/blocsenresidencia.bcn.cat\/turoroquetes2024\/wp-json\/wp\/v2\/categories?post=320"},{"taxonomy":"post_tag","embeddable":true,"href":"https:\/\/blocsenresidencia.bcn.cat\/turoroquetes2024\/wp-json\/wp\/v2\/tags?post=320"}],"curies":[{"name":"wp","href":"https:\/\/api.w.org\/{rel}","templated":true}]}}