{"id":331,"date":"2024-04-29T15:45:28","date_gmt":"2024-04-29T13:45:28","guid":{"rendered":"https:\/\/blocsenresidencia.bcn.cat\/turoroquetes2024\/?p=331"},"modified":"2024-04-29T18:34:58","modified_gmt":"2024-04-29T16:34:58","slug":"assaig-a-la-caldera","status":"publish","type":"post","link":"https:\/\/blocsenresidencia.bcn.cat\/turoroquetes2024\/assaig-a-la-caldera\/","title":{"rendered":"Assaig a &#8220;La Caldera&#8221;"},"content":{"rendered":"\n<p>El passat dimarts 16 d&#8217;abril vam anar a La Caldera per assajar. Tenim la primera part de l&#8217;actuaci\u00f3 m\u00e9s o menys feta. Avui a l&#8217;institut hem estat veient un v\u00eddeo del qu\u00e8 vam fer i ens est\u00e0 agradant molt com est\u00e0 quedant. Tenim moltes ganes que sigui el dia de l&#8217;actuaci\u00f3, perqu\u00e8 pugueu veure-ho!<\/p>\n\n\n<div class=\"wp-block-image\">\n<figure class=\"aligncenter size-large is-resized\"><img loading=\"lazy\" decoding=\"async\" width=\"1024\" height=\"768\" src=\"https:\/\/blocsenresidencia.bcn.cat\/turoroquetes2024\/wp-content\/uploads\/2024\/04\/image_50337537-1024x768.jpg\" alt=\"\" class=\"wp-image-332\" style=\"width:653px;height:auto\" srcset=\"https:\/\/blocsenresidencia.bcn.cat\/turoroquetes2024\/wp-content\/uploads\/2024\/04\/image_50337537-1024x768.jpg 1024w, https:\/\/blocsenresidencia.bcn.cat\/turoroquetes2024\/wp-content\/uploads\/2024\/04\/image_50337537-300x225.jpg 300w, https:\/\/blocsenresidencia.bcn.cat\/turoroquetes2024\/wp-content\/uploads\/2024\/04\/image_50337537-768x576.jpg 768w, https:\/\/blocsenresidencia.bcn.cat\/turoroquetes2024\/wp-content\/uploads\/2024\/04\/image_50337537-1536x1152.jpg 1536w, https:\/\/blocsenresidencia.bcn.cat\/turoroquetes2024\/wp-content\/uploads\/2024\/04\/image_50337537-2048x1536.jpg 2048w\" sizes=\"auto, (max-width: 767px) 89vw, (max-width: 1000px) 54vw, (max-width: 1071px) 543px, 580px\" \/><figcaption class=\"wp-element-caption\">Un moment de l&#8217;assaig del passat dimarts<\/figcaption><\/figure><\/div>\n\n\n<p><\/p>\n","protected":false},"excerpt":{"rendered":"<p>El passat dimarts 16 d&#8217;abril vam anar a La Caldera per assajar. Tenim la primera part de l&#8217;actuaci\u00f3 m\u00e9s o menys feta. Avui a l&#8217;institut hem estat veient un v\u00eddeo del qu\u00e8 vam fer i ens est\u00e0 agradant molt com est\u00e0 quedant. Tenim moltes ganes que sigui el dia de l&#8217;actuaci\u00f3, perqu\u00e8 pugueu veure-ho!<\/p>\n","protected":false},"author":10,"featured_media":0,"comment_status":"open","ping_status":"open","sticky":false,"template":"","format":"standard","meta":{"footnotes":""},"categories":[1],"tags":[],"class_list":["post-331","post","type-post","status-publish","format-standard","hentry","category-general"],"_links":{"self":[{"href":"https:\/\/blocsenresidencia.bcn.cat\/turoroquetes2024\/wp-json\/wp\/v2\/posts\/331","targetHints":{"allow":["GET"]}}],"collection":[{"href":"https:\/\/blocsenresidencia.bcn.cat\/turoroquetes2024\/wp-json\/wp\/v2\/posts"}],"about":[{"href":"https:\/\/blocsenresidencia.bcn.cat\/turoroquetes2024\/wp-json\/wp\/v2\/types\/post"}],"author":[{"embeddable":true,"href":"https:\/\/blocsenresidencia.bcn.cat\/turoroquetes2024\/wp-json\/wp\/v2\/users\/10"}],"replies":[{"embeddable":true,"href":"https:\/\/blocsenresidencia.bcn.cat\/turoroquetes2024\/wp-json\/wp\/v2\/comments?post=331"}],"version-history":[{"count":3,"href":"https:\/\/blocsenresidencia.bcn.cat\/turoroquetes2024\/wp-json\/wp\/v2\/posts\/331\/revisions"}],"predecessor-version":[{"id":336,"href":"https:\/\/blocsenresidencia.bcn.cat\/turoroquetes2024\/wp-json\/wp\/v2\/posts\/331\/revisions\/336"}],"wp:attachment":[{"href":"https:\/\/blocsenresidencia.bcn.cat\/turoroquetes2024\/wp-json\/wp\/v2\/media?parent=331"}],"wp:term":[{"taxonomy":"category","embeddable":true,"href":"https:\/\/blocsenresidencia.bcn.cat\/turoroquetes2024\/wp-json\/wp\/v2\/categories?post=331"},{"taxonomy":"post_tag","embeddable":true,"href":"https:\/\/blocsenresidencia.bcn.cat\/turoroquetes2024\/wp-json\/wp\/v2\/tags?post=331"}],"curies":[{"name":"wp","href":"https:\/\/api.w.org\/{rel}","templated":true}]}}