{"id":42,"date":"2023-01-16T14:09:26","date_gmt":"2023-01-16T12:09:26","guid":{"rendered":"https:\/\/blocsenresidencia.bcn.cat\/vallhebron2023\/?p=42"},"modified":"2023-01-31T01:07:37","modified_gmt":"2023-01-30T23:07:37","slug":"creamos-nuestra-propia-ropa-sombra","status":"publish","type":"post","link":"https:\/\/blocsenresidencia.bcn.cat\/vallhebron2023\/2023\/01\/16\/creamos-nuestra-propia-ropa-sombra\/","title":{"rendered":"\u00a1Creamos nuestra propia ropa\/sombra!"},"content":{"rendered":"\n<p>Este proyecto sobre la creaci\u00f3n de ropa con materiales escolares como cart\u00f3n, papel, rotuladores. Se inici\u00f3 con la finalidad de expresar tus sentimientos y lo que te gusta, represent\u00e1ndolo en ropa, en tu propia sombra, es decir, en ti mismo.<\/p>\n\n\n\n<p>Cada persona mostraba un diferente dise\u00f1o expresando sus sentimientos, pero todos ten\u00edan la misma finalidad (representar lo que te gusta). Al acabar el proyecto hicimos una puesta en com\u00fan explicando lo que quer\u00edamos representar en nuestra obra o dicho de otra manera, proyecto.<\/p>\n\n\n\n<p>Todas fueron una pasada, ya que en cada uno se pod\u00eda ver lo que cada persona sent\u00eda. En mi opini\u00f3n, un muy buen proyecto con muy buena puesta en com\u00fan. Y una gran&nbsp;implicaci\u00f3n&nbsp;de todos los integrantes del proyecto.<\/p>\n\n\n\n<figure class=\"wp-block-video\"><video controls src=\"https:\/\/blocsenresidencia.bcn.cat\/vallhebron2023\/wp-content\/uploads\/2023\/01\/creamos-nuestra-ropa.mp4\"><\/video><\/figure>\n","protected":false},"excerpt":{"rendered":"<p>Este proyecto sobre la creaci\u00f3n de ropa con materiales escolares como cart\u00f3n, papel, rotuladores. Se inici\u00f3 con la finalidad de expresar tus sentimientos y lo que te gusta, represent\u00e1ndolo en ropa, en tu propia sombra, es decir, en ti mismo. Cada persona mostraba un diferente dise\u00f1o expresando sus sentimientos, pero todos ten\u00edan la misma finalidad &hellip; <\/p>\n<p class=\"link-more\"><a href=\"https:\/\/blocsenresidencia.bcn.cat\/vallhebron2023\/2023\/01\/16\/creamos-nuestra-propia-ropa-sombra\/\" class=\"more-link\">Continua llegint <span class=\"screen-reader-text\">\u00ab\u00a1Creamos nuestra propia ropa\/sombra!\u00bb<\/span><\/a><\/p>\n","protected":false},"author":6,"featured_media":0,"comment_status":"open","ping_status":"open","sticky":false,"template":"","format":"standard","meta":{"footnotes":""},"categories":[1],"tags":[],"class_list":["post-42","post","type-post","status-publish","format-standard","hentry","category-general"],"_links":{"self":[{"href":"https:\/\/blocsenresidencia.bcn.cat\/vallhebron2023\/wp-json\/wp\/v2\/posts\/42","targetHints":{"allow":["GET"]}}],"collection":[{"href":"https:\/\/blocsenresidencia.bcn.cat\/vallhebron2023\/wp-json\/wp\/v2\/posts"}],"about":[{"href":"https:\/\/blocsenresidencia.bcn.cat\/vallhebron2023\/wp-json\/wp\/v2\/types\/post"}],"author":[{"embeddable":true,"href":"https:\/\/blocsenresidencia.bcn.cat\/vallhebron2023\/wp-json\/wp\/v2\/users\/6"}],"replies":[{"embeddable":true,"href":"https:\/\/blocsenresidencia.bcn.cat\/vallhebron2023\/wp-json\/wp\/v2\/comments?post=42"}],"version-history":[{"count":6,"href":"https:\/\/blocsenresidencia.bcn.cat\/vallhebron2023\/wp-json\/wp\/v2\/posts\/42\/revisions"}],"predecessor-version":[{"id":54,"href":"https:\/\/blocsenresidencia.bcn.cat\/vallhebron2023\/wp-json\/wp\/v2\/posts\/42\/revisions\/54"}],"wp:attachment":[{"href":"https:\/\/blocsenresidencia.bcn.cat\/vallhebron2023\/wp-json\/wp\/v2\/media?parent=42"}],"wp:term":[{"taxonomy":"category","embeddable":true,"href":"https:\/\/blocsenresidencia.bcn.cat\/vallhebron2023\/wp-json\/wp\/v2\/categories?post=42"},{"taxonomy":"post_tag","embeddable":true,"href":"https:\/\/blocsenresidencia.bcn.cat\/vallhebron2023\/wp-json\/wp\/v2\/tags?post=42"}],"curies":[{"name":"wp","href":"https:\/\/api.w.org\/{rel}","templated":true}]}}