{"id":56,"date":"2023-03-03T13:46:41","date_gmt":"2023-03-03T11:46:41","guid":{"rendered":"https:\/\/blocsenresidencia.bcn.cat\/vallhebron2023\/?p=56"},"modified":"2023-03-03T13:46:41","modified_gmt":"2023-03-03T11:46:41","slug":"derives-per-la-vall-dhebron","status":"publish","type":"post","link":"https:\/\/blocsenresidencia.bcn.cat\/vallhebron2023\/2023\/03\/03\/derives-per-la-vall-dhebron\/","title":{"rendered":"Derives per la Vall d&#8217;Hebr\u00f3n"},"content":{"rendered":"\n<figure class=\"wp-block-gallery has-nested-images columns-default is-cropped wp-block-gallery-1 is-layout-flex wp-block-gallery-is-layout-flex\">\n<figure class=\"wp-block-image size-large\"><img loading=\"lazy\" decoding=\"async\" width=\"1024\" height=\"1024\" data-id=\"62\" src=\"https:\/\/blocsenresidencia.bcn.cat\/vallhebron2023\/wp-content\/uploads\/2023\/03\/Ilustracion_sin_titulo-1-1024x1024.png\" alt=\"\" class=\"wp-image-62\" srcset=\"https:\/\/blocsenresidencia.bcn.cat\/vallhebron2023\/wp-content\/uploads\/2023\/03\/Ilustracion_sin_titulo-1-1024x1024.png 1024w, https:\/\/blocsenresidencia.bcn.cat\/vallhebron2023\/wp-content\/uploads\/2023\/03\/Ilustracion_sin_titulo-1-300x300.png 300w, https:\/\/blocsenresidencia.bcn.cat\/vallhebron2023\/wp-content\/uploads\/2023\/03\/Ilustracion_sin_titulo-1-150x150.png 150w, https:\/\/blocsenresidencia.bcn.cat\/vallhebron2023\/wp-content\/uploads\/2023\/03\/Ilustracion_sin_titulo-1-768x768.png 768w, https:\/\/blocsenresidencia.bcn.cat\/vallhebron2023\/wp-content\/uploads\/2023\/03\/Ilustracion_sin_titulo-1-1536x1536.png 1536w, https:\/\/blocsenresidencia.bcn.cat\/vallhebron2023\/wp-content\/uploads\/2023\/03\/Ilustracion_sin_titulo-1.png 2048w, https:\/\/blocsenresidencia.bcn.cat\/vallhebron2023\/wp-content\/uploads\/2023\/03\/Ilustracion_sin_titulo-1-100x100.png 100w\" sizes=\"auto, (max-width: 767px) 89vw, (max-width: 1000px) 54vw, (max-width: 1071px) 543px, 580px\" \/><\/figure>\n\n\n\n<figure class=\"wp-block-image size-large\"><img loading=\"lazy\" decoding=\"async\" width=\"1024\" height=\"1024\" data-id=\"61\" src=\"https:\/\/blocsenresidencia.bcn.cat\/vallhebron2023\/wp-content\/uploads\/2023\/03\/Ilustracion_sin_titulo-2-1024x1024.png\" alt=\"\" class=\"wp-image-61\" srcset=\"https:\/\/blocsenresidencia.bcn.cat\/vallhebron2023\/wp-content\/uploads\/2023\/03\/Ilustracion_sin_titulo-2-1024x1024.png 1024w, https:\/\/blocsenresidencia.bcn.cat\/vallhebron2023\/wp-content\/uploads\/2023\/03\/Ilustracion_sin_titulo-2-300x300.png 300w, https:\/\/blocsenresidencia.bcn.cat\/vallhebron2023\/wp-content\/uploads\/2023\/03\/Ilustracion_sin_titulo-2-150x150.png 150w, https:\/\/blocsenresidencia.bcn.cat\/vallhebron2023\/wp-content\/uploads\/2023\/03\/Ilustracion_sin_titulo-2-768x768.png 768w, https:\/\/blocsenresidencia.bcn.cat\/vallhebron2023\/wp-content\/uploads\/2023\/03\/Ilustracion_sin_titulo-2-1536x1536.png 1536w, https:\/\/blocsenresidencia.bcn.cat\/vallhebron2023\/wp-content\/uploads\/2023\/03\/Ilustracion_sin_titulo-2.png 2048w, https:\/\/blocsenresidencia.bcn.cat\/vallhebron2023\/wp-content\/uploads\/2023\/03\/Ilustracion_sin_titulo-2-100x100.png 100w\" sizes=\"auto, (max-width: 767px) 89vw, (max-width: 1000px) 54vw, (max-width: 1071px) 543px, 580px\" \/><\/figure>\n\n\n\n<figure class=\"wp-block-image size-large\"><img loading=\"lazy\" decoding=\"async\" width=\"1024\" height=\"1024\" data-id=\"63\" src=\"https:\/\/blocsenresidencia.bcn.cat\/vallhebron2023\/wp-content\/uploads\/2023\/03\/Ilustracion_sin_titulo-3-1024x1024.png\" alt=\"\" class=\"wp-image-63\" srcset=\"https:\/\/blocsenresidencia.bcn.cat\/vallhebron2023\/wp-content\/uploads\/2023\/03\/Ilustracion_sin_titulo-3-1024x1024.png 1024w, https:\/\/blocsenresidencia.bcn.cat\/vallhebron2023\/wp-content\/uploads\/2023\/03\/Ilustracion_sin_titulo-3-300x300.png 300w, https:\/\/blocsenresidencia.bcn.cat\/vallhebron2023\/wp-content\/uploads\/2023\/03\/Ilustracion_sin_titulo-3-150x150.png 150w, https:\/\/blocsenresidencia.bcn.cat\/vallhebron2023\/wp-content\/uploads\/2023\/03\/Ilustracion_sin_titulo-3-768x768.png 768w, https:\/\/blocsenresidencia.bcn.cat\/vallhebron2023\/wp-content\/uploads\/2023\/03\/Ilustracion_sin_titulo-3-1536x1536.png 1536w, https:\/\/blocsenresidencia.bcn.cat\/vallhebron2023\/wp-content\/uploads\/2023\/03\/Ilustracion_sin_titulo-3.png 2048w, https:\/\/blocsenresidencia.bcn.cat\/vallhebron2023\/wp-content\/uploads\/2023\/03\/Ilustracion_sin_titulo-3-100x100.png 100w\" sizes=\"auto, (max-width: 767px) 89vw, (max-width: 1000px) 54vw, (max-width: 1071px) 543px, 580px\" \/><\/figure>\n\n\n\n<figure class=\"wp-block-image size-large\"><img loading=\"lazy\" decoding=\"async\" width=\"1024\" height=\"1024\" data-id=\"60\" src=\"https:\/\/blocsenresidencia.bcn.cat\/vallhebron2023\/wp-content\/uploads\/2023\/03\/Ilustracion_sin_titulo-4-1024x1024.png\" alt=\"\" class=\"wp-image-60\" srcset=\"https:\/\/blocsenresidencia.bcn.cat\/vallhebron2023\/wp-content\/uploads\/2023\/03\/Ilustracion_sin_titulo-4-1024x1024.png 1024w, https:\/\/blocsenresidencia.bcn.cat\/vallhebron2023\/wp-content\/uploads\/2023\/03\/Ilustracion_sin_titulo-4-300x300.png 300w, https:\/\/blocsenresidencia.bcn.cat\/vallhebron2023\/wp-content\/uploads\/2023\/03\/Ilustracion_sin_titulo-4-150x150.png 150w, https:\/\/blocsenresidencia.bcn.cat\/vallhebron2023\/wp-content\/uploads\/2023\/03\/Ilustracion_sin_titulo-4-768x768.png 768w, https:\/\/blocsenresidencia.bcn.cat\/vallhebron2023\/wp-content\/uploads\/2023\/03\/Ilustracion_sin_titulo-4-1536x1536.png 1536w, https:\/\/blocsenresidencia.bcn.cat\/vallhebron2023\/wp-content\/uploads\/2023\/03\/Ilustracion_sin_titulo-4.png 2048w, https:\/\/blocsenresidencia.bcn.cat\/vallhebron2023\/wp-content\/uploads\/2023\/03\/Ilustracion_sin_titulo-4-100x100.png 100w\" sizes=\"auto, (max-width: 767px) 89vw, (max-width: 1000px) 54vw, (max-width: 1071px) 543px, 580px\" \/><\/figure>\n\n\n\n<figure class=\"wp-block-image size-large\"><img loading=\"lazy\" decoding=\"async\" width=\"1024\" height=\"1024\" data-id=\"57\" src=\"https:\/\/blocsenresidencia.bcn.cat\/vallhebron2023\/wp-content\/uploads\/2023\/03\/Ilustracion_sin_titulo-5-1024x1024.png\" alt=\"\" class=\"wp-image-57\" srcset=\"https:\/\/blocsenresidencia.bcn.cat\/vallhebron2023\/wp-content\/uploads\/2023\/03\/Ilustracion_sin_titulo-5-1024x1024.png 1024w, https:\/\/blocsenresidencia.bcn.cat\/vallhebron2023\/wp-content\/uploads\/2023\/03\/Ilustracion_sin_titulo-5-300x300.png 300w, https:\/\/blocsenresidencia.bcn.cat\/vallhebron2023\/wp-content\/uploads\/2023\/03\/Ilustracion_sin_titulo-5-150x150.png 150w, https:\/\/blocsenresidencia.bcn.cat\/vallhebron2023\/wp-content\/uploads\/2023\/03\/Ilustracion_sin_titulo-5-768x768.png 768w, https:\/\/blocsenresidencia.bcn.cat\/vallhebron2023\/wp-content\/uploads\/2023\/03\/Ilustracion_sin_titulo-5-1536x1536.png 1536w, https:\/\/blocsenresidencia.bcn.cat\/vallhebron2023\/wp-content\/uploads\/2023\/03\/Ilustracion_sin_titulo-5.png 2048w, https:\/\/blocsenresidencia.bcn.cat\/vallhebron2023\/wp-content\/uploads\/2023\/03\/Ilustracion_sin_titulo-5-100x100.png 100w\" sizes=\"auto, (max-width: 767px) 89vw, (max-width: 1000px) 54vw, (max-width: 1071px) 543px, 580px\" \/><figcaption class=\"wp-element-caption\">Il\u00b7lustracions de la N\u00faria In\u00e9s sobre les derives de la Vall d&#8217;hebr\u00f3n<\/figcaption><\/figure>\n\n\n\n<figure class=\"wp-block-image size-large\"><img loading=\"lazy\" decoding=\"async\" width=\"1024\" height=\"1024\" data-id=\"59\" src=\"https:\/\/blocsenresidencia.bcn.cat\/vallhebron2023\/wp-content\/uploads\/2023\/03\/Ilustracion_sin_titulo-6-1024x1024.png\" alt=\"\" class=\"wp-image-59\" srcset=\"https:\/\/blocsenresidencia.bcn.cat\/vallhebron2023\/wp-content\/uploads\/2023\/03\/Ilustracion_sin_titulo-6-1024x1024.png 1024w, https:\/\/blocsenresidencia.bcn.cat\/vallhebron2023\/wp-content\/uploads\/2023\/03\/Ilustracion_sin_titulo-6-300x300.png 300w, https:\/\/blocsenresidencia.bcn.cat\/vallhebron2023\/wp-content\/uploads\/2023\/03\/Ilustracion_sin_titulo-6-150x150.png 150w, https:\/\/blocsenresidencia.bcn.cat\/vallhebron2023\/wp-content\/uploads\/2023\/03\/Ilustracion_sin_titulo-6-768x768.png 768w, https:\/\/blocsenresidencia.bcn.cat\/vallhebron2023\/wp-content\/uploads\/2023\/03\/Ilustracion_sin_titulo-6-1536x1536.png 1536w, https:\/\/blocsenresidencia.bcn.cat\/vallhebron2023\/wp-content\/uploads\/2023\/03\/Ilustracion_sin_titulo-6.png 2048w, https:\/\/blocsenresidencia.bcn.cat\/vallhebron2023\/wp-content\/uploads\/2023\/03\/Ilustracion_sin_titulo-6-100x100.png 100w\" sizes=\"auto, (max-width: 767px) 89vw, (max-width: 1000px) 54vw, (max-width: 1071px) 543px, 580px\" \/><\/figure>\n<\/figure>\n\n\n\n<p>Amb les joves de l\u2019Insti de la Vall d\u2019Hebr\u00f3n vam estar durant varies sessions fent derives pels carrers i espais del barri que s\u00f3n m\u00e9s propers a l\u2019institut. L\u2019objectiu era generar una rutina de cerca i acumulaci\u00f3 d\u2019objectes amb els que despr\u00e9s poguessim teixir reflexions sobre el barri.&nbsp;<\/p>\n\n\n\n<p>Aquestes imatges les destaco per que s\u00f3n ja de quan la din\u00e0mica estaba instaurada i les joves ens guiaven a les adultes als seus espais. En aquesta ocasi\u00f3 es van fer seu un espai del parc que abans estaba ocupat per jubilats que hi feien esport. Va ser incre\u00edble comprobar amb quina naturalitat reclamaven el seu lloc. No s\u00f3n un registre de la seva deriva\u2026 s\u00f3n un registre de la meva deriva, una mostra de com porto dies observant-los per comprendre\u2019ls. Aquests dibuixos s\u00f3n per a mi el que per a les joves s\u00f3n els fragments de barri que han dut i ordenat a l\u2019aula.<\/p>\n\n\n\n<p><\/p>\n","protected":false},"excerpt":{"rendered":"<p>Amb les joves de l\u2019Insti de la Vall d\u2019Hebr\u00f3n vam estar durant varies sessions fent derives pels carrers i espais del barri que s\u00f3n m\u00e9s propers a l\u2019institut. L\u2019objectiu era generar una rutina de cerca i acumulaci\u00f3 d\u2019objectes amb els que despr\u00e9s poguessim teixir reflexions sobre el barri.&nbsp; Aquestes imatges les destaco per que s\u00f3n &hellip; <\/p>\n<p class=\"link-more\"><a href=\"https:\/\/blocsenresidencia.bcn.cat\/vallhebron2023\/2023\/03\/03\/derives-per-la-vall-dhebron\/\" class=\"more-link\">Continua llegint <span class=\"screen-reader-text\">\u00abDerives per la Vall d&#8217;Hebr\u00f3n\u00bb<\/span><\/a><\/p>\n","protected":false},"author":7,"featured_media":0,"comment_status":"open","ping_status":"open","sticky":false,"template":"","format":"standard","meta":{"footnotes":""},"categories":[1],"tags":[],"class_list":["post-56","post","type-post","status-publish","format-standard","hentry","category-general"],"_links":{"self":[{"href":"https:\/\/blocsenresidencia.bcn.cat\/vallhebron2023\/wp-json\/wp\/v2\/posts\/56","targetHints":{"allow":["GET"]}}],"collection":[{"href":"https:\/\/blocsenresidencia.bcn.cat\/vallhebron2023\/wp-json\/wp\/v2\/posts"}],"about":[{"href":"https:\/\/blocsenresidencia.bcn.cat\/vallhebron2023\/wp-json\/wp\/v2\/types\/post"}],"author":[{"embeddable":true,"href":"https:\/\/blocsenresidencia.bcn.cat\/vallhebron2023\/wp-json\/wp\/v2\/users\/7"}],"replies":[{"embeddable":true,"href":"https:\/\/blocsenresidencia.bcn.cat\/vallhebron2023\/wp-json\/wp\/v2\/comments?post=56"}],"version-history":[{"count":1,"href":"https:\/\/blocsenresidencia.bcn.cat\/vallhebron2023\/wp-json\/wp\/v2\/posts\/56\/revisions"}],"predecessor-version":[{"id":64,"href":"https:\/\/blocsenresidencia.bcn.cat\/vallhebron2023\/wp-json\/wp\/v2\/posts\/56\/revisions\/64"}],"wp:attachment":[{"href":"https:\/\/blocsenresidencia.bcn.cat\/vallhebron2023\/wp-json\/wp\/v2\/media?parent=56"}],"wp:term":[{"taxonomy":"category","embeddable":true,"href":"https:\/\/blocsenresidencia.bcn.cat\/vallhebron2023\/wp-json\/wp\/v2\/categories?post=56"},{"taxonomy":"post_tag","embeddable":true,"href":"https:\/\/blocsenresidencia.bcn.cat\/vallhebron2023\/wp-json\/wp\/v2\/tags?post=56"}],"curies":[{"name":"wp","href":"https:\/\/api.w.org\/{rel}","templated":true}]}}