{"id":223,"date":"2023-01-11T13:52:39","date_gmt":"2023-01-11T11:52:39","guid":{"rendered":"https:\/\/blocsenresidencia.bcn.cat\/vapordelfil2023\/?p=223"},"modified":"2023-02-10T18:19:52","modified_gmt":"2023-02-10T16:19:52","slug":"__trashed-7","status":"publish","type":"post","link":"https:\/\/blocsenresidencia.bcn.cat\/vapordelfil2023\/2023\/01\/11\/__trashed-7\/","title":{"rendered":"Llum i color"},"content":{"rendered":"\n<p><strong>Abril, Martina, Noa, Jana i Juliette<\/strong><\/p>\n\n\n\n<p>Aquesta setmana hem investigat la llum i el color. Vam parlar sobre els colors primaris i secundaris que passava si els varej\u00e0vem, vam arribar a la conclusi\u00f3 que si barrej\u00e0vem tots els colors primaris de la llum ens donava blanc i si barrej\u00e0vem tots els colors primaris dels pigments ens donava negre.<\/p>\n\n\n\n<p>Tamb\u00e9 vam parlar sobre les diferents fonts de llum vam veure que tot  el que produ\u00efa llum era una font de llum, des de les llums LED a una TV tamb\u00e9 hi havia altres fonts de llum com el foc el sol una bombeta la lava i moltes coses m\u00e9s. <\/p>\n\n\n<div class=\"wp-block-image\">\n<figure class=\"alignleft size-large is-resized\"><img decoding=\"async\" src=\"https:\/\/blocsenresidencia.bcn.cat\/vapordelfil2023\/wp-content\/uploads\/2023\/02\/image-1-1024x774.png\" alt=\"\" class=\"wp-image-311\" width=\"-193\" height=\"-145\" srcset=\"https:\/\/blocsenresidencia.bcn.cat\/vapordelfil2023\/wp-content\/uploads\/2023\/02\/image-1-1024x774.png 1024w, https:\/\/blocsenresidencia.bcn.cat\/vapordelfil2023\/wp-content\/uploads\/2023\/02\/image-1-300x227.png 300w, https:\/\/blocsenresidencia.bcn.cat\/vapordelfil2023\/wp-content\/uploads\/2023\/02\/image-1-768x580.png 768w, https:\/\/blocsenresidencia.bcn.cat\/vapordelfil2023\/wp-content\/uploads\/2023\/02\/image-1-1536x1161.png 1536w, https:\/\/blocsenresidencia.bcn.cat\/vapordelfil2023\/wp-content\/uploads\/2023\/02\/image-1-2048x1547.png 2048w\" sizes=\"(max-width: 767px) 89vw, (max-width: 1000px) 54vw, (max-width: 1071px) 543px, 580px\" \/><figcaption class=\"wp-element-caption\">Llibreta de llum i color<\/figcaption><\/figure><\/div>\n\n\n<p>Aquesta setmana tamb\u00e9 hem apr\u00e8s que hi ha diferents  tipus d&#8217;ones: Alguns tipus d&#8217;ones s\u00f3n la Ultraviolada, Infrarojos, R\u00e0dio, Microones, Rajos X, wifi. <\/p>\n\n\n\n<p>Al dia seg\u00fcent van vindre el col\u00b7lectiu d&#8217;estampa  van portar tres projectors on pos\u00e0vem uns filtres de colors i els veiem a la paret.  Pod\u00edem anar posant els filtres de colors que volgu\u00e9ssim per veure&#8217;ns les ombres que eren barreges dels colors a la paret.<\/p>\n\n\n\n<figure class=\"wp-block-image size-large is-resized\"><img loading=\"lazy\" decoding=\"async\" src=\"https:\/\/blocsenresidencia.bcn.cat\/vapordelfil2023\/wp-content\/uploads\/2023\/02\/image-3-1024x768.png\" alt=\"\" class=\"wp-image-370\" width=\"673\" height=\"502\" \/><\/figure>\n\n\n\n<figure class=\"wp-block-image size-large is-resized\"><img loading=\"lazy\" decoding=\"async\" src=\"https:\/\/blocsenresidencia.bcn.cat\/vapordelfil2023\/wp-content\/uploads\/2023\/02\/20230117_111842-768x1024.jpg\" alt=\"\" class=\"wp-image-375\" width=\"673\" height=\"893\" \/><\/figure>\n\n\n\n<figure class=\"wp-block-image size-large\"><img loading=\"lazy\" decoding=\"async\" width=\"1024\" height=\"768\" src=\"https:\/\/blocsenresidencia.bcn.cat\/vapordelfil2023\/wp-content\/uploads\/2023\/02\/Filtres-1024x768.jpg\" alt=\"\" class=\"wp-image-392\" srcset=\"https:\/\/blocsenresidencia.bcn.cat\/vapordelfil2023\/wp-content\/uploads\/2023\/02\/Filtres-1024x768.jpg 1024w, https:\/\/blocsenresidencia.bcn.cat\/vapordelfil2023\/wp-content\/uploads\/2023\/02\/Filtres-300x225.jpg 300w, https:\/\/blocsenresidencia.bcn.cat\/vapordelfil2023\/wp-content\/uploads\/2023\/02\/Filtres-768x576.jpg 768w, https:\/\/blocsenresidencia.bcn.cat\/vapordelfil2023\/wp-content\/uploads\/2023\/02\/Filtres-1536x1152.jpg 1536w, https:\/\/blocsenresidencia.bcn.cat\/vapordelfil2023\/wp-content\/uploads\/2023\/02\/Filtres-2048x1536.jpg 2048w\" sizes=\"auto, (max-width: 767px) 89vw, (max-width: 1000px) 54vw, (max-width: 1071px) 543px, 580px\" \/><\/figure>\n\n\n\n<figure class=\"wp-block-image size-large\"><img loading=\"lazy\" decoding=\"async\" width=\"768\" height=\"1024\" src=\"https:\/\/blocsenresidencia.bcn.cat\/vapordelfil2023\/wp-content\/uploads\/2023\/02\/ombra-1-768x1024.jpg\" alt=\"\" class=\"wp-image-393\" srcset=\"https:\/\/blocsenresidencia.bcn.cat\/vapordelfil2023\/wp-content\/uploads\/2023\/02\/ombra-1-768x1024.jpg 768w, https:\/\/blocsenresidencia.bcn.cat\/vapordelfil2023\/wp-content\/uploads\/2023\/02\/ombra-1-225x300.jpg 225w, https:\/\/blocsenresidencia.bcn.cat\/vapordelfil2023\/wp-content\/uploads\/2023\/02\/ombra-1-1152x1536.jpg 1152w, https:\/\/blocsenresidencia.bcn.cat\/vapordelfil2023\/wp-content\/uploads\/2023\/02\/ombra-1-1536x2048.jpg 1536w, https:\/\/blocsenresidencia.bcn.cat\/vapordelfil2023\/wp-content\/uploads\/2023\/02\/ombra-1-scaled.jpg 1920w\" sizes=\"auto, (max-width: 767px) 89vw, (max-width: 1000px) 54vw, (max-width: 1071px) 543px, 580px\" \/><\/figure>\n\n\n\n<figure class=\"wp-block-image size-large\"><img loading=\"lazy\" decoding=\"async\" width=\"768\" height=\"1024\" src=\"https:\/\/blocsenresidencia.bcn.cat\/vapordelfil2023\/wp-content\/uploads\/2023\/02\/ombra-2-768x1024.jpg\" alt=\"\" class=\"wp-image-394\" srcset=\"https:\/\/blocsenresidencia.bcn.cat\/vapordelfil2023\/wp-content\/uploads\/2023\/02\/ombra-2-768x1024.jpg 768w, https:\/\/blocsenresidencia.bcn.cat\/vapordelfil2023\/wp-content\/uploads\/2023\/02\/ombra-2-225x300.jpg 225w, https:\/\/blocsenresidencia.bcn.cat\/vapordelfil2023\/wp-content\/uploads\/2023\/02\/ombra-2-1152x1536.jpg 1152w, https:\/\/blocsenresidencia.bcn.cat\/vapordelfil2023\/wp-content\/uploads\/2023\/02\/ombra-2-1536x2048.jpg 1536w, https:\/\/blocsenresidencia.bcn.cat\/vapordelfil2023\/wp-content\/uploads\/2023\/02\/ombra-2-scaled.jpg 1920w\" sizes=\"auto, (max-width: 767px) 89vw, (max-width: 1000px) 54vw, (max-width: 1071px) 543px, 580px\" \/><\/figure>\n\n\n\n<figure class=\"wp-block-image size-large\"><img loading=\"lazy\" decoding=\"async\" width=\"768\" height=\"1024\" src=\"https:\/\/blocsenresidencia.bcn.cat\/vapordelfil2023\/wp-content\/uploads\/2023\/02\/ombra-3-768x1024.jpg\" alt=\"\" class=\"wp-image-395\" srcset=\"https:\/\/blocsenresidencia.bcn.cat\/vapordelfil2023\/wp-content\/uploads\/2023\/02\/ombra-3-768x1024.jpg 768w, https:\/\/blocsenresidencia.bcn.cat\/vapordelfil2023\/wp-content\/uploads\/2023\/02\/ombra-3-225x300.jpg 225w, https:\/\/blocsenresidencia.bcn.cat\/vapordelfil2023\/wp-content\/uploads\/2023\/02\/ombra-3-1152x1536.jpg 1152w, https:\/\/blocsenresidencia.bcn.cat\/vapordelfil2023\/wp-content\/uploads\/2023\/02\/ombra-3-1536x2048.jpg 1536w, https:\/\/blocsenresidencia.bcn.cat\/vapordelfil2023\/wp-content\/uploads\/2023\/02\/ombra-3-scaled.jpg 1920w\" sizes=\"auto, (max-width: 767px) 89vw, (max-width: 1000px) 54vw, (max-width: 1071px) 543px, 580px\" \/><\/figure>\n","protected":false},"excerpt":{"rendered":"<p>Abril, Martina, Noa, Jana i Juliette Aquesta setmana hem investigat la llum i el color. Vam parlar sobre els colors primaris i secundaris que passava si els varej\u00e0vem, vam arribar a la conclusi\u00f3 que si barrej\u00e0vem tots els colors primaris de la llum ens donava blanc i si barrej\u00e0vem tots els colors primaris dels pigments &hellip; <\/p>\n<p class=\"link-more\"><a href=\"https:\/\/blocsenresidencia.bcn.cat\/vapordelfil2023\/2023\/01\/11\/__trashed-7\/\" class=\"more-link\">Continua llegint <span class=\"screen-reader-text\">\u00abLlum i color\u00bb<\/span><\/a><\/p>\n","protected":false},"author":7,"featured_media":0,"comment_status":"open","ping_status":"open","sticky":false,"template":"","format":"standard","meta":{"footnotes":""},"categories":[1],"tags":[],"class_list":["post-223","post","type-post","status-publish","format-standard","hentry","category-general"],"_links":{"self":[{"href":"https:\/\/blocsenresidencia.bcn.cat\/vapordelfil2023\/wp-json\/wp\/v2\/posts\/223","targetHints":{"allow":["GET"]}}],"collection":[{"href":"https:\/\/blocsenresidencia.bcn.cat\/vapordelfil2023\/wp-json\/wp\/v2\/posts"}],"about":[{"href":"https:\/\/blocsenresidencia.bcn.cat\/vapordelfil2023\/wp-json\/wp\/v2\/types\/post"}],"author":[{"embeddable":true,"href":"https:\/\/blocsenresidencia.bcn.cat\/vapordelfil2023\/wp-json\/wp\/v2\/users\/7"}],"replies":[{"embeddable":true,"href":"https:\/\/blocsenresidencia.bcn.cat\/vapordelfil2023\/wp-json\/wp\/v2\/comments?post=223"}],"version-history":[{"count":14,"href":"https:\/\/blocsenresidencia.bcn.cat\/vapordelfil2023\/wp-json\/wp\/v2\/posts\/223\/revisions"}],"predecessor-version":[{"id":397,"href":"https:\/\/blocsenresidencia.bcn.cat\/vapordelfil2023\/wp-json\/wp\/v2\/posts\/223\/revisions\/397"}],"wp:attachment":[{"href":"https:\/\/blocsenresidencia.bcn.cat\/vapordelfil2023\/wp-json\/wp\/v2\/media?parent=223"}],"wp:term":[{"taxonomy":"category","embeddable":true,"href":"https:\/\/blocsenresidencia.bcn.cat\/vapordelfil2023\/wp-json\/wp\/v2\/categories?post=223"},{"taxonomy":"post_tag","embeddable":true,"href":"https:\/\/blocsenresidencia.bcn.cat\/vapordelfil2023\/wp-json\/wp\/v2\/tags?post=223"}],"curies":[{"name":"wp","href":"https:\/\/api.w.org\/{rel}","templated":true}]}}