{"id":305,"date":"2023-02-08T13:56:10","date_gmt":"2023-02-08T11:56:10","guid":{"rendered":"https:\/\/blocsenresidencia.bcn.cat\/vapordelfil2023\/?p=305"},"modified":"2023-02-10T17:52:48","modified_gmt":"2023-02-10T15:52:48","slug":"com-veuen-els-animals","status":"publish","type":"post","link":"https:\/\/blocsenresidencia.bcn.cat\/vapordelfil2023\/2023\/02\/08\/com-veuen-els-animals\/","title":{"rendered":"Com veuen els animals"},"content":{"rendered":"\n<p><strong>Sofia, Aina i Beth<\/strong><\/p>\n\n\n\n<p>El pau ens va dir que els animals veuen  diferent de nosaltres, per exemple les abelles veuen amb llum ultraviolada, per\u00f2 no veuen la llum vermella. O els ratpenats, que no veuen, sin\u00f3 que fan sons aquells sons reboten i els hi tornen una mena d&#8217;ecos que gr\u00e0cies a aix\u00f2 poden fer-se un petit mapa mental.<\/p>\n\n\n\n<p>Ecolocalitzaci\u00f3: Ocorre quan un animal emet una ona de so que rebota en un objecte i torna un ress\u00f2 que proporciona informaci\u00f3 sobre la dist\u00e0ncia i la mida del dit objecte.<\/p>\n\n\n\n<figure class=\"wp-block-image size-full is-resized\"><img loading=\"lazy\" decoding=\"async\" src=\"https:\/\/blocsenresidencia.bcn.cat\/vapordelfil2023\/wp-content\/uploads\/2023\/02\/Screenshot-2023-02-08-12.43.39.png\" alt=\"\" class=\"wp-image-367\" width=\"673\" height=\"379\" srcset=\"https:\/\/blocsenresidencia.bcn.cat\/vapordelfil2023\/wp-content\/uploads\/2023\/02\/Screenshot-2023-02-08-12.43.39.png 792w, https:\/\/blocsenresidencia.bcn.cat\/vapordelfil2023\/wp-content\/uploads\/2023\/02\/Screenshot-2023-02-08-12.43.39-300x169.png 300w, https:\/\/blocsenresidencia.bcn.cat\/vapordelfil2023\/wp-content\/uploads\/2023\/02\/Screenshot-2023-02-08-12.43.39-768x433.png 768w\" sizes=\"auto, (max-width: 673px) 100vw, 673px\" \/><\/figure>\n\n\n\n<figure class=\"wp-block-image size-full is-resized\"><img loading=\"lazy\" decoding=\"async\" src=\"https:\/\/blocsenresidencia.bcn.cat\/vapordelfil2023\/wp-content\/uploads\/2023\/02\/Screenshot-2023-02-08-12.44.06.png\" alt=\"\" class=\"wp-image-371\" width=\"673\" height=\"376\" \/><\/figure>\n\n\n\n<figure class=\"wp-block-image size-full is-resized\"><img loading=\"lazy\" decoding=\"async\" src=\"https:\/\/blocsenresidencia.bcn.cat\/vapordelfil2023\/wp-content\/uploads\/2023\/02\/images-1.jpeg\" alt=\"\" class=\"wp-image-373\" width=\"671\" height=\"285\" srcset=\"https:\/\/blocsenresidencia.bcn.cat\/vapordelfil2023\/wp-content\/uploads\/2023\/02\/images-1.jpeg 344w, https:\/\/blocsenresidencia.bcn.cat\/vapordelfil2023\/wp-content\/uploads\/2023\/02\/images-1-300x127.jpeg 300w\" sizes=\"auto, (max-width: 671px) 100vw, 671px\" \/><\/figure>\n\n\n\n<figure class=\"wp-block-image size-full is-resized\"><img loading=\"lazy\" decoding=\"async\" src=\"https:\/\/blocsenresidencia.bcn.cat\/vapordelfil2023\/wp-content\/uploads\/2023\/02\/Screenshot-2023-02-08-12.45.16.png\" alt=\"\" class=\"wp-image-376\" width=\"670\" height=\"378\" srcset=\"https:\/\/blocsenresidencia.bcn.cat\/vapordelfil2023\/wp-content\/uploads\/2023\/02\/Screenshot-2023-02-08-12.45.16.png 791w, https:\/\/blocsenresidencia.bcn.cat\/vapordelfil2023\/wp-content\/uploads\/2023\/02\/Screenshot-2023-02-08-12.45.16-300x169.png 300w, https:\/\/blocsenresidencia.bcn.cat\/vapordelfil2023\/wp-content\/uploads\/2023\/02\/Screenshot-2023-02-08-12.45.16-768x433.png 768w\" sizes=\"auto, (max-width: 670px) 100vw, 670px\" \/><\/figure>\n","protected":false},"excerpt":{"rendered":"<p>Sofia, Aina i Beth El pau ens va dir que els animals veuen diferent de nosaltres, per exemple les abelles veuen amb llum ultraviolada, per\u00f2 no veuen la llum vermella. O els ratpenats, que no veuen, sin\u00f3 que fan sons aquells sons reboten i els hi tornen una mena d&#8217;ecos que gr\u00e0cies a aix\u00f2 poden &hellip; <\/p>\n<p class=\"link-more\"><a href=\"https:\/\/blocsenresidencia.bcn.cat\/vapordelfil2023\/2023\/02\/08\/com-veuen-els-animals\/\" class=\"more-link\">Continua llegint <span class=\"screen-reader-text\">\u00abCom veuen els animals\u00bb<\/span><\/a><\/p>\n","protected":false},"author":7,"featured_media":0,"comment_status":"open","ping_status":"open","sticky":false,"template":"","format":"standard","meta":{"footnotes":""},"categories":[1],"tags":[],"class_list":["post-305","post","type-post","status-publish","format-standard","hentry","category-general"],"_links":{"self":[{"href":"https:\/\/blocsenresidencia.bcn.cat\/vapordelfil2023\/wp-json\/wp\/v2\/posts\/305","targetHints":{"allow":["GET"]}}],"collection":[{"href":"https:\/\/blocsenresidencia.bcn.cat\/vapordelfil2023\/wp-json\/wp\/v2\/posts"}],"about":[{"href":"https:\/\/blocsenresidencia.bcn.cat\/vapordelfil2023\/wp-json\/wp\/v2\/types\/post"}],"author":[{"embeddable":true,"href":"https:\/\/blocsenresidencia.bcn.cat\/vapordelfil2023\/wp-json\/wp\/v2\/users\/7"}],"replies":[{"embeddable":true,"href":"https:\/\/blocsenresidencia.bcn.cat\/vapordelfil2023\/wp-json\/wp\/v2\/comments?post=305"}],"version-history":[{"count":9,"href":"https:\/\/blocsenresidencia.bcn.cat\/vapordelfil2023\/wp-json\/wp\/v2\/posts\/305\/revisions"}],"predecessor-version":[{"id":387,"href":"https:\/\/blocsenresidencia.bcn.cat\/vapordelfil2023\/wp-json\/wp\/v2\/posts\/305\/revisions\/387"}],"wp:attachment":[{"href":"https:\/\/blocsenresidencia.bcn.cat\/vapordelfil2023\/wp-json\/wp\/v2\/media?parent=305"}],"wp:term":[{"taxonomy":"category","embeddable":true,"href":"https:\/\/blocsenresidencia.bcn.cat\/vapordelfil2023\/wp-json\/wp\/v2\/categories?post=305"},{"taxonomy":"post_tag","embeddable":true,"href":"https:\/\/blocsenresidencia.bcn.cat\/vapordelfil2023\/wp-json\/wp\/v2\/tags?post=305"}],"curies":[{"name":"wp","href":"https:\/\/api.w.org\/{rel}","templated":true}]}}