{"id":402,"date":"2023-04-12T12:53:49","date_gmt":"2023-04-12T10:53:49","guid":{"rendered":"https:\/\/blocsenresidencia.bcn.cat\/vapordelfil2023\/?p=402"},"modified":"2023-05-07T21:04:19","modified_gmt":"2023-05-07T19:04:19","slug":"contaminacio","status":"publish","type":"post","link":"https:\/\/blocsenresidencia.bcn.cat\/vapordelfil2023\/2023\/04\/12\/contaminacio\/","title":{"rendered":"Contaminaci\u00f3"},"content":{"rendered":"\n<p><strong>Martina, Jes\u00fas, Noa i Abril<\/strong><\/p>\n\n\n\n<p>Ens vam dividir en 7 seccions.<\/p>\n\n\n\n<p>Aquest curs a En Residencia hem treballat diferents temes: Si cliqueu a sobre anireu a la p\u00e0gina del blog on s&#8217;expliquen. <\/p>\n\n\n\n<ul class=\"wp-block-list\">\n<li>Qui<a href=\"https:\/\/blocsenresidencia.bcn.cat\/vapordelfil2023\/wp-admin\/post.php?post=49&amp;action=edit\"> som l\u2019alumnat d\u2019En Resid\u00e8ncia?<\/a><\/li>\n\n\n\n<li><a href=\"https:\/\/blocsenresidencia.bcn.cat\/vapordelfil2023\/wp-admin\/post.php?post=117&amp;action=edit\">Coneixem a Estampa, i ens presentem amb obres d\u2019art contemporani<\/a><\/li>\n\n\n\n<li><a href=\"https:\/\/blocsenresidencia.bcn.cat\/vapordelfil2023\/wp-admin\/post.php?post=46&amp;action=edit\">Comencem les llibretes, sobre qu\u00e8 investigarem amb Estampa?<\/a><\/li>\n\n\n\n<li><a href=\"https:\/\/blocsenresidencia.bcn.cat\/vapordelfil2023\/wp-admin\/post.php?post=99&amp;action=edit\">Cambra fosca<\/a><\/li>\n\n\n\n<li><a href=\"https:\/\/blocsenresidencia.bcn.cat\/vapordelfil2023\/wp-admin\/post.php?post=48&amp;action=edit\">Cam\u00ed a casa i instruccions pict\u00f2riques<\/a><\/li>\n\n\n\n<li><a href=\"https:\/\/blocsenresidencia.bcn.cat\/vapordelfil2023\/wp-admin\/post.php?post=195&amp;action=edit\">Cartografia<\/a><\/li>\n\n\n\n<li><a href=\"https:\/\/blocsenresidencia.bcn.cat\/vapordelfil2023\/wp-admin\/post.php?post=223&amp;action=edit\">Llum i color<\/a><\/li>\n\n\n\n<li><a href=\"https:\/\/blocsenresidencia.bcn.cat\/vapordelfil2023\/wp-admin\/post.php?post=204&amp;action=edit\">S\u00edntesi subtractiva<\/a><\/li>\n\n\n\n<li>Com<a href=\"https:\/\/blocsenresidencia.bcn.cat\/vapordelfil2023\/wp-admin\/post.php?post=305&amp;action=edit\"> veuen els animals<\/a><\/li>\n\n\n\n<li><a href=\"https:\/\/blocsenresidencia.bcn.cat\/vapordelfil2023\/wp-admin\/post.php?post=309&amp;action=edit\">Fluoresc\u00e8ncia<\/a><\/li>\n<\/ul>\n\n\n\n<p>Aquests temes els hem ensenyat a la contaminaci\u00f3. <\/p>\n\n\n\n<p>Vam comen\u00e7ar la contaminaci\u00f3 menjant pizza per agafar forces&#8230;<\/p>\n\n\n\n<figure class=\"wp-block-image size-large is-resized\"><img loading=\"lazy\" decoding=\"async\" src=\"https:\/\/blocsenresidencia.bcn.cat\/vapordelfil2023\/wp-content\/uploads\/2023\/04\/20230301_152814-1024x768.jpg\" alt=\"\" class=\"wp-image-502\" width=\"674\" height=\"505\" srcset=\"https:\/\/blocsenresidencia.bcn.cat\/vapordelfil2023\/wp-content\/uploads\/2023\/04\/20230301_152814-1024x768.jpg 1024w, https:\/\/blocsenresidencia.bcn.cat\/vapordelfil2023\/wp-content\/uploads\/2023\/04\/20230301_152814-300x225.jpg 300w, https:\/\/blocsenresidencia.bcn.cat\/vapordelfil2023\/wp-content\/uploads\/2023\/04\/20230301_152814-768x576.jpg 768w, https:\/\/blocsenresidencia.bcn.cat\/vapordelfil2023\/wp-content\/uploads\/2023\/04\/20230301_152814-1536x1152.jpg 1536w, https:\/\/blocsenresidencia.bcn.cat\/vapordelfil2023\/wp-content\/uploads\/2023\/04\/20230301_152814-2048x1536.jpg 2048w\" sizes=\"auto, (max-width: 674px) 100vw, 674px\" \/><\/figure>\n\n\n\n<p>Per comen\u00e7ar vam fer una presentaci\u00f3 amb obres d&#8217;art contemporani, com hav\u00edem fet nosaltres i vam fer que cada profe agaf\u00e9s una imatge amb qu\u00e8 se sentia identificat.<\/p>\n\n\n\n<figure class=\"wp-block-image size-large\"><img loading=\"lazy\" decoding=\"async\" width=\"1024\" height=\"768\" src=\"https:\/\/blocsenresidencia.bcn.cat\/vapordelfil2023\/wp-content\/uploads\/2023\/04\/20230301_161202-1024x768.jpg\" alt=\"\" class=\"wp-image-520\" srcset=\"https:\/\/blocsenresidencia.bcn.cat\/vapordelfil2023\/wp-content\/uploads\/2023\/04\/20230301_161202-1024x768.jpg 1024w, https:\/\/blocsenresidencia.bcn.cat\/vapordelfil2023\/wp-content\/uploads\/2023\/04\/20230301_161202-300x225.jpg 300w, https:\/\/blocsenresidencia.bcn.cat\/vapordelfil2023\/wp-content\/uploads\/2023\/04\/20230301_161202-768x576.jpg 768w, https:\/\/blocsenresidencia.bcn.cat\/vapordelfil2023\/wp-content\/uploads\/2023\/04\/20230301_161202-1536x1152.jpg 1536w, https:\/\/blocsenresidencia.bcn.cat\/vapordelfil2023\/wp-content\/uploads\/2023\/04\/20230301_161202-2048x1536.jpg 2048w\" sizes=\"auto, (max-width: 767px) 89vw, (max-width: 1000px) 54vw, (max-width: 1071px) 543px, 580px\" \/><\/figure>\n\n\n\n<p>Quan van acabar vam pujar a la classe de primer A i vam fer una petita introducci\u00f3 sobre el que hi havia sota el pati de l&#8217;institut despr\u00e9s van anar passant pels diferents racons.  Els professors van descobrir moltes coses com per exemple perqu\u00e8 es diu aix\u00ed la Fabra i Coats o perqu\u00e8 els p\u00edxels s\u00f3n  a les pantalles i a la vida real no. <\/p>\n\n\n\n<p><strong>Mapes i el passat de la Fabra i Coats<\/strong><\/p>\n\n\n\n<figure class=\"wp-block-image size-large\"><img loading=\"lazy\" decoding=\"async\" width=\"1024\" height=\"768\" src=\"https:\/\/blocsenresidencia.bcn.cat\/vapordelfil2023\/wp-content\/uploads\/2023\/04\/20230301_161811-1024x768.jpg\" alt=\"\" class=\"wp-image-519\" srcset=\"https:\/\/blocsenresidencia.bcn.cat\/vapordelfil2023\/wp-content\/uploads\/2023\/04\/20230301_161811-1024x768.jpg 1024w, https:\/\/blocsenresidencia.bcn.cat\/vapordelfil2023\/wp-content\/uploads\/2023\/04\/20230301_161811-300x225.jpg 300w, https:\/\/blocsenresidencia.bcn.cat\/vapordelfil2023\/wp-content\/uploads\/2023\/04\/20230301_161811-768x576.jpg 768w, https:\/\/blocsenresidencia.bcn.cat\/vapordelfil2023\/wp-content\/uploads\/2023\/04\/20230301_161811-1536x1152.jpg 1536w, https:\/\/blocsenresidencia.bcn.cat\/vapordelfil2023\/wp-content\/uploads\/2023\/04\/20230301_161811-2048x1536.jpg 2048w\" sizes=\"auto, (max-width: 767px) 89vw, (max-width: 1000px) 54vw, (max-width: 1071px) 543px, 580px\" \/><\/figure>\n\n\n\n<p><strong>La s\u00edntesi subtractiva o els colors dels pigments<\/strong><\/p>\n\n\n\n<p>Vam parlar sobre els colors primaris i secundaris que passava si els varej\u00e0vem, vam arribar a la conclusi\u00f3 que si barrej\u00e0vem tots els colors primaris de la llum ens donava blanc i si barrej\u00e0vem tots els colors primaris dels pigments ens donava negre.<\/p>\n\n\n\n<p>Tamb\u00e9 vam parlar sobre les diferents fonts de llum vam veure que tot el que produ\u00efa llum era una font de llum, des de les llums LED a una TV tamb\u00e9 hi havia altres fonts de llum com el foc el sol una bombeta la lava i moltes coses m\u00e9s.<\/p>\n\n\n\n<figure class=\"wp-block-image size-large is-resized\"><img loading=\"lazy\" decoding=\"async\" src=\"https:\/\/blocsenresidencia.bcn.cat\/vapordelfil2023\/wp-content\/uploads\/2023\/04\/20230301_162645-1024x768.jpg\" alt=\"\" class=\"wp-image-444\" width=\"674\" height=\"505\" srcset=\"https:\/\/blocsenresidencia.bcn.cat\/vapordelfil2023\/wp-content\/uploads\/2023\/04\/20230301_162645-1024x768.jpg 1024w, https:\/\/blocsenresidencia.bcn.cat\/vapordelfil2023\/wp-content\/uploads\/2023\/04\/20230301_162645-300x225.jpg 300w, https:\/\/blocsenresidencia.bcn.cat\/vapordelfil2023\/wp-content\/uploads\/2023\/04\/20230301_162645-768x576.jpg 768w, https:\/\/blocsenresidencia.bcn.cat\/vapordelfil2023\/wp-content\/uploads\/2023\/04\/20230301_162645-1536x1152.jpg 1536w, https:\/\/blocsenresidencia.bcn.cat\/vapordelfil2023\/wp-content\/uploads\/2023\/04\/20230301_162645-2048x1536.jpg 2048w\" sizes=\"auto, (max-width: 674px) 100vw, 674px\" \/><\/figure>\n\n\n\n<p><strong>La fluoresc\u00e8ncia<\/strong><\/p>\n\n\n\n<figure class=\"wp-block-image size-large\"><img loading=\"lazy\" decoding=\"async\" width=\"1024\" height=\"768\" src=\"https:\/\/blocsenresidencia.bcn.cat\/vapordelfil2023\/wp-content\/uploads\/2023\/04\/20230301_163651-1024x768.jpg\" alt=\"\" class=\"wp-image-526\" srcset=\"https:\/\/blocsenresidencia.bcn.cat\/vapordelfil2023\/wp-content\/uploads\/2023\/04\/20230301_163651-1024x768.jpg 1024w, https:\/\/blocsenresidencia.bcn.cat\/vapordelfil2023\/wp-content\/uploads\/2023\/04\/20230301_163651-300x225.jpg 300w, https:\/\/blocsenresidencia.bcn.cat\/vapordelfil2023\/wp-content\/uploads\/2023\/04\/20230301_163651-768x576.jpg 768w, https:\/\/blocsenresidencia.bcn.cat\/vapordelfil2023\/wp-content\/uploads\/2023\/04\/20230301_163651-1536x1152.jpg 1536w, https:\/\/blocsenresidencia.bcn.cat\/vapordelfil2023\/wp-content\/uploads\/2023\/04\/20230301_163651-2048x1536.jpg 2048w\" sizes=\"auto, (max-width: 767px) 89vw, (max-width: 1000px) 54vw, (max-width: 1071px) 543px, 580px\" \/><\/figure>\n\n\n\n<figure class=\"wp-block-image size-large\"><img loading=\"lazy\" decoding=\"async\" width=\"1024\" height=\"768\" src=\"https:\/\/blocsenresidencia.bcn.cat\/vapordelfil2023\/wp-content\/uploads\/2023\/04\/20230301_163632-1024x768.jpg\" alt=\"\" class=\"wp-image-528\" srcset=\"https:\/\/blocsenresidencia.bcn.cat\/vapordelfil2023\/wp-content\/uploads\/2023\/04\/20230301_163632-1024x768.jpg 1024w, https:\/\/blocsenresidencia.bcn.cat\/vapordelfil2023\/wp-content\/uploads\/2023\/04\/20230301_163632-300x225.jpg 300w, https:\/\/blocsenresidencia.bcn.cat\/vapordelfil2023\/wp-content\/uploads\/2023\/04\/20230301_163632-768x576.jpg 768w, https:\/\/blocsenresidencia.bcn.cat\/vapordelfil2023\/wp-content\/uploads\/2023\/04\/20230301_163632-1536x1152.jpg 1536w, https:\/\/blocsenresidencia.bcn.cat\/vapordelfil2023\/wp-content\/uploads\/2023\/04\/20230301_163632-2048x1536.jpg 2048w\" sizes=\"auto, (max-width: 767px) 89vw, (max-width: 1000px) 54vw, (max-width: 1071px) 543px, 580px\" \/><\/figure>\n\n\n\n<figure class=\"wp-block-image size-large\"><img loading=\"lazy\" decoding=\"async\" width=\"1024\" height=\"768\" src=\"https:\/\/blocsenresidencia.bcn.cat\/vapordelfil2023\/wp-content\/uploads\/2023\/02\/20230124_112612-1024x768.jpg\" alt=\"\" class=\"wp-image-360\" srcset=\"https:\/\/blocsenresidencia.bcn.cat\/vapordelfil2023\/wp-content\/uploads\/2023\/02\/20230124_112612-1024x768.jpg 1024w, https:\/\/blocsenresidencia.bcn.cat\/vapordelfil2023\/wp-content\/uploads\/2023\/02\/20230124_112612-300x225.jpg 300w, https:\/\/blocsenresidencia.bcn.cat\/vapordelfil2023\/wp-content\/uploads\/2023\/02\/20230124_112612-768x576.jpg 768w, https:\/\/blocsenresidencia.bcn.cat\/vapordelfil2023\/wp-content\/uploads\/2023\/02\/20230124_112612-1536x1152.jpg 1536w, https:\/\/blocsenresidencia.bcn.cat\/vapordelfil2023\/wp-content\/uploads\/2023\/02\/20230124_112612-2048x1536.jpg 2048w\" sizes=\"auto, (max-width: 767px) 89vw, (max-width: 1000px) 54vw, (max-width: 1071px) 543px, 580px\" \/><\/figure>\n\n\n\n<p><strong>La s\u00edntesi additiva, o els colors de la llum<\/strong><\/p>\n\n\n\n<p>Van agafar 3 projectors i van posar 3 filtres  de colors, van ensenyar que passa quan \u00e9s sumen  i surten uns altres colors diferents: el cian, el magenta i el groc. <\/p>\n\n\n\n<figure class=\"wp-block-image size-large\"><img loading=\"lazy\" decoding=\"async\" width=\"768\" height=\"1024\" src=\"https:\/\/blocsenresidencia.bcn.cat\/vapordelfil2023\/wp-content\/uploads\/2023\/02\/ombra-2-768x1024.jpg\" alt=\"\" class=\"wp-image-394\" srcset=\"https:\/\/blocsenresidencia.bcn.cat\/vapordelfil2023\/wp-content\/uploads\/2023\/02\/ombra-2-768x1024.jpg 768w, https:\/\/blocsenresidencia.bcn.cat\/vapordelfil2023\/wp-content\/uploads\/2023\/02\/ombra-2-225x300.jpg 225w, https:\/\/blocsenresidencia.bcn.cat\/vapordelfil2023\/wp-content\/uploads\/2023\/02\/ombra-2-1152x1536.jpg 1152w, https:\/\/blocsenresidencia.bcn.cat\/vapordelfil2023\/wp-content\/uploads\/2023\/02\/ombra-2-1536x2048.jpg 1536w, https:\/\/blocsenresidencia.bcn.cat\/vapordelfil2023\/wp-content\/uploads\/2023\/02\/ombra-2-scaled.jpg 1920w\" sizes=\"auto, (max-width: 767px) 89vw, (max-width: 1000px) 54vw, (max-width: 1071px) 543px, 580px\" \/><\/figure>\n\n\n\n<p><\/p>\n","protected":false},"excerpt":{"rendered":"<p>Martina, Jes\u00fas, Noa i Abril Ens vam dividir en 7 seccions. Aquest curs a En Residencia hem treballat diferents temes: Si cliqueu a sobre anireu a la p\u00e0gina del blog on s&#8217;expliquen. Aquests temes els hem ensenyat a la contaminaci\u00f3. Vam comen\u00e7ar la contaminaci\u00f3 menjant pizza per agafar forces&#8230; Per comen\u00e7ar vam fer una presentaci\u00f3 &hellip; <\/p>\n<p class=\"link-more\"><a href=\"https:\/\/blocsenresidencia.bcn.cat\/vapordelfil2023\/2023\/04\/12\/contaminacio\/\" class=\"more-link\">Continua llegint <span class=\"screen-reader-text\">\u00abContaminaci\u00f3\u00bb<\/span><\/a><\/p>\n","protected":false},"author":7,"featured_media":0,"comment_status":"open","ping_status":"open","sticky":false,"template":"","format":"standard","meta":{"footnotes":""},"categories":[1],"tags":[],"class_list":["post-402","post","type-post","status-publish","format-standard","hentry","category-general"],"_links":{"self":[{"href":"https:\/\/blocsenresidencia.bcn.cat\/vapordelfil2023\/wp-json\/wp\/v2\/posts\/402","targetHints":{"allow":["GET"]}}],"collection":[{"href":"https:\/\/blocsenresidencia.bcn.cat\/vapordelfil2023\/wp-json\/wp\/v2\/posts"}],"about":[{"href":"https:\/\/blocsenresidencia.bcn.cat\/vapordelfil2023\/wp-json\/wp\/v2\/types\/post"}],"author":[{"embeddable":true,"href":"https:\/\/blocsenresidencia.bcn.cat\/vapordelfil2023\/wp-json\/wp\/v2\/users\/7"}],"replies":[{"embeddable":true,"href":"https:\/\/blocsenresidencia.bcn.cat\/vapordelfil2023\/wp-json\/wp\/v2\/comments?post=402"}],"version-history":[{"count":8,"href":"https:\/\/blocsenresidencia.bcn.cat\/vapordelfil2023\/wp-json\/wp\/v2\/posts\/402\/revisions"}],"predecessor-version":[{"id":606,"href":"https:\/\/blocsenresidencia.bcn.cat\/vapordelfil2023\/wp-json\/wp\/v2\/posts\/402\/revisions\/606"}],"wp:attachment":[{"href":"https:\/\/blocsenresidencia.bcn.cat\/vapordelfil2023\/wp-json\/wp\/v2\/media?parent=402"}],"wp:term":[{"taxonomy":"category","embeddable":true,"href":"https:\/\/blocsenresidencia.bcn.cat\/vapordelfil2023\/wp-json\/wp\/v2\/categories?post=402"},{"taxonomy":"post_tag","embeddable":true,"href":"https:\/\/blocsenresidencia.bcn.cat\/vapordelfil2023\/wp-json\/wp\/v2\/tags?post=402"}],"curies":[{"name":"wp","href":"https:\/\/api.w.org\/{rel}","templated":true}]}}