{"id":406,"date":"2023-04-12T12:25:09","date_gmt":"2023-04-12T10:25:09","guid":{"rendered":"https:\/\/blocsenresidencia.bcn.cat\/vapordelfil2023\/?p=406"},"modified":"2023-05-02T20:40:10","modified_gmt":"2023-05-02T18:40:10","slug":"preparacion-geo-radar","status":"publish","type":"post","link":"https:\/\/blocsenresidencia.bcn.cat\/vapordelfil2023\/2023\/04\/12\/preparacion-geo-radar\/","title":{"rendered":"Preparaci\u00f3 Geo-radar"},"content":{"rendered":"\n<p><strong>Ainhoa i Jana<\/strong><\/p>\n\n\n\n<p>Un dia va vindre un senyor  que es deia Robert que era un arque\u00f2leg geof\u00edsic. Ens va un explicar qu\u00e8 era un Geo-radar. Ens va impactar molt el que era aquella m\u00e0quina i les activitats que ens van fer ens va agradar molt. <\/p>\n\n\n\n<p>Aquesta activitat servia per aprendre com funcionava un geo-radar. <\/p>\n\n\n\n<ul class=\"wp-block-list\">\n<li><strong>El primer exercici<\/strong>:  era de pintar el fons gris perqu\u00e8 el georadar no detecta res <\/li>\n<\/ul>\n\n\n<div class=\"wp-block-image\">\n<figure class=\"aligncenter size-large is-resized\"><img loading=\"lazy\" decoding=\"async\" src=\"https:\/\/blocsenresidencia.bcn.cat\/vapordelfil2023\/wp-content\/uploads\/2023\/04\/2-1024x706.jpg\" alt=\"\" class=\"wp-image-484\" width=\"665\" height=\"457\" srcset=\"https:\/\/blocsenresidencia.bcn.cat\/vapordelfil2023\/wp-content\/uploads\/2023\/04\/2-1024x706.jpg 1024w, https:\/\/blocsenresidencia.bcn.cat\/vapordelfil2023\/wp-content\/uploads\/2023\/04\/2-300x207.jpg 300w\" sizes=\"auto, (max-width: 665px) 100vw, 665px\" \/><\/figure><\/div>\n\n\n<ul class=\"wp-block-list\">\n<li><strong>El segon exercici<\/strong>:  era de pintar el fons gris, per\u00f2 amb una l\u00ednia perqu\u00e8 havia detectat una capa tota igual. <\/li>\n<\/ul>\n\n\n\n<figure class=\"wp-block-image size-large is-resized\"><img loading=\"lazy\" decoding=\"async\" src=\"https:\/\/blocsenresidencia.bcn.cat\/vapordelfil2023\/wp-content\/uploads\/2023\/04\/3-1-1024x663.jpg\" alt=\"\" class=\"wp-image-538\" width=\"611\" height=\"394\" \/><\/figure>\n\n\n\n<p>I el tercer: com ho veiem quan detectava un objecte rod\u00f3, com una canonada, i veur\u00edem aquesta forma, que vam calcular fent mesures amb un comp\u00e0s.<\/p>\n\n\n<div class=\"wp-block-image\">\n<figure class=\"aligncenter size-large is-resized\"><img loading=\"lazy\" decoding=\"async\" src=\"https:\/\/blocsenresidencia.bcn.cat\/vapordelfil2023\/wp-content\/uploads\/2023\/04\/4-1024x664.jpg\" alt=\"\" class=\"wp-image-493\" width=\"668\" height=\"433\" srcset=\"https:\/\/blocsenresidencia.bcn.cat\/vapordelfil2023\/wp-content\/uploads\/2023\/04\/4-1024x664.jpg 1024w, https:\/\/blocsenresidencia.bcn.cat\/vapordelfil2023\/wp-content\/uploads\/2023\/04\/4-300x194.jpg 300w, https:\/\/blocsenresidencia.bcn.cat\/vapordelfil2023\/wp-content\/uploads\/2023\/04\/4-768x498.jpg 768w, https:\/\/blocsenresidencia.bcn.cat\/vapordelfil2023\/wp-content\/uploads\/2023\/04\/4-1536x996.jpg 1536w, https:\/\/blocsenresidencia.bcn.cat\/vapordelfil2023\/wp-content\/uploads\/2023\/04\/4-2048x1328.jpg 2048w\" sizes=\"auto, (max-width: 668px) 100vw, 668px\" \/><\/figure><\/div>\n\n\n<p>Despr\u00e9s de l&#8217;activitat vam fer un dibuix del pati, la zona d&#8217;estudi i dibuixar el bid\u00f3 que esper\u00e0vem trobar. <\/p>\n\n\n<div class=\"wp-block-image\">\n<figure class=\"aligncenter size-large is-resized\"><img loading=\"lazy\" decoding=\"async\" src=\"https:\/\/blocsenresidencia.bcn.cat\/vapordelfil2023\/wp-content\/uploads\/2023\/04\/8-1-845x1024.jpg\" alt=\"\" class=\"wp-image-500\" width=\"687\" height=\"831\" \/><\/figure><\/div>\n\n<div class=\"wp-block-image\">\n<figure class=\"aligncenter size-large is-resized\"><img loading=\"lazy\" decoding=\"async\" src=\"https:\/\/blocsenresidencia.bcn.cat\/vapordelfil2023\/wp-content\/uploads\/2023\/04\/9-5-937x1024.jpg\" alt=\"\" class=\"wp-image-532\" width=\"672\" height=\"733\" srcset=\"https:\/\/blocsenresidencia.bcn.cat\/vapordelfil2023\/wp-content\/uploads\/2023\/04\/9-5-937x1024.jpg 937w, https:\/\/blocsenresidencia.bcn.cat\/vapordelfil2023\/wp-content\/uploads\/2023\/04\/9-5-274x300.jpg 274w\" sizes=\"auto, (max-width: 672px) 100vw, 672px\" \/><\/figure><\/div>","protected":false},"excerpt":{"rendered":"<p>Ainhoa i Jana Un dia va vindre un senyor que es deia Robert que era un arque\u00f2leg geof\u00edsic. Ens va un explicar qu\u00e8 era un Geo-radar. Ens va impactar molt el que era aquella m\u00e0quina i les activitats que ens van fer ens va agradar molt. Aquesta activitat servia per aprendre com funcionava un geo-radar. &hellip; <\/p>\n<p class=\"link-more\"><a href=\"https:\/\/blocsenresidencia.bcn.cat\/vapordelfil2023\/2023\/04\/12\/preparacion-geo-radar\/\" class=\"more-link\">Continua llegint <span class=\"screen-reader-text\">\u00abPreparaci\u00f3 Geo-radar\u00bb<\/span><\/a><\/p>\n","protected":false},"author":7,"featured_media":0,"comment_status":"open","ping_status":"open","sticky":false,"template":"","format":"standard","meta":{"footnotes":""},"categories":[1],"tags":[],"class_list":["post-406","post","type-post","status-publish","format-standard","hentry","category-general"],"_links":{"self":[{"href":"https:\/\/blocsenresidencia.bcn.cat\/vapordelfil2023\/wp-json\/wp\/v2\/posts\/406","targetHints":{"allow":["GET"]}}],"collection":[{"href":"https:\/\/blocsenresidencia.bcn.cat\/vapordelfil2023\/wp-json\/wp\/v2\/posts"}],"about":[{"href":"https:\/\/blocsenresidencia.bcn.cat\/vapordelfil2023\/wp-json\/wp\/v2\/types\/post"}],"author":[{"embeddable":true,"href":"https:\/\/blocsenresidencia.bcn.cat\/vapordelfil2023\/wp-json\/wp\/v2\/users\/7"}],"replies":[{"embeddable":true,"href":"https:\/\/blocsenresidencia.bcn.cat\/vapordelfil2023\/wp-json\/wp\/v2\/comments?post=406"}],"version-history":[{"count":49,"href":"https:\/\/blocsenresidencia.bcn.cat\/vapordelfil2023\/wp-json\/wp\/v2\/posts\/406\/revisions"}],"predecessor-version":[{"id":553,"href":"https:\/\/blocsenresidencia.bcn.cat\/vapordelfil2023\/wp-json\/wp\/v2\/posts\/406\/revisions\/553"}],"wp:attachment":[{"href":"https:\/\/blocsenresidencia.bcn.cat\/vapordelfil2023\/wp-json\/wp\/v2\/media?parent=406"}],"wp:term":[{"taxonomy":"category","embeddable":true,"href":"https:\/\/blocsenresidencia.bcn.cat\/vapordelfil2023\/wp-json\/wp\/v2\/categories?post=406"},{"taxonomy":"post_tag","embeddable":true,"href":"https:\/\/blocsenresidencia.bcn.cat\/vapordelfil2023\/wp-json\/wp\/v2\/tags?post=406"}],"curies":[{"name":"wp","href":"https:\/\/api.w.org\/{rel}","templated":true}]}}