{"id":563,"date":"2023-05-10T12:23:30","date_gmt":"2023-05-10T10:23:30","guid":{"rendered":"https:\/\/blocsenresidencia.bcn.cat\/vapordelfil2023\/?p=563"},"modified":"2023-05-10T12:45:46","modified_gmt":"2023-05-10T10:45:46","slug":"experimentem-i-juguem-amb-projeccions-de-les-capes-del-georadar","status":"publish","type":"post","link":"https:\/\/blocsenresidencia.bcn.cat\/vapordelfil2023\/2023\/05\/10\/experimentem-i-juguem-amb-projeccions-de-les-capes-del-georadar\/","title":{"rendered":"Experimentem i juguem amb projeccions de les capes del Georadar"},"content":{"rendered":"\n<p>Ainhoa i Jana<\/p>\n\n\n\n<p>Aquest&nbsp;joc va ser molt&nbsp;divertit&nbsp;perqu\u00e8&nbsp;era&nbsp;entretingut. Tractava de projectar en la pantalla o la paret i fic\u00e0vem papers vegetals o paper normal per\u00f2 gran. Pos\u00e0vem moltes imatges amb diferents expectatives. Era molt&nbsp;divertit&nbsp;i espero que l&#8217;any que ve&nbsp;els&nbsp;nens i nenes que vinguin o&nbsp;facin.<\/p>\n\n\n\n<figure class=\"wp-block-image is-resized\"><img loading=\"lazy\" decoding=\"async\" src=\"https:\/\/blocsenresidencia.bcn.cat\/vapordelfil2023\/wp-content\/uploads\/2023\/05\/20230502_102245-1024x768.jpg\" alt=\"Aquesta imatge t\u00e9 l'atribut alt buit; el seu nom \u00e9s 20230502_102245-1024x768.jpg\" width=\"439\" height=\"328\" \/><\/figure>\n\n\n\n<div class=\"wp-block-columns is-layout-flex wp-container-core-columns-is-layout-9d6595d7 wp-block-columns-is-layout-flex\">\n<div class=\"wp-block-column is-layout-flow wp-block-column-is-layout-flow\" style=\"flex-basis:100%\">\n<figure class=\"wp-block-image size-large is-resized\"><img loading=\"lazy\" decoding=\"async\" src=\"https:\/\/blocsenresidencia.bcn.cat\/vapordelfil2023\/wp-content\/uploads\/2023\/05\/20230502_103053-1024x768.jpg\" alt=\"\" class=\"wp-image-631\" width=\"325\" height=\"243\" srcset=\"https:\/\/blocsenresidencia.bcn.cat\/vapordelfil2023\/wp-content\/uploads\/2023\/05\/20230502_103053-1024x768.jpg 1024w, https:\/\/blocsenresidencia.bcn.cat\/vapordelfil2023\/wp-content\/uploads\/2023\/05\/20230502_103053-300x225.jpg 300w, https:\/\/blocsenresidencia.bcn.cat\/vapordelfil2023\/wp-content\/uploads\/2023\/05\/20230502_103053-768x576.jpg 768w, https:\/\/blocsenresidencia.bcn.cat\/vapordelfil2023\/wp-content\/uploads\/2023\/05\/20230502_103053-1536x1152.jpg 1536w, https:\/\/blocsenresidencia.bcn.cat\/vapordelfil2023\/wp-content\/uploads\/2023\/05\/20230502_103053-2048x1536.jpg 2048w\" sizes=\"auto, (max-width: 325px) 100vw, 325px\" \/><\/figure>\n<\/div>\n<\/div>\n","protected":false},"excerpt":{"rendered":"<p>Ainhoa i Jana Aquest&nbsp;joc va ser molt&nbsp;divertit&nbsp;perqu\u00e8&nbsp;era&nbsp;entretingut. Tractava de projectar en la pantalla o la paret i fic\u00e0vem papers vegetals o paper normal per\u00f2 gran. Pos\u00e0vem moltes imatges amb diferents expectatives. Era molt&nbsp;divertit&nbsp;i espero que l&#8217;any que ve&nbsp;els&nbsp;nens i nenes que vinguin o&nbsp;facin.<\/p>\n","protected":false},"author":7,"featured_media":0,"comment_status":"open","ping_status":"open","sticky":false,"template":"","format":"standard","meta":{"footnotes":""},"categories":[1],"tags":[],"class_list":["post-563","post","type-post","status-publish","format-standard","hentry","category-general"],"_links":{"self":[{"href":"https:\/\/blocsenresidencia.bcn.cat\/vapordelfil2023\/wp-json\/wp\/v2\/posts\/563","targetHints":{"allow":["GET"]}}],"collection":[{"href":"https:\/\/blocsenresidencia.bcn.cat\/vapordelfil2023\/wp-json\/wp\/v2\/posts"}],"about":[{"href":"https:\/\/blocsenresidencia.bcn.cat\/vapordelfil2023\/wp-json\/wp\/v2\/types\/post"}],"author":[{"embeddable":true,"href":"https:\/\/blocsenresidencia.bcn.cat\/vapordelfil2023\/wp-json\/wp\/v2\/users\/7"}],"replies":[{"embeddable":true,"href":"https:\/\/blocsenresidencia.bcn.cat\/vapordelfil2023\/wp-json\/wp\/v2\/comments?post=563"}],"version-history":[{"count":13,"href":"https:\/\/blocsenresidencia.bcn.cat\/vapordelfil2023\/wp-json\/wp\/v2\/posts\/563\/revisions"}],"predecessor-version":[{"id":632,"href":"https:\/\/blocsenresidencia.bcn.cat\/vapordelfil2023\/wp-json\/wp\/v2\/posts\/563\/revisions\/632"}],"wp:attachment":[{"href":"https:\/\/blocsenresidencia.bcn.cat\/vapordelfil2023\/wp-json\/wp\/v2\/media?parent=563"}],"wp:term":[{"taxonomy":"category","embeddable":true,"href":"https:\/\/blocsenresidencia.bcn.cat\/vapordelfil2023\/wp-json\/wp\/v2\/categories?post=563"},{"taxonomy":"post_tag","embeddable":true,"href":"https:\/\/blocsenresidencia.bcn.cat\/vapordelfil2023\/wp-json\/wp\/v2\/tags?post=563"}],"curies":[{"name":"wp","href":"https:\/\/api.w.org\/{rel}","templated":true}]}}