{"id":288,"date":"2023-10-30T16:15:56","date_gmt":"2023-10-30T14:15:56","guid":{"rendered":"https:\/\/blocsenresidencia.bcn.cat\/vazquezmontalban2024\/?p=288"},"modified":"2023-10-31T09:27:22","modified_gmt":"2023-10-31T07:27:22","slug":"reflexions-dun-professor-artisticament-ignorant-i","status":"publish","type":"post","link":"https:\/\/blocsenresidencia.bcn.cat\/vazquezmontalban2024\/reflexions-dun-professor-artisticament-ignorant-i\/","title":{"rendered":"REFLEXIONS D&#8217;UN PROFESSOR ART\u00cdSTICAMENT IGNORANT (I)"},"content":{"rendered":"\n<p><\/p>\n\n\n\n<p>Despr\u00e9s de quatre sessions, una benvinguda i una formaci\u00f3 em decideixo a escriure i publicar en aquest bloc.<\/p>\n\n\n\n<p>Em dic Jordi Humbert i soc professor de llengua i literatura catalana a l&#8217;Institut Manuel V\u00e1zquez Montalb\u00e1n a Sant Adri\u00e0 del Bes\u00f2s, i professor adjunt en l&#8217;optativa&nbsp;en Resid\u00e8ncia conjuntament amb la Roc\u00edo Le\u00f3n, coordinadora pedag\u00f2gica del centre.<\/p>\n\n\n\n<p>Quan la direcci\u00f3 de l&#8217;Institut em presenta el projecte em diuen que busquen un docent, que no estigui lligat al m\u00f3n de l&#8217;art i amb mentalitat oberta, i jo penso (penso molt), doncs s\u00ed, tinc aquest perfil, soc un ignorant art\u00edsticament, per\u00f2 estic obert a les coses noves.&nbsp;<\/p>\n\n\n\n<p>I aix\u00ed, despr\u00e9s de dues sessions pr\u00e8vies en les quals l&#8217;artista no pot venir i les quals dediquem a investigar sobre el projecte, sobre el nostre artista i fer-li un cartell de benvinguda, arriba el gran dia.<\/p>\n\n\n\n<p>03 d&#8217;octubre, venen a l&#8217;institut el Rafa Casta\u00f1er i el Chus (els nostres artistes) i el Marc, el mediador. Iniciem amb una din\u00e0mica en la qual el nostre adormit alumnat ha de portar un objecte personal que l&#8217;identifiqui. Jo tamb\u00e9 el porto, \u00e9s clar. I penso (ho faig molt), soc un ignorant art\u00edsticament, per\u00f2 crec que ho entenc, entenc la finalitat de la din\u00e0mica dels artistes:&nbsp;<strong>Con\u00e8ixer-nos<\/strong>. Per\u00f2, costa, costa molt, l&#8217;alumnat es mostra passiu, li costa participar en la din\u00e0mica i no s&#8217;obre&nbsp;massa.<\/p>\n\n\n\n<p>Segona part de la sessi\u00f3, l&#8217;artista (artistes en el nostre cas) demanen a l&#8217;alumnat fer una construcci\u00f3 amb objectes que trobin&nbsp;al gimn\u00e0s (espai on hem fet aquesta primera din\u00e0mica).&nbsp;<\/p>\n\n\n\n<p>Caos m\u00e0xim, ara s\u00ed, definitivament&nbsp;soc un ignorant, no entenc res: Cadires amuntegades, un &#8220;plinton&#8221; desmuntat, &#8220;colxonetes&#8221; a punt de caure, un &#8220;potro&#8221; cap per avall\u2026 Art? Aix\u00f2 \u00e9s art? Fins que alg\u00fa diu: &#8220;Profe, esto no es arte, esto es una mierda&#8221;\u2026 No ho hauria dit millor \u2026&nbsp;<\/p>\n\n\n\n<p>El Rafa atura la din\u00e0mica i ens explica, que no, que all\u00f2 no \u00e9s art (encara rai, potser no soc\u00a0tan ignorant, o s\u00ed) ens explica que all\u00f2 \u00e9s una construcci\u00f3 sense valor art\u00edstic COOPERATIVA. Ostres, Jordi (definitivament ets un ignorant), com no te n&#8217;has adonat abans, el Rafa no buscava una construcci\u00f3 de valor, el Rafa buscava all\u00f2 que ha aconseguit, que tot l&#8217;alumnat tancat i adormit col\u00b7labor\u00e9s en la construcci\u00f3 d&#8217;una estructura qualsevol i el segu\u00eds\u2026 Est\u00e0 creant un VINCLE de proximitat amb el nostre alumnat (inicialment adormit i poc col\u00b7laborador), ara encuriosit, com jo, i crec que ho est\u00e0 aconseguint.<\/p>\n\n\n\n<p>Per acabar, el Rafa enfosqueix l&#8217;espai, i amb la llum dels dispositius m\u00f2bils dels alumnes i el moviment circular d&#8217;aquests al voltant de l&#8217;estructura crea una sensaci\u00f3 estranya, bonica, curiosa\u2026&nbsp; ART? No ho s\u00e9 (soc&nbsp;un ignorant art\u00edstic), per\u00f2 insisteixo, m&#8217;encurioseix. El Rafa t\u00e9 aquesta virtut, de qualsevol cosa, qualsevol, \u00e9s capa\u00e7 de fer-ne una expressi\u00f3 art\u00edstica (un so, dibuix\u2026).<\/p>\n\n\n\n<p>Continuar\u00e9 exposant-vos el meu proc\u00e9s, les meves reflexions, els meus pensaments (penso molt)\u2026 encara no s\u00e9 massa on soc, per\u00f2, (no ho digueu), m&#8217;agrada ser-hi.<\/p>\n\n\n\n<p>I com ens agrada dir aqu\u00ed a l&#8217;institut:<\/p>\n\n\n\n<p>SEGUIM<\/p>\n\n\n\n<p>Jh<\/p>\n","protected":false},"excerpt":{"rendered":"<p>Despr\u00e9s de quatre sessions, una benvinguda i una formaci\u00f3 em decideixo a escriure i publicar en aquest bloc. Em dic Jordi Humbert i soc professor de llengua i literatura catalana a l&#8217;Institut Manuel V\u00e1zquez Montalb\u00e1n a Sant Adri\u00e0 del Bes\u00f2s, i professor adjunt en l&#8217;optativa&nbsp;en Resid\u00e8ncia conjuntament amb la Roc\u00edo Le\u00f3n, coordinadora pedag\u00f2gica del centre. &hellip; <\/p>\n<p class=\"link-more\"><a href=\"https:\/\/blocsenresidencia.bcn.cat\/vazquezmontalban2024\/reflexions-dun-professor-artisticament-ignorant-i\/\" class=\"more-link\">Continua llegint <span class=\"screen-reader-text\">\u00abREFLEXIONS D&#8217;UN PROFESSOR ART\u00cdSTICAMENT IGNORANT (I)\u00bb<\/span><\/a><\/p>\n","protected":false},"author":11,"featured_media":0,"comment_status":"open","ping_status":"open","sticky":false,"template":"","format":"standard","meta":{"footnotes":""},"categories":[1],"tags":[],"class_list":["post-288","post","type-post","status-publish","format-standard","hentry","category-general"],"_links":{"self":[{"href":"https:\/\/blocsenresidencia.bcn.cat\/vazquezmontalban2024\/wp-json\/wp\/v2\/posts\/288","targetHints":{"allow":["GET"]}}],"collection":[{"href":"https:\/\/blocsenresidencia.bcn.cat\/vazquezmontalban2024\/wp-json\/wp\/v2\/posts"}],"about":[{"href":"https:\/\/blocsenresidencia.bcn.cat\/vazquezmontalban2024\/wp-json\/wp\/v2\/types\/post"}],"author":[{"embeddable":true,"href":"https:\/\/blocsenresidencia.bcn.cat\/vazquezmontalban2024\/wp-json\/wp\/v2\/users\/11"}],"replies":[{"embeddable":true,"href":"https:\/\/blocsenresidencia.bcn.cat\/vazquezmontalban2024\/wp-json\/wp\/v2\/comments?post=288"}],"version-history":[{"count":4,"href":"https:\/\/blocsenresidencia.bcn.cat\/vazquezmontalban2024\/wp-json\/wp\/v2\/posts\/288\/revisions"}],"predecessor-version":[{"id":292,"href":"https:\/\/blocsenresidencia.bcn.cat\/vazquezmontalban2024\/wp-json\/wp\/v2\/posts\/288\/revisions\/292"}],"wp:attachment":[{"href":"https:\/\/blocsenresidencia.bcn.cat\/vazquezmontalban2024\/wp-json\/wp\/v2\/media?parent=288"}],"wp:term":[{"taxonomy":"category","embeddable":true,"href":"https:\/\/blocsenresidencia.bcn.cat\/vazquezmontalban2024\/wp-json\/wp\/v2\/categories?post=288"},{"taxonomy":"post_tag","embeddable":true,"href":"https:\/\/blocsenresidencia.bcn.cat\/vazquezmontalban2024\/wp-json\/wp\/v2\/tags?post=288"}],"curies":[{"name":"wp","href":"https:\/\/api.w.org\/{rel}","templated":true}]}}