{"id":297,"date":"2024-01-15T16:51:09","date_gmt":"2024-01-15T14:51:09","guid":{"rendered":"https:\/\/blocsenresidencia.bcn.cat\/vazquezmontalban2024\/?p=297"},"modified":"2024-01-15T16:51:09","modified_gmt":"2024-01-15T14:51:09","slug":"cap-a-on-anem","status":"publish","type":"post","link":"https:\/\/blocsenresidencia.bcn.cat\/vazquezmontalban2024\/cap-a-on-anem\/","title":{"rendered":"CAP A ON ANEM&#8230;"},"content":{"rendered":"\n<p>ENTRADA BLOG<br><br>Despr\u00e9s d\u2019uns mesos i unes quantes sessions des d\u2019aquell dia d&#8217;apropament dels artistes, han passat moltes coses. Hem continuat coneixent-nos. Hem continuat aprenent\u2026 tot i que l\u2019alumnat, encara no ho sap.<br>Hem passejat fins al parc del parx\u00eds a Sant Adri\u00e0, lloc de trobada de molts dels nostres alumnes. Hem fet collage a l\u2019aula i a la platja.<\/p>\n\n\n\n<p class=\"has-text-align-left\"><img loading=\"lazy\" decoding=\"async\" src=\"https:\/\/lh7-us.googleusercontent.com\/2VQ_uQuOpHb-rnB4XbI9C3N2eq8-kSmmHNMbWGVr3LS6Cvvtwxkf2sy2rGBj4INvEqrx2PYgpnPkr47Pqy8Ev871vkoa2mbi2bwujhlDBJb1B3FiwPkq-IiUJyQWm-wumcOTIrKkWAIX5t9gCEbTSOM\" width=\"320\" height=\"240\">   <img decoding=\"async\" style=\"\" src=\"https:\/\/lh7-us.googleusercontent.com\/aB5BaAgbJu8c-z1r_5WPOiBCFZIWy4jmCZL0QL-awZ4L1qeqmfj719l_Xfw7UW5db5W0ojOQucr66ck_8nwdpYNUp94nlsasBWwlqB8tY-jTv3xXOynxVVGthApL13KPKfAfxcMC6dYiqSyfwOSaVhk\"><br><em><sub>Sessi\u00f3 a la platja. Experimentant.<\/sub><\/em><\/p>\n\n\n\n<p><br>Hem pintat sobre teles. Hem dibuixat als murs de la platja que ens han esborrat i hem tornat a dibuixar.<br><img loading=\"lazy\" decoding=\"async\" width=\"317\" height=\"238\" src=\"https:\/\/lh7-us.googleusercontent.com\/TwgwKdB6vUn2M6pA3QezTSt1X_ZZkAq7ImI58cluiKW2OhrAVxLxSnw17D_6P-l5gUSiPMqqLDLQvUl1nT4SSQU0SwquTuaJBPR1NY-T0p9duo2dNJLODHkWqafuFOD_gMRLWUxCi3YG_UyiXaKsyXs\"> <img decoding=\"async\" style=\"\" src=\"https:\/\/lh7-us.googleusercontent.com\/2oTyJViJrLzKt828-yFInIN_c8Dbn-rX4soK1MqL-YCV3tRR9HnCChBSmAJfWUm7E9Ft7A_PcUhf1slkEUTiJItL7pFNlaXLAoVB42RHLg8SWtFzumv49OyMwQrZKeXJj2efVvGotm-4l5YCowxp1ac\"><\/p>\n\n\n\n<p><sub><em>Primer contacte amb el dibuix, en teles i parets..<\/em><\/sub><\/p>\n\n\n\n<p>Hem creat ritmes. Ritmes electr\u00f2nics, ritmes als troncs, pals de fusta, metall\u2026amb tot el que ens trob\u00e0vem.<\/p>\n\n\n\n<figure class=\"wp-block-video aligncenter\"><video controls src=\"https:\/\/blocsenresidencia.bcn.cat\/vazquezmontalban2024\/wp-content\/uploads\/2024\/01\/IMG_32823.mov\"><\/video><figcaption class=\"wp-element-caption\"><em>Experimentant  amb el so a l&#8217;aula<\/em>.<\/figcaption><\/figure>\n\n\n\n<figure class=\"wp-block-video\"><video controls src=\"https:\/\/blocsenresidencia.bcn.cat\/vazquezmontalban2024\/wp-content\/uploads\/2024\/01\/IMG_3446.mov\"><\/video><figcaption class=\"wp-element-caption\"><em>Experimentant amb el so.<\/em><\/figcaption><\/figure>\n\n\n\n<p>I despr\u00e9s de totes les experi\u00e8ncies viscudes i gaudides, continuem en el proc\u00e9s de coneixen\u00e7a. Avan\u00e7ant. I de quina manera. <br>Hem apr\u00e8s, o millor dit, hem pogut comprovar, amb el Rafa i el Chus, que el caos \u00e9s m\u00e0gia. M\u00e0gia perqu\u00e8 ens trobem en aquell espai conf\u00fas i alterat previ a trobar organitzada la creaci\u00f3. I ara estem en aquest moment. <br>Per\u00f2 aquesta \u00e9s la nostra reflexi\u00f3, el nostre proc\u00e9s, del Jordi i meu, per\u00f2 els protagonistes reals s\u00f3n els alumnes i aix\u00f2 \u00e9s el que pensen i senten ells arribats a aquest moment del proc\u00e9s.<br><br><em>L&#8217;activitat que m\u00e9s em va agrada va ser la del parc, perqu\u00e8 quan vam sortir del parc el Rafa va trobar que cada part del dau feia un so diferent, i ens vam posar a descobrir i ritmificar el so.<\/em><br><sup>Aleix<br><\/sup><br><em>M\u2019agradaria acabar fent una cosa molt, molt bonica visualment, relaxada  i a la vegada en la que ens divertirem molt\u00edssim passant-ho be.<\/em><br><sup>Iv\u00e1n<\/sup><br><br><em>Doncs\u2026fins ara hem treballat en equip, per exemple, per fer els graffitis, apilar objectes. Hem treballat, tamb\u00e9, la comunicaci\u00f3 no verbal amb m\u00fasica creada per nosaltres amb instruments quotidians<\/em>.<br><sup>Joel<\/sup><br><br><em>L\u2019activitat que m\u00e9s m\u2019ha agradat \u00e9s la de fer el graffiti perqu\u00e8 mai he \u201cgrafiteado\u201d i m&#8217;ha  semblat una activitat creativa i que mai he fet. <\/em><br><sup>Aitor<\/sup><br><br><em>Jo proposo seguir fent graffitis ja que a mi em va agradar molt perqu\u00e8 era divertit i em va genera molta tranquil\u00b7litat, i la veritat que no vull que aix\u00f2 acabi perqu\u00e8 em vaig quedar amb ganes de m\u00e9s.<\/em><br><sup>Samara<\/sup><br><\/p>\n\n\n\n<p><em>Me ha gustado mucho hacer grafitis ya que a mi me encanta dibujar porque me genera felicidad, bienestar y me siento libre a la hora de pintar, ya que nadie me dice lo que tengo que hacer.<\/em><br><sup>Nazaret<\/sup><br><\/p>\n\n\n\n<p>E<em>ns agradaria pintar a ritme de la m\u00fasica, ja que quan escoltem m\u00fasica ens sentim lliures i feli\u00e7os i creiem que \u00e9s una bona idea, ja que a moltes persones li agrada la m\u00fasica i creiem que podria ser una bona activitat de relaxaci\u00f3.<br>La part bona d\u2019aquesta activitat \u00e9s que com a l\u2019\u2019institut sempre seguim unes pautes i unes normes podem aprofitar aquesta activitat per tenir algun altre tipus de manera de treballar, d&#8217;una manera m\u00e9s lliure, m\u00e9s divertida.<\/em><\/p>\n\n\n\n<p><sup>Noa i Antonio<\/sup><\/p>\n\n\n\n<p class=\"has-text-align-left\"><img loading=\"lazy\" decoding=\"async\" width=\"165\" height=\"392\" src=\"https:\/\/lh7-us.googleusercontent.com\/LhGE5t0mbYoOwebfvDpRze0j5e4FRhFbnC1vQHxRGw1jPaHv8RIb8hnpIo10CIW0_jDOg5iXPSDd3t37aa05xaUmMrcEC1kK9b_9zEYzHnddoyDlzaztqUyg_F4B65qY-CFXOFecslh7kINMtoQq81I\">     <img loading=\"lazy\" decoding=\"async\" width=\"220\" height=\"294\" src=\"https:\/\/lh7-us.googleusercontent.com\/1IdtVlqdBY8Kf9qXOq0Lqa6bdIeTLpAR-sCXsskJx_0A2FurP1y2Z9PIIHWeBR8V_wxLskEZRiOS1z0dGLtYy9k2SCv9jvbq9vl-qz0pcIjAlzvMLbCkXvqSbBE-xSX2gCEi3xBaeNUierz2syipUlg\"><\/p>\n\n\n\n<p><sup><em>Experimentant amb el graffiti.<\/em><\/sup><\/p>\n\n\n\n<p> <\/p>\n\n\n\n<p><\/p>\n\n\n\n<p><br><br><br><br><br><br><\/p>\n\n\n","protected":false},"excerpt":{"rendered":"<p>ENTRADA BLOG Despr\u00e9s d\u2019uns mesos i unes quantes sessions des d\u2019aquell dia d&#8217;apropament dels artistes, han passat moltes coses. Hem continuat coneixent-nos. Hem continuat aprenent\u2026 tot i que l\u2019alumnat, encara no ho sap.Hem passejat fins al parc del parx\u00eds a Sant Adri\u00e0, lloc de trobada de molts dels nostres alumnes. Hem fet collage a l\u2019aula &hellip; <\/p>\n<p class=\"link-more\"><a href=\"https:\/\/blocsenresidencia.bcn.cat\/vazquezmontalban2024\/cap-a-on-anem\/\" class=\"more-link\">Continua llegint <span class=\"screen-reader-text\">\u00abCAP A ON ANEM&#8230;\u00bb<\/span><\/a><\/p>\n","protected":false},"author":10,"featured_media":0,"comment_status":"open","ping_status":"open","sticky":false,"template":"","format":"standard","meta":{"footnotes":"[]"},"categories":[1],"tags":[],"class_list":["post-297","post","type-post","status-publish","format-standard","hentry","category-general"],"_links":{"self":[{"href":"https:\/\/blocsenresidencia.bcn.cat\/vazquezmontalban2024\/wp-json\/wp\/v2\/posts\/297","targetHints":{"allow":["GET"]}}],"collection":[{"href":"https:\/\/blocsenresidencia.bcn.cat\/vazquezmontalban2024\/wp-json\/wp\/v2\/posts"}],"about":[{"href":"https:\/\/blocsenresidencia.bcn.cat\/vazquezmontalban2024\/wp-json\/wp\/v2\/types\/post"}],"author":[{"embeddable":true,"href":"https:\/\/blocsenresidencia.bcn.cat\/vazquezmontalban2024\/wp-json\/wp\/v2\/users\/10"}],"replies":[{"embeddable":true,"href":"https:\/\/blocsenresidencia.bcn.cat\/vazquezmontalban2024\/wp-json\/wp\/v2\/comments?post=297"}],"version-history":[{"count":21,"href":"https:\/\/blocsenresidencia.bcn.cat\/vazquezmontalban2024\/wp-json\/wp\/v2\/posts\/297\/revisions"}],"predecessor-version":[{"id":325,"href":"https:\/\/blocsenresidencia.bcn.cat\/vazquezmontalban2024\/wp-json\/wp\/v2\/posts\/297\/revisions\/325"}],"wp:attachment":[{"href":"https:\/\/blocsenresidencia.bcn.cat\/vazquezmontalban2024\/wp-json\/wp\/v2\/media?parent=297"}],"wp:term":[{"taxonomy":"category","embeddable":true,"href":"https:\/\/blocsenresidencia.bcn.cat\/vazquezmontalban2024\/wp-json\/wp\/v2\/categories?post=297"},{"taxonomy":"post_tag","embeddable":true,"href":"https:\/\/blocsenresidencia.bcn.cat\/vazquezmontalban2024\/wp-json\/wp\/v2\/tags?post=297"}],"curies":[{"name":"wp","href":"https:\/\/api.w.org\/{rel}","templated":true}]}}