{"id":328,"date":"2024-05-08T14:51:37","date_gmt":"2024-05-08T12:51:37","guid":{"rendered":"https:\/\/blocsenresidencia.bcn.cat\/vazquezmontalban2024\/?p=328"},"modified":"2024-05-08T14:51:37","modified_gmt":"2024-05-08T12:51:37","slug":"seguim","status":"publish","type":"post","link":"https:\/\/blocsenresidencia.bcn.cat\/vazquezmontalban2024\/seguim\/","title":{"rendered":"SEGUIM"},"content":{"rendered":"\n<p class=\"has-text-align-left\">Des de la sessi\u00f3 d&#8217;obertura han passat moltes coses&#8230;.<br>En el moment que l&#8217;alumnat es mostra davant un p\u00fablic a qui no estan acostumats, coneixen (per primera vegada) quin \u00e9s el moment en qu\u00e8 estan i, sorgeixen els dubtes. Dubtes sobre qu\u00e8 estan fent i qu\u00e8 \u00e9s el que volen fer, o com a m\u00ednim el que no volen.<br>Fins al moment experiment\u00e0vem&#8230;amb sons, ritmes, colors, ombres, musica&#8230;. cadasc\u00fa dels membres del grup buscava el seu espai. A partir d&#8217;aquest moment, tots coneixen tot. Des de feia algunes sessions treballaven separats en espais (el grup de la percussi\u00f3, els que dibuixaven, les que cantaven, les que volen ballar&#8230;) i, \u00e9s en aquest moment  que ja saben qu\u00e8 fan tots. I,  qu\u00e8 \u00e9s far\u00e0 amb totes aquestes parts. I comencen les inseguretats&#8230; qu\u00e8 b\u00e9 que ho fan comparat amb el que fem nosaltres! ens deien. B\u00e9! vam pensar! Han estat atents i atentes i han vist que \u00e9s el que han fet els companys, membres del seu grup i, el millor de tot, els ha agradat! I volen agradar!! Tot un \u00e8xit per nosaltres haver pogut arribar a aquest punt de reflexi\u00f3 del grup!<\/p>\n\n\n\n<figure class=\"wp-block-image size-large is-resized\"><img loading=\"lazy\" decoding=\"async\" width=\"1024\" height=\"795\" src=\"https:\/\/blocsenresidencia.bcn.cat\/vazquezmontalban2024\/wp-content\/uploads\/2024\/05\/image-1024x795.png\" alt=\"\" class=\"wp-image-334\" style=\"width:295px;height:auto\" srcset=\"https:\/\/blocsenresidencia.bcn.cat\/vazquezmontalban2024\/wp-content\/uploads\/2024\/05\/image-1024x795.png 1024w, https:\/\/blocsenresidencia.bcn.cat\/vazquezmontalban2024\/wp-content\/uploads\/2024\/05\/image-300x233.png 300w, https:\/\/blocsenresidencia.bcn.cat\/vazquezmontalban2024\/wp-content\/uploads\/2024\/05\/image-768x596.png 768w, https:\/\/blocsenresidencia.bcn.cat\/vazquezmontalban2024\/wp-content\/uploads\/2024\/05\/image.png 1485w\" sizes=\"auto, (max-width: 767px) 89vw, (max-width: 1000px) 54vw, (max-width: 1071px) 543px, 580px\" \/><\/figure>\n\n\n\n<p>Espai de pintura<\/p>\n\n\n\n<figure class=\"wp-block-image size-large\"><img loading=\"lazy\" decoding=\"async\" width=\"1024\" height=\"796\" src=\"https:\/\/blocsenresidencia.bcn.cat\/vazquezmontalban2024\/wp-content\/uploads\/2024\/05\/image-1-1024x796.png\" alt=\"\" class=\"wp-image-335\" srcset=\"https:\/\/blocsenresidencia.bcn.cat\/vazquezmontalban2024\/wp-content\/uploads\/2024\/05\/image-1-1024x796.png 1024w, https:\/\/blocsenresidencia.bcn.cat\/vazquezmontalban2024\/wp-content\/uploads\/2024\/05\/image-1-300x233.png 300w, https:\/\/blocsenresidencia.bcn.cat\/vazquezmontalban2024\/wp-content\/uploads\/2024\/05\/image-1-768x597.png 768w, https:\/\/blocsenresidencia.bcn.cat\/vazquezmontalban2024\/wp-content\/uploads\/2024\/05\/image-1-1536x1195.png 1536w, https:\/\/blocsenresidencia.bcn.cat\/vazquezmontalban2024\/wp-content\/uploads\/2024\/05\/image-1.png 1930w\" sizes=\"auto, (max-width: 767px) 89vw, (max-width: 1000px) 54vw, (max-width: 1071px) 543px, 580px\" \/><\/figure>\n\n\n\n<p>Espai del grup de percuti\u00f3<\/p>\n\n\n\n<p><\/p>\n\n\n\n<figure class=\"wp-block-image size-large is-resized\"><img loading=\"lazy\" decoding=\"async\" width=\"761\" height=\"1024\" src=\"https:\/\/blocsenresidencia.bcn.cat\/vazquezmontalban2024\/wp-content\/uploads\/2024\/05\/image-2-761x1024.png\" alt=\"\" class=\"wp-image-336\" style=\"width:477px;height:auto\" srcset=\"https:\/\/blocsenresidencia.bcn.cat\/vazquezmontalban2024\/wp-content\/uploads\/2024\/05\/image-2-761x1024.png 761w, https:\/\/blocsenresidencia.bcn.cat\/vazquezmontalban2024\/wp-content\/uploads\/2024\/05\/image-2-223x300.png 223w, https:\/\/blocsenresidencia.bcn.cat\/vazquezmontalban2024\/wp-content\/uploads\/2024\/05\/image-2-768x1034.png 768w, https:\/\/blocsenresidencia.bcn.cat\/vazquezmontalban2024\/wp-content\/uploads\/2024\/05\/image-2-1141x1536.png 1141w, https:\/\/blocsenresidencia.bcn.cat\/vazquezmontalban2024\/wp-content\/uploads\/2024\/05\/image-2.png 1420w\" sizes=\"auto, (max-width: 706px) 89vw, (max-width: 767px) 82vw, 740px\" \/><\/figure>\n\n\n\n<p>Espai de cant i diferents ritmes<\/p>\n\n\n\n<p>SIBIL\u00b7LA<\/p>\n\n\n\n<p>Continuem treballant, per\u00f2&nbsp;fem una aturada. Una aturada t\u00e8cnica per con\u00e8ixer produccions art\u00edstiques&nbsp;a les quals&nbsp;no estan acostumats.<\/p>\n\n\n\n<p>Anem al Teatre Segarra de Santa Coloma, a poder gaudir d&#8217;un espectacle amb l&#8217;Andrea Jim\u00e9nez, llicenciada en Coreografia i Interpretaci\u00f3 i especialitzada en dansa espanyola&nbsp;per l&#8217;Institut&nbsp;del Teatre de Barcelona: Sibil\u00b7la.<\/p>\n\n\n\n<figure class=\"wp-block-image size-large\"><img loading=\"lazy\" decoding=\"async\" width=\"1024\" height=\"493\" src=\"https:\/\/blocsenresidencia.bcn.cat\/vazquezmontalban2024\/wp-content\/uploads\/2024\/05\/image-4-1024x493.png\" alt=\"\" class=\"wp-image-339\" srcset=\"https:\/\/blocsenresidencia.bcn.cat\/vazquezmontalban2024\/wp-content\/uploads\/2024\/05\/image-4-1024x493.png 1024w, https:\/\/blocsenresidencia.bcn.cat\/vazquezmontalban2024\/wp-content\/uploads\/2024\/05\/image-4-300x144.png 300w, https:\/\/blocsenresidencia.bcn.cat\/vazquezmontalban2024\/wp-content\/uploads\/2024\/05\/image-4-768x370.png 768w, https:\/\/blocsenresidencia.bcn.cat\/vazquezmontalban2024\/wp-content\/uploads\/2024\/05\/image-4.png 1472w\" sizes=\"auto, (max-width: 767px) 89vw, (max-width: 1000px) 54vw, (max-width: 1071px) 543px, 580px\" \/><\/figure>\n\n\n\n<p>No acaben d&#8217;entendre el que han vist, per\u00f2, han preguntat i han apr\u00e8s amb les explicacions dels artistes i les\u00a0preguntes\u00a0que el Rafa feia.\u00a0Gr\u00e0cies,\u00a0Rafa per fer-ho tot m\u00e9s f\u00e0cil. <\/p>\n\n\n\n<p>I sense ser gaires conscients, a partir d&#8217;aquest moment, comen\u00e7a a\u00a0haver-hi\u00a0un projecte de tot el grup. Es comen\u00e7a a parlar\u00a0d&#8217;unir\u00a0tots els espais.<\/p>\n\n\n\n<p>I, visitem el taller del Rafa i el&nbsp;Chus&#8230;<\/p>\n\n\n\n<figure class=\"wp-block-video\"><video controls src=\"https:\/\/blocsenresidencia.bcn.cat\/vazquezmontalban2024\/wp-content\/uploads\/2024\/05\/IMG_8929.mov\"><\/video><\/figure>\n\n\n\n<figure class=\"wp-block-image size-large is-resized\"><img loading=\"lazy\" decoding=\"async\" width=\"768\" height=\"1024\" src=\"https:\/\/blocsenresidencia.bcn.cat\/vazquezmontalban2024\/wp-content\/uploads\/2024\/05\/IMG_8901-1-768x1024.jpg\" alt=\"\" class=\"wp-image-345\" style=\"width:301px;height:auto\" srcset=\"https:\/\/blocsenresidencia.bcn.cat\/vazquezmontalban2024\/wp-content\/uploads\/2024\/05\/IMG_8901-1-768x1024.jpg 768w, https:\/\/blocsenresidencia.bcn.cat\/vazquezmontalban2024\/wp-content\/uploads\/2024\/05\/IMG_8901-1-225x300.jpg 225w, https:\/\/blocsenresidencia.bcn.cat\/vazquezmontalban2024\/wp-content\/uploads\/2024\/05\/IMG_8901-1-1152x1536.jpg 1152w, https:\/\/blocsenresidencia.bcn.cat\/vazquezmontalban2024\/wp-content\/uploads\/2024\/05\/IMG_8901-1-1536x2048.jpg 1536w, https:\/\/blocsenresidencia.bcn.cat\/vazquezmontalban2024\/wp-content\/uploads\/2024\/05\/IMG_8901-1-scaled.jpg 1920w\" sizes=\"auto, (max-width: 767px) 89vw, (max-width: 1000px) 54vw, (max-width: 1071px) 543px, 580px\" \/><\/figure>\n\n\n\n<figure class=\"wp-block-image size-large is-resized\"><img loading=\"lazy\" decoding=\"async\" width=\"1024\" height=\"768\" src=\"https:\/\/blocsenresidencia.bcn.cat\/vazquezmontalban2024\/wp-content\/uploads\/2024\/05\/IMG_8915-1-1024x768.jpg\" alt=\"\" class=\"wp-image-346\" style=\"width:297px;height:auto\" srcset=\"https:\/\/blocsenresidencia.bcn.cat\/vazquezmontalban2024\/wp-content\/uploads\/2024\/05\/IMG_8915-1-1024x768.jpg 1024w, https:\/\/blocsenresidencia.bcn.cat\/vazquezmontalban2024\/wp-content\/uploads\/2024\/05\/IMG_8915-1-300x225.jpg 300w, https:\/\/blocsenresidencia.bcn.cat\/vazquezmontalban2024\/wp-content\/uploads\/2024\/05\/IMG_8915-1-768x576.jpg 768w, https:\/\/blocsenresidencia.bcn.cat\/vazquezmontalban2024\/wp-content\/uploads\/2024\/05\/IMG_8915-1-1536x1152.jpg 1536w, https:\/\/blocsenresidencia.bcn.cat\/vazquezmontalban2024\/wp-content\/uploads\/2024\/05\/IMG_8915-1-2048x1536.jpg 2048w\" sizes=\"auto, (max-width: 767px) 89vw, (max-width: 1000px) 54vw, (max-width: 1071px) 543px, 580px\" \/><\/figure>\n","protected":false},"excerpt":{"rendered":"<p>Des de la sessi\u00f3 d&#8217;obertura han passat moltes coses&#8230;.En el moment que l&#8217;alumnat es mostra davant un p\u00fablic a qui no estan acostumats, coneixen (per primera vegada) quin \u00e9s el moment en qu\u00e8 estan i, sorgeixen els dubtes. Dubtes sobre qu\u00e8 estan fent i qu\u00e8 \u00e9s el que volen fer, o com a m\u00ednim el &hellip; <\/p>\n<p class=\"link-more\"><a href=\"https:\/\/blocsenresidencia.bcn.cat\/vazquezmontalban2024\/seguim\/\" class=\"more-link\">Continua llegint <span class=\"screen-reader-text\">\u00abSEGUIM\u00bb<\/span><\/a><\/p>\n","protected":false},"author":10,"featured_media":0,"comment_status":"open","ping_status":"open","sticky":false,"template":"","format":"standard","meta":{"footnotes":""},"categories":[1],"tags":[],"class_list":["post-328","post","type-post","status-publish","format-standard","hentry","category-general"],"_links":{"self":[{"href":"https:\/\/blocsenresidencia.bcn.cat\/vazquezmontalban2024\/wp-json\/wp\/v2\/posts\/328","targetHints":{"allow":["GET"]}}],"collection":[{"href":"https:\/\/blocsenresidencia.bcn.cat\/vazquezmontalban2024\/wp-json\/wp\/v2\/posts"}],"about":[{"href":"https:\/\/blocsenresidencia.bcn.cat\/vazquezmontalban2024\/wp-json\/wp\/v2\/types\/post"}],"author":[{"embeddable":true,"href":"https:\/\/blocsenresidencia.bcn.cat\/vazquezmontalban2024\/wp-json\/wp\/v2\/users\/10"}],"replies":[{"embeddable":true,"href":"https:\/\/blocsenresidencia.bcn.cat\/vazquezmontalban2024\/wp-json\/wp\/v2\/comments?post=328"}],"version-history":[{"count":9,"href":"https:\/\/blocsenresidencia.bcn.cat\/vazquezmontalban2024\/wp-json\/wp\/v2\/posts\/328\/revisions"}],"predecessor-version":[{"id":351,"href":"https:\/\/blocsenresidencia.bcn.cat\/vazquezmontalban2024\/wp-json\/wp\/v2\/posts\/328\/revisions\/351"}],"wp:attachment":[{"href":"https:\/\/blocsenresidencia.bcn.cat\/vazquezmontalban2024\/wp-json\/wp\/v2\/media?parent=328"}],"wp:term":[{"taxonomy":"category","embeddable":true,"href":"https:\/\/blocsenresidencia.bcn.cat\/vazquezmontalban2024\/wp-json\/wp\/v2\/categories?post=328"},{"taxonomy":"post_tag","embeddable":true,"href":"https:\/\/blocsenresidencia.bcn.cat\/vazquezmontalban2024\/wp-json\/wp\/v2\/tags?post=328"}],"curies":[{"name":"wp","href":"https:\/\/api.w.org\/{rel}","templated":true}]}}