{"id":445,"date":"2025-06-27T11:03:26","date_gmt":"2025-06-27T09:03:26","guid":{"rendered":"\/barresiones2025\/?p=445"},"modified":"2025-06-27T11:04:42","modified_gmt":"2025-06-27T09:04:42","slug":"ufff-final-mes-enlla-del-soroll","status":"publish","type":"post","link":"\/barresiones2025\/ufff-final-mes-enlla-del-soroll\/","title":{"rendered":"Ufff final: M\u00e9s enll\u00e0 del soroll"},"content":{"rendered":"\n<p class=\"wp-block-paragraph\">El passat dia 5 de juny vam realitzar la presentaci\u00f3 del projecte a l&#8217;Antic Escorxador de Badalona. El t\u00edtol triat va ser \u00abUfff final: M\u00e9s enll\u00e0 del soroll\u00bb. <br><\/p>\n\n\n\n<figure class=\"wp-block-image size-large\"><img loading=\"lazy\" decoding=\"async\" width=\"1024\" height=\"683\" src=\"\/barresiones2025\/wp-content\/uploads\/2025\/06\/DSCF5024-1024x683.jpg\" alt=\"\" class=\"wp-image-462\" srcset=\"\/barresiones2025\/wp-content\/uploads\/2025\/06\/DSCF5024-1024x683.jpg 1024w, \/barresiones2025\/wp-content\/uploads\/2025\/06\/DSCF5024-300x200.jpg 300w, \/barresiones2025\/wp-content\/uploads\/2025\/06\/DSCF5024-768x512.jpg 768w, \/barresiones2025\/wp-content\/uploads\/2025\/06\/DSCF5024-1536x1024.jpg 1536w\" sizes=\"auto, (max-width: 767px) 89vw, (max-width: 1000px) 54vw, (max-width: 1071px) 543px, 580px\" \/><\/figure>\n\n\n\n<p class=\"wp-block-paragraph\"><br>El dia va comen\u00e7ar aviat i vam tenir feina a muntar tot l&#8217;espai, instal\u00b7lar la lona, els micr\u00f2fons, altaveus i dem\u00e9s aparells. Vam assajar durant molta estona finsq ue es va fer l&#8217;hora de dinar. Aquest cop hi va haver pizza per tothom. Despr\u00e9s vam tenir una estona d&#8217;esbarjo i despr\u00e9s vam tornar a entrar a l&#8217;espai per fer un \u00faltim assaig abans de la presentaci\u00f3.<br><br>El p\u00fablic va arribar, va anar entrant i un cop m\u00e9s en Haokai Jin va fer els honors com a mestre de cerem\u00f2nies per presentar la vetllada.<br><br>En primer lloc el p\u00fablic va poder fer una ullada als nostres quaderns i  alguns dels dibuixos i onomatopeies que vam fer al llarg del curs i que estaven penjats  formant un mural. <\/p>\n\n\n\n<figure class=\"wp-block-image size-large\"><img loading=\"lazy\" decoding=\"async\" width=\"1024\" height=\"683\" src=\"\/barresiones2025\/wp-content\/uploads\/2025\/06\/DSCF5028-1024x683.jpg\" alt=\"\" class=\"wp-image-463\" srcset=\"\/barresiones2025\/wp-content\/uploads\/2025\/06\/DSCF5028-1024x683.jpg 1024w, \/barresiones2025\/wp-content\/uploads\/2025\/06\/DSCF5028-300x200.jpg 300w, \/barresiones2025\/wp-content\/uploads\/2025\/06\/DSCF5028-768x512.jpg 768w, \/barresiones2025\/wp-content\/uploads\/2025\/06\/DSCF5028-1536x1024.jpg 1536w\" sizes=\"auto, (max-width: 767px) 89vw, (max-width: 1000px) 54vw, (max-width: 1071px) 543px, 580px\" \/><\/figure>\n\n\n\n<p class=\"wp-block-paragraph\"><br><br>Al mig de l&#8217;espai, hi havia la lona amb la partitura visual que vam composar i els diferents objectes de foley que posteriorment far\u00edem servir durant la performance.<br><br>L&#8217;\u00d2scar, el Santi, el Saim i el Joan van fer un petit concert amb Ableton i la controladora MIDI amb sons pregravats i seguidament vam interpretar tots junts la partitura de la lona, amb les nostres veus i els diferents objectes que f\u00e8iem sonar. <\/p>\n\n\n\n<figure class=\"wp-block-image size-large\"><img loading=\"lazy\" decoding=\"async\" width=\"1024\" height=\"683\" src=\"\/barresiones2025\/wp-content\/uploads\/2025\/06\/DSCF5045-1024x683.jpg\" alt=\"\" class=\"wp-image-461\" srcset=\"\/barresiones2025\/wp-content\/uploads\/2025\/06\/DSCF5045-1024x683.jpg 1024w, \/barresiones2025\/wp-content\/uploads\/2025\/06\/DSCF5045-300x200.jpg 300w, \/barresiones2025\/wp-content\/uploads\/2025\/06\/DSCF5045-768x512.jpg 768w, \/barresiones2025\/wp-content\/uploads\/2025\/06\/DSCF5045-1536x1024.jpg 1536w\" sizes=\"auto, (max-width: 767px) 89vw, (max-width: 1000px) 54vw, (max-width: 1071px) 543px, 580px\" \/><\/figure>\n\n\n\n<p class=\"wp-block-paragraph\"><br><br>En acabar la performance, el Kevin i l&#8217;Ivan van convidar al p\u00fablic a interpretar-ne alguns fragments i despr\u00e9s de contestar unes quantes preguntes vam donar per acabada la jornada.<br><br>Agra\u00efm de tot cor als assistens per venir a compartir aquella tarda amb nosaltres. Us deixem a continuaci\u00f3 unes quantes fotos de la presentaci\u00f3.<\/p>\n\n\n\n<p class=\"wp-block-paragraph\"><\/p>\n\n\n\n<figure class=\"wp-block-image size-large\"><img loading=\"lazy\" decoding=\"async\" width=\"1024\" height=\"683\" src=\"\/barresiones2025\/wp-content\/uploads\/2025\/06\/DSCF5115-1024x683.jpg\" alt=\"\" class=\"wp-image-460\" srcset=\"\/barresiones2025\/wp-content\/uploads\/2025\/06\/DSCF5115-1024x683.jpg 1024w, \/barresiones2025\/wp-content\/uploads\/2025\/06\/DSCF5115-300x200.jpg 300w, \/barresiones2025\/wp-content\/uploads\/2025\/06\/DSCF5115-768x512.jpg 768w, \/barresiones2025\/wp-content\/uploads\/2025\/06\/DSCF5115-1536x1024.jpg 1536w\" sizes=\"auto, (max-width: 767px) 89vw, (max-width: 1000px) 54vw, (max-width: 1071px) 543px, 580px\" \/><\/figure>\n","protected":false},"excerpt":{"rendered":"<p>El passat dia 5 de juny vam realitzar la presentaci\u00f3 del projecte a l&#8217;Antic Escorxador de Badalona. El t\u00edtol triat va ser \u00abUfff final: M\u00e9s enll\u00e0 del soroll\u00bb. El dia va comen\u00e7ar aviat i vam tenir feina a muntar tot l&#8217;espai, instal\u00b7lar la lona, els micr\u00f2fons, altaveus i dem\u00e9s aparells. Vam assajar durant molta estona &hellip; <\/p>\n<p class=\"link-more\"><a href=\"\/barresiones2025\/ufff-final-mes-enlla-del-soroll\/\" class=\"more-link\">Continua llegint <span class=\"screen-reader-text\">\u00abUfff final: M\u00e9s enll\u00e0 del soroll\u00bb<\/span><\/a><\/p>\n","protected":false},"author":13,"featured_media":0,"comment_status":"open","ping_status":"open","sticky":false,"template":"","format":"standard","meta":{"footnotes":""},"categories":[1],"tags":[],"class_list":["post-445","post","type-post","status-publish","format-standard","hentry","category-general"],"_links":{"self":[{"href":"\/barresiones2025\/wp-json\/wp\/v2\/posts\/445","targetHints":{"allow":["GET"]}}],"collection":[{"href":"\/barresiones2025\/wp-json\/wp\/v2\/posts"}],"about":[{"href":"\/barresiones2025\/wp-json\/wp\/v2\/types\/post"}],"author":[{"embeddable":true,"href":"\/barresiones2025\/wp-json\/wp\/v2\/users\/13"}],"replies":[{"embeddable":true,"href":"\/barresiones2025\/wp-json\/wp\/v2\/comments?post=445"}],"version-history":[{"count":3,"href":"\/barresiones2025\/wp-json\/wp\/v2\/posts\/445\/revisions"}],"predecessor-version":[{"id":465,"href":"\/barresiones2025\/wp-json\/wp\/v2\/posts\/445\/revisions\/465"}],"wp:attachment":[{"href":"\/barresiones2025\/wp-json\/wp\/v2\/media?parent=445"}],"wp:term":[{"taxonomy":"category","embeddable":true,"href":"\/barresiones2025\/wp-json\/wp\/v2\/categories?post=445"},{"taxonomy":"post_tag","embeddable":true,"href":"\/barresiones2025\/wp-json\/wp\/v2\/tags?post=445"}],"curies":[{"name":"wp","href":"https:\/\/api.w.org\/{rel}","templated":true}]}}