{"id":447,"date":"2025-06-27T11:05:38","date_gmt":"2025-06-27T09:05:38","guid":{"rendered":"\/barresiones2025\/?p=447"},"modified":"2025-06-27T11:05:38","modified_gmt":"2025-06-27T09:05:38","slug":"pequenas-teorias-sobre-el-caos","status":"publish","type":"post","link":"\/barresiones2025\/pequenas-teorias-sobre-el-caos\/","title":{"rendered":"Peque\u00f1as teor\u00edas sobre el caos"},"content":{"rendered":"<br \/>Un diario de aula por Tyler Mamani.<br \/><br \/>Cuando me dijeron que tendr\u00eda artes pl\u00e1sticas y visuales, imagin\u00e9 pinceles, cartulinas, quiz\u00e1 tejer algo con los dedos torpes, y acabar con las manos llenas de pintura. Pero en vez de eso, lleg\u00f3 Laura. Lleg\u00f3 con su forma de ver el mundo sin formas, sin sentido l\u00f3gico, con ese caos suave de quien no quiere que entiendas, sino que sientas. Nos ense\u00f1\u00f3 que las cosas tambi\u00e9n tienen voz sin palabras, y que los sonidos pueden dibujar.<br \/><br \/>Al principio, la clase era un peque\u00f1o caos: risas, murmullos, silencios tensos cuando nadie quer\u00eda ser el primero en hacer un sonido. Nos daba verg\u00fcenza, como si hablar desde lo abstracto fuera m\u00e1s \u00edntimo que mostrar la cara. Pero poco a poco algo cambi\u00f3. La incomodidad se volvi\u00f3 costumbre, y la costumbre, juego.<br \/><br \/>Yo no siempre estaba presente. A veces el ruido me dejaba fuera, como si todos se movieran en una sala y yo los viera desde una ventana. Ansiedad, miedo a participar, miedo a ser notado demasiado. Pero con los d\u00edas, el miedo se hizo peque\u00f1o. Todav\u00eda vive en un rinc\u00f3n, pero ya no me impide estar. Me gusta esta clase. Es lo mejor de mis martes. Aqu\u00ed me siento un poco m\u00e1s yo, y tambi\u00e9n m\u00e1s parte de algo.<br \/><br \/>Hubo una clase que me marc\u00f3. Nos pidieron dibujar lo que sent\u00edamos al escuchar una canci\u00f3n. No era copiar el sonido, sino dejar que el recuerdo saliera solo. Una forma que no sab\u00edas de d\u00f3nde ven\u00eda, pero que era tuya. Yo vivo atrapado entre memorias, y esa consigna me toc\u00f3. Era como abrir la jaula y ver que el p\u00e1jaro no quer\u00eda escapar. Solo quer\u00eda que lo vieras.<br \/><br \/>Ahora, cuando escucho un sonido, no quiero saber de d\u00f3nde viene. Quiero adivinarlo. Quiero dejar que me intrigue. Hay algo hermoso en no entender del todo. Hay sonidos que me hacen sentir nostalgia, otros que me incomodan, quiz\u00e1 por mi forma de ser, por c\u00f3mo percibo el mundo. Pero est\u00e1 bien. Todo eso tambi\u00e9n es forma. Todo eso tambi\u00e9n se puede dibujar.<br \/><br \/>Sigo sin entender del todo esta propuesta, pero cada clase me regala una pista. Una frase de Laura, una mirada de Lluc, un trazo perdido en el papel. No es tanto entender, como aceptar. Como estar de pie en la orilla del mar, con un o\u00eddo hacia las olas, y el otro hacia los coches que pasan lejos. Dos sonidos que se cruzan y, por un segundo, hacen que todo tenga sentido. No porque sea l\u00f3gico, sino porque est\u00e1s ah\u00ed, y lo sientes.<br \/><br \/>Trabajar con los dem\u00e1s fue intermitente. Cada uno iba a lo suyo, pero cuando nos un\u00edamos, algo m\u00e1gico pasaba. Jam\u00e1s me sent\u00ed fuera. Al contrario, las veces que conectamos fueron verdaderas. \u00c9ramos personas haciendo cosas raras juntos. Y era hermoso.<br \/><br \/>Esto no fue lo que esper\u00e1bamos. Fue algo mejor. Algo que todav\u00eda no entiendo del todo, pero que me habita.<br \/><br \/>Y aunque el curso ya est\u00e1 cerrando los ojos, todav\u00eda queda un \u00faltimo suspiro. No hemos terminado el proyecto, y eso me ilusiona. Imagino que en las pr\u00f3ximas clases nos reuniremos en c\u00edrculo, compartiendo ideas sobre el final del proyecto, hilando conceptos con la voz temblorosa de quien se atreve a crear. Tal vez exploremos m\u00e1s sonidos, m\u00e1s texturas, quiz\u00e1 incluso salir del aula y grabar la ciudad respirando, como ya hemos hecho antes. Me gustar\u00eda que esa energ\u00eda rara, esa que se queda flotando despu\u00e9s de una clase intensa, se condense en algo tangible.<br \/>No algo perfecto, sino algo vivo. Algo que sea nuestro.<br \/><br \/>Quiero pensar que lo que haremos no es solo el cierre de un proyecto, sino una forma de capturar lo que esta clase nos cambi\u00f3. Una especie de testimonio sin palabras, como una carta escrita en ruido. Que al final, cuando todo est\u00e9 hecho, podamos mirar atr\u00e1s y entender, al menos por un segundo, que el caos tambi\u00e9n puede ser hogar.<br \/>","protected":false},"excerpt":{"rendered":"<p>Un diario de aula por Tyler Mamani. Cuando me dijeron que tendr\u00eda artes pl\u00e1sticas y visuales, imagin\u00e9 pinceles, cartulinas, quiz\u00e1 tejer algo con los dedos torpes, y acabar con las manos llenas de pintura. Pero en vez de eso, lleg\u00f3 Laura. Lleg\u00f3 con su forma de ver el mundo sin formas, sin sentido l\u00f3gico, con &hellip; <\/p>\n<p class=\"link-more\"><a href=\"\/barresiones2025\/pequenas-teorias-sobre-el-caos\/\" class=\"more-link\">Continua llegint <span class=\"screen-reader-text\">\u00abPeque\u00f1as teor\u00edas sobre el caos\u00bb<\/span><\/a><\/p>\n","protected":false},"author":13,"featured_media":0,"comment_status":"open","ping_status":"open","sticky":false,"template":"","format":"standard","meta":{"footnotes":""},"categories":[1],"tags":[],"class_list":["post-447","post","type-post","status-publish","format-standard","hentry","category-general"],"_links":{"self":[{"href":"\/barresiones2025\/wp-json\/wp\/v2\/posts\/447","targetHints":{"allow":["GET"]}}],"collection":[{"href":"\/barresiones2025\/wp-json\/wp\/v2\/posts"}],"about":[{"href":"\/barresiones2025\/wp-json\/wp\/v2\/types\/post"}],"author":[{"embeddable":true,"href":"\/barresiones2025\/wp-json\/wp\/v2\/users\/13"}],"replies":[{"embeddable":true,"href":"\/barresiones2025\/wp-json\/wp\/v2\/comments?post=447"}],"version-history":[{"count":1,"href":"\/barresiones2025\/wp-json\/wp\/v2\/posts\/447\/revisions"}],"predecessor-version":[{"id":448,"href":"\/barresiones2025\/wp-json\/wp\/v2\/posts\/447\/revisions\/448"}],"wp:attachment":[{"href":"\/barresiones2025\/wp-json\/wp\/v2\/media?parent=447"}],"wp:term":[{"taxonomy":"category","embeddable":true,"href":"\/barresiones2025\/wp-json\/wp\/v2\/categories?post=447"},{"taxonomy":"post_tag","embeddable":true,"href":"\/barresiones2025\/wp-json\/wp\/v2\/tags?post=447"}],"curies":[{"name":"wp","href":"https:\/\/api.w.org\/{rel}","templated":true}]}}