{"id":102,"date":"2026-03-06T14:39:31","date_gmt":"2026-03-06T12:39:31","guid":{"rendered":"\/barresiones2026\/?p=102"},"modified":"2026-03-06T14:39:31","modified_gmt":"2026-03-06T12:39:31","slug":"sessio-oberta","status":"publish","type":"post","link":"\/barresiones2026\/sessio-oberta\/","title":{"rendered":"Sessi\u00f3 Oberta"},"content":{"rendered":"\n<p class=\"wp-block-paragraph\">El passat dimarts dia 24 vam fer la sessi\u00f3 oberta del projecte. Durant les darreres setmanes vam estar definint i preparant la idea i l&#8217;execuci\u00f3 de la sessi\u00f3, que finalment va prendre la forma d&#8217;un joc interactiu on l&#8217;equip docent tenia una missi\u00f3: Treure&#8217;s la ESO.<\/p>\n\n\n\n<figure class=\"wp-block-image size-large\"><img loading=\"lazy\" decoding=\"async\" width=\"768\" height=\"1024\" src=\"\/barresiones2026\/wp-content\/uploads\/2026\/03\/IMG_8149-768x1024.jpeg\" alt=\"\" class=\"wp-image-109\" srcset=\"\/barresiones2026\/wp-content\/uploads\/2026\/03\/IMG_8149-768x1024.jpeg 768w, \/barresiones2026\/wp-content\/uploads\/2026\/03\/IMG_8149-225x300.jpeg 225w, \/barresiones2026\/wp-content\/uploads\/2026\/03\/IMG_8149-1152x1536.jpeg 1152w, \/barresiones2026\/wp-content\/uploads\/2026\/03\/IMG_8149-1536x2048.jpeg 1536w, \/barresiones2026\/wp-content\/uploads\/2026\/03\/IMG_8149-scaled.jpeg 1920w\" sizes=\"auto, (max-width: 767px) 89vw, (max-width: 1000px) 54vw, (max-width: 1071px) 543px, 580px\" \/><\/figure>\n\n\n\n<p class=\"wp-block-paragraph\"><br><br>Per complir amb l&#8217;objectiu, els intr\u00e8pids professors comptaven amb una s\u00e8rie de superpoders ideats pels alumnes i repartits a l&#8217;atzar, objectes m\u00e0gics i un nas personalitzat que s&#8217;havien de preparar en pocs minuts abans de partir a l&#8217;aventura.<\/p>\n\n\n\n<figure class=\"wp-block-image size-large\"><img loading=\"lazy\" decoding=\"async\" width=\"768\" height=\"1024\" src=\"\/barresiones2026\/wp-content\/uploads\/2026\/03\/IMG_8152-768x1024.jpeg\" alt=\"\" class=\"wp-image-110\" srcset=\"\/barresiones2026\/wp-content\/uploads\/2026\/03\/IMG_8152-768x1024.jpeg 768w, \/barresiones2026\/wp-content\/uploads\/2026\/03\/IMG_8152-225x300.jpeg 225w, \/barresiones2026\/wp-content\/uploads\/2026\/03\/IMG_8152-1152x1536.jpeg 1152w, \/barresiones2026\/wp-content\/uploads\/2026\/03\/IMG_8152-1536x2048.jpeg 1536w, \/barresiones2026\/wp-content\/uploads\/2026\/03\/IMG_8152-scaled.jpeg 1920w\" sizes=\"auto, (max-width: 767px) 89vw, (max-width: 1000px) 54vw, (max-width: 1071px) 543px, 580px\" \/><\/figure>\n\n\n\n<p class=\"wp-block-paragraph\"><\/p>\n\n\n\n<figure class=\"wp-block-image size-large\"><img loading=\"lazy\" decoding=\"async\" width=\"768\" height=\"1024\" src=\"\/barresiones2026\/wp-content\/uploads\/2026\/03\/IMG_8151-768x1024.jpeg\" alt=\"\" class=\"wp-image-111\" srcset=\"\/barresiones2026\/wp-content\/uploads\/2026\/03\/IMG_8151-768x1024.jpeg 768w, \/barresiones2026\/wp-content\/uploads\/2026\/03\/IMG_8151-225x300.jpeg 225w, \/barresiones2026\/wp-content\/uploads\/2026\/03\/IMG_8151-1152x1536.jpeg 1152w, \/barresiones2026\/wp-content\/uploads\/2026\/03\/IMG_8151-1536x2048.jpeg 1536w, \/barresiones2026\/wp-content\/uploads\/2026\/03\/IMG_8151-scaled.jpeg 1920w\" sizes=\"auto, (max-width: 767px) 89vw, (max-width: 1000px) 54vw, (max-width: 1071px) 543px, 580px\" \/><\/figure>\n\n\n\n<p class=\"wp-block-paragraph\"><br><br>Va ser una jornada intensa i on vam tenir moltes coses a preparar, per\u00f2 el balan\u00e7 va ser positiu i encarem amb ganes de concretar i ampliar la proposta durant la segona meitat del projecte.<br><br>A continuaci\u00f3 teniu unes quantes imatges de la jornada juntament amb alguns testimonis dels protagonistes.<br><\/p>\n\n\n\n<figure class=\"wp-block-image size-large\"><img loading=\"lazy\" decoding=\"async\" width=\"768\" height=\"1024\" src=\"\/barresiones2026\/wp-content\/uploads\/2026\/03\/IMG_8155-768x1024.jpeg\" alt=\"\" class=\"wp-image-108\" srcset=\"\/barresiones2026\/wp-content\/uploads\/2026\/03\/IMG_8155-768x1024.jpeg 768w, \/barresiones2026\/wp-content\/uploads\/2026\/03\/IMG_8155-225x300.jpeg 225w, \/barresiones2026\/wp-content\/uploads\/2026\/03\/IMG_8155-1152x1536.jpeg 1152w, \/barresiones2026\/wp-content\/uploads\/2026\/03\/IMG_8155-1536x2048.jpeg 1536w, \/barresiones2026\/wp-content\/uploads\/2026\/03\/IMG_8155-scaled.jpeg 1920w\" sizes=\"auto, (max-width: 767px) 89vw, (max-width: 1000px) 54vw, (max-width: 1071px) 543px, 580px\" \/><\/figure>\n\n\n\n<figure class=\"wp-block-image size-large\"><img loading=\"lazy\" decoding=\"async\" width=\"1024\" height=\"768\" src=\"\/barresiones2026\/wp-content\/uploads\/2026\/03\/IMG_8171-1024x768.jpeg\" alt=\"\" class=\"wp-image-107\" srcset=\"\/barresiones2026\/wp-content\/uploads\/2026\/03\/IMG_8171-1024x768.jpeg 1024w, \/barresiones2026\/wp-content\/uploads\/2026\/03\/IMG_8171-300x225.jpeg 300w, \/barresiones2026\/wp-content\/uploads\/2026\/03\/IMG_8171-768x576.jpeg 768w, \/barresiones2026\/wp-content\/uploads\/2026\/03\/IMG_8171-1536x1152.jpeg 1536w\" sizes=\"auto, (max-width: 767px) 89vw, (max-width: 1000px) 54vw, (max-width: 1071px) 543px, 580px\" \/><\/figure>\n\n\n\n<p class=\"wp-block-paragraph\" style=\"font-style:italic;font-weight:100\">Tot i que algunes idees no s&#8217;han acabat de polir, la sessi\u00f3 oberta ha estat for\u00e7a bona. Els professors feien cas, a la majoria no se&#8217;ls veia inc\u00f2modes, es veien lleugers. Va ser divertit.<\/p>\n\n\n\n<p class=\"wp-block-paragraph\" style=\"font-style:italic;font-weight:100\">A final del projecte m&#8217;agradaria acabar de polir el que falta, fer-ho m\u00e9s gran i en un lloc millor. (Vicky)<\/p>\n\n\n\n<p class=\"wp-block-paragraph\" style=\"font-style:italic;font-weight:100\"><\/p>\n\n\n\n<p class=\"wp-block-paragraph\" style=\"font-style:italic;font-weight:100\">M&#8217;agradaria encaminar molt\u00edssim el projecte a un teatre, per\u00f2 un teatre en el que sigui interactiu amb els espectadors, aix\u00f2 per una part, ja que tamb\u00e9 al final de curs, podr\u00edem fer el teatre, per\u00f2 a banda una explicaci\u00f3 del que hem fet i de cop i sota, comen\u00e7ar amb el teatre entre mig de la explicaci\u00f3, com si fossi sorpresa, comen\u00e7a sent avorrit, per\u00f2 acaba sent divertit amb el teatre, la interacci\u00f3 del p\u00fablic com la nostra mentre fem el teatre, per\u00f2 que el teatre encara tingui la proposta que n&#8217;hi est\u00e0 ara, las del superherois&nbsp;+ Treure la ESO, aix\u00f2 per una banda, de moment, m&#8217;agradaria polir una miqueta m\u00e9s el projecte, ja que les idees no estan for\u00e7a acabades de concretar. <\/p>\n\n\n\n<p class=\"wp-block-paragraph\" style=\"font-style:italic;font-weight:100\">(Noah)<\/p>\n\n\n\n<p class=\"wp-block-paragraph\" style=\"font-style:italic;font-weight:100\">La sessi\u00f3 oberta ha estat molt interessant perqu\u00e8 nosaltres, els alumnes, hem fet de professors i hem preparat activitats de les nostres assignatures perqu\u00e8 els profesorat hi participessin. Ha estat una experi\u00e8ncia diferent que ens ha ajudat a entendre millor la feina dels professors i tamb\u00e9 que els professors entenguin com ens sentim fent aquestes activitats a treballar la responsabilitat i la comunicaci\u00f3.<\/p>\n\n\n\n<p class=\"wp-block-paragraph\" style=\"font-style:italic;font-weight:100\">De cara a final de curs, m\u2019agradaria continuar desenvolupant activitats m\u00e9s din\u00e0miques i participatives, millorant l\u2019organitzaci\u00f3 de les parades i fent propostes encara m\u00e9s creatives perqu\u00e8 tothom pugui aprendre d\u2019una manera m\u00e9s divertida al meu grup) (Hamad)<\/p>\n\n\n\n<p class=\"wp-block-paragraph\" style=\"font-style:italic;font-weight:100\"><\/p>\n\n\n\n<p class=\"wp-block-paragraph\" style=\"font-style:italic;font-weight:100\">La sessi\u00f3 oberta m\u2019ha agradat molt perqu\u00e8 hem fet una activitat divertida i hem aconseguit que els altres tamb\u00e9 s\u2019ho passaren b\u00e9.&nbsp;De cara a final de curs voldria que tingues m\u00e9s&nbsp; contingut. A m\u00e9s, m\u2019agradaria que result\u00e9s m\u00e9s complet i que aconsegu\u00edssim definir i precisar millor totes les idees perqu\u00e8 el resultat final fos realment molt millor&nbsp;(perqu\u00e8 a la sessi\u00f3 oberta no va sortir tot ve per falta de temps, almenys al meu grup). (Aitor)<\/p>\n\n\n\n<p class=\"wp-block-paragraph\" style=\"font-style:italic;font-weight:100\"><\/p>\n\n\n\n<p class=\"wp-block-paragraph\" style=\"font-style:italic;font-weight:100\">En la sessi\u00f3 oberta, el que m\u00e9s he trobat a faltar ha sigut el temps i m\u00e9s espai. El temps, perqu\u00e8 no hi havia suficient temps per fer el que ten\u00edem pensat, i espai, perqu\u00e8 no hi havia prou lloc per posar les coses i, per aquest motiu, les ten\u00edem totes desordenades.<\/p>\n\n\n\n<p class=\"wp-block-paragraph\" style=\"font-style:italic;font-weight:100\">Pel que fa a quin cam\u00ed anir\u00e0 aquest projecte, no ho s\u00e9. Potser podria acabar en alguna cosa relacionada amb els superherois, amb la por obligat\u00f2ria o amb alguna cosa semblant. (Xinmei)<\/p>\n\n\n\n<p class=\"wp-block-paragraph\" style=\"font-style:italic;font-weight:100\"><\/p>\n\n\n\n<p class=\"wp-block-paragraph\" style=\"font-style:italic;font-weight:100\">Ha sigut molt divertida la sessi\u00f3 oberta , la meva assignatura sobretot, jo pensava que no sortiria be per\u00f2 ha sortit genial, tots el profes que han vingut a la meva assignatura s&#8217;ho han passat b\u00e9.<\/p>\n\n\n\n<p class=\"wp-block-paragraph\" style=\"font-style:italic;font-weight:100\">Crec que farem un projecte relacionats als arts del Jaume i espero que sigi un projecte divertit com els que hem fet fins ara. (Jawad)<\/p>\n\n\n\n<figure class=\"wp-block-image size-large\"><img loading=\"lazy\" decoding=\"async\" width=\"1024\" height=\"768\" src=\"\/barresiones2026\/wp-content\/uploads\/2026\/03\/IMG_8181-1024x768.jpeg\" alt=\"\" class=\"wp-image-113\" srcset=\"\/barresiones2026\/wp-content\/uploads\/2026\/03\/IMG_8181-1024x768.jpeg 1024w, \/barresiones2026\/wp-content\/uploads\/2026\/03\/IMG_8181-300x225.jpeg 300w, \/barresiones2026\/wp-content\/uploads\/2026\/03\/IMG_8181-768x576.jpeg 768w, \/barresiones2026\/wp-content\/uploads\/2026\/03\/IMG_8181-1536x1152.jpeg 1536w\" sizes=\"auto, (max-width: 767px) 89vw, (max-width: 1000px) 54vw, (max-width: 1071px) 543px, 580px\" \/><\/figure>\n\n\n\n<p class=\"wp-block-paragraph\" style=\"font-style:italic;font-weight:100\"><\/p>\n","protected":false},"excerpt":{"rendered":"<p>El passat dimarts dia 24 vam fer la sessi\u00f3 oberta del projecte. Durant les darreres setmanes vam estar definint i preparant la idea i l&#8217;execuci\u00f3 de la sessi\u00f3, que finalment va prendre la forma d&#8217;un joc interactiu on l&#8217;equip docent tenia una missi\u00f3: Treure&#8217;s la ESO. Per complir amb l&#8217;objectiu, els intr\u00e8pids professors comptaven amb &hellip; <\/p>\n<p class=\"link-more\"><a href=\"\/barresiones2026\/sessio-oberta\/\" class=\"more-link\">Continua llegint <span class=\"screen-reader-text\">\u00abSessi\u00f3 Oberta\u00bb<\/span><\/a><\/p>\n","protected":false},"author":4,"featured_media":0,"comment_status":"closed","ping_status":"","sticky":false,"template":"","format":"standard","meta":{"footnotes":""},"categories":[1],"tags":[],"class_list":["post-102","post","type-post","status-publish","format-standard","hentry","category-general"],"_links":{"self":[{"href":"\/barresiones2026\/wp-json\/wp\/v2\/posts\/102","targetHints":{"allow":["GET"]}}],"collection":[{"href":"\/barresiones2026\/wp-json\/wp\/v2\/posts"}],"about":[{"href":"\/barresiones2026\/wp-json\/wp\/v2\/types\/post"}],"author":[{"embeddable":true,"href":"\/barresiones2026\/wp-json\/wp\/v2\/users\/4"}],"replies":[{"embeddable":true,"href":"\/barresiones2026\/wp-json\/wp\/v2\/comments?post=102"}],"version-history":[{"count":4,"href":"\/barresiones2026\/wp-json\/wp\/v2\/posts\/102\/revisions"}],"predecessor-version":[{"id":115,"href":"\/barresiones2026\/wp-json\/wp\/v2\/posts\/102\/revisions\/115"}],"wp:attachment":[{"href":"\/barresiones2026\/wp-json\/wp\/v2\/media?parent=102"}],"wp:term":[{"taxonomy":"category","embeddable":true,"href":"\/barresiones2026\/wp-json\/wp\/v2\/categories?post=102"},{"taxonomy":"post_tag","embeddable":true,"href":"\/barresiones2026\/wp-json\/wp\/v2\/tags?post=102"}],"curies":[{"name":"wp","href":"https:\/\/api.w.org\/{rel}","templated":true}]}}