{"id":51,"date":"2025-10-28T10:47:52","date_gmt":"2025-10-28T08:47:52","guid":{"rendered":"\/barresiones2026\/?p=51"},"modified":"2025-10-28T10:49:04","modified_gmt":"2025-10-28T08:49:04","slug":"sessio-1","status":"publish","type":"post","link":"\/barresiones2026\/sessio-1\/","title":{"rendered":"Sessi\u00f3 1"},"content":{"rendered":"\n<p class=\"wp-block-paragraph\">Ara que ja portem uns quants dies rescatem un parell d&#8217;imatges del que va ser la primera sessi\u00f3 d&#8217;En Resid\u00e8ncia amb el Jaume, el passat 19 de setembre.<\/p>\n\n\n\n<p class=\"wp-block-paragraph\">En aquesta primera sessi\u00f3, despr\u00e9s d&#8217;ensenyar-nos algunes imatges i contestar algunes preguntes sobre la seva feina, el Jaume ens va proposar una activitat: cadasc\u00fa tenia 5 minuts per fer-se el seu propi nas amb alguns materials que ell mateix havia portat i, un cop acabats, hav\u00edem de portar-los durant la resta de la sessi\u00f3.<\/p>\n\n\n\n<p class=\"wp-block-paragraph\">Despr\u00e9s ens va deixar un minut m\u00e9s per fer-hi algun afegit d&#8217;\u00faltima hora, i aquests s\u00f3n els resultats finals.<\/p>\n\n\n\n<figure class=\"wp-block-image size-large\"><img loading=\"lazy\" decoding=\"async\" width=\"1024\" height=\"576\" src=\"\/barresiones2026\/wp-content\/uploads\/2025\/10\/20250919_141735-1024x576.jpg\" alt=\"\" class=\"wp-image-57\" srcset=\"\/barresiones2026\/wp-content\/uploads\/2025\/10\/20250919_141735-1024x576.jpg 1024w, \/barresiones2026\/wp-content\/uploads\/2025\/10\/20250919_141735-300x169.jpg 300w, \/barresiones2026\/wp-content\/uploads\/2025\/10\/20250919_141735-768x432.jpg 768w, \/barresiones2026\/wp-content\/uploads\/2025\/10\/20250919_141735-1536x864.jpg 1536w, \/barresiones2026\/wp-content\/uploads\/2025\/10\/20250919_141735-2048x1152.jpg 2048w\" sizes=\"auto, (max-width: 767px) 89vw, (max-width: 1000px) 54vw, (max-width: 1071px) 543px, 580px\" \/><\/figure>\n","protected":false},"excerpt":{"rendered":"<p>Ara que ja portem uns quants dies rescatem un parell d&#8217;imatges del que va ser la primera sessi\u00f3 d&#8217;En Resid\u00e8ncia amb el Jaume, el passat 19 de setembre. En aquesta primera sessi\u00f3, despr\u00e9s d&#8217;ensenyar-nos algunes imatges i contestar algunes preguntes sobre la seva feina, el Jaume ens va proposar una activitat: cadasc\u00fa tenia 5 minuts &hellip; <\/p>\n<p class=\"link-more\"><a href=\"\/barresiones2026\/sessio-1\/\" class=\"more-link\">Continua llegint <span class=\"screen-reader-text\">\u00abSessi\u00f3 1\u00bb<\/span><\/a><\/p>\n","protected":false},"author":4,"featured_media":53,"comment_status":"closed","ping_status":"","sticky":false,"template":"","format":"standard","meta":{"footnotes":""},"categories":[1],"tags":[],"class_list":["post-51","post","type-post","status-publish","format-standard","has-post-thumbnail","hentry","category-general"],"_links":{"self":[{"href":"\/barresiones2026\/wp-json\/wp\/v2\/posts\/51","targetHints":{"allow":["GET"]}}],"collection":[{"href":"\/barresiones2026\/wp-json\/wp\/v2\/posts"}],"about":[{"href":"\/barresiones2026\/wp-json\/wp\/v2\/types\/post"}],"author":[{"embeddable":true,"href":"\/barresiones2026\/wp-json\/wp\/v2\/users\/4"}],"replies":[{"embeddable":true,"href":"\/barresiones2026\/wp-json\/wp\/v2\/comments?post=51"}],"version-history":[{"count":3,"href":"\/barresiones2026\/wp-json\/wp\/v2\/posts\/51\/revisions"}],"predecessor-version":[{"id":80,"href":"\/barresiones2026\/wp-json\/wp\/v2\/posts\/51\/revisions\/80"}],"wp:featuredmedia":[{"embeddable":true,"href":"\/barresiones2026\/wp-json\/wp\/v2\/media\/53"}],"wp:attachment":[{"href":"\/barresiones2026\/wp-json\/wp\/v2\/media?parent=51"}],"wp:term":[{"taxonomy":"category","embeddable":true,"href":"\/barresiones2026\/wp-json\/wp\/v2\/categories?post=51"},{"taxonomy":"post_tag","embeddable":true,"href":"\/barresiones2026\/wp-json\/wp\/v2\/tags?post=51"}],"curies":[{"name":"wp","href":"https:\/\/api.w.org\/{rel}","templated":true}]}}