{"id":1,"date":"2025-09-16T09:20:40","date_gmt":"2025-09-16T07:20:40","guid":{"rendered":"\/barribesos2026\/?p=1"},"modified":"2025-11-11T10:53:08","modified_gmt":"2025-11-11T08:53:08","slug":"pablo-macho-otero-en-residencia-a-linstitut-barri-besos","status":"publish","type":"post","link":"\/barribesos2026\/pablo-macho-otero-en-residencia-a-linstitut-barri-besos\/","title":{"rendered":"Pablo Macho Otero EN RESiD\u00c8NCiA a l&#8217;Institut Barri Bes\u00f2s"},"content":{"rendered":"\n<p class=\"wp-block-paragraph\">Des de l\u2019Institut Barri Bes\u00f2s ens complau donar una calorosa benvinguda a Pablo Macho Otero, que s\u2019incorpora com a artista resident del programa EN RESiD\u00c8NCiA durant el curs 2025-2026.<\/p>\n\n\n\n<p class=\"wp-block-paragraph\">Pablo Macho Otero \u00e9s dramaturg, director i actor, membre fundador de la companyia La Bella Otero. En la seva producci\u00f3 aborda temes com la identitat, l\u2019exposici\u00f3 p\u00fablica i el desig de transcendir, sovint amb un to performatiu, en vers, barrejant teatre, com\u00e8dia i recerca esc\u00e8nica.<br>Gr\u00e0cies a la seva sensibilitat art\u00edstica i al seu comprom\u00eds amb la reflexi\u00f3 esc\u00e8nica, la seva pres\u00e8ncia al nostre institut obre una via apassionant perqu\u00e8 l\u2019alumnat visqui la creaci\u00f3 art\u00edstica de manera directa.<\/p>\n\n\n\n<p class=\"wp-block-paragraph\">Pablo, benvingut a la fam\u00edlia de l\u2019Institut Barri Bes\u00f2s!<br>Estem molt il\u00b7lusionats amb aquesta col\u00b7laboraci\u00f3. Volem que la teva pres\u00e8ncia al nostre centre sigui un motor de creativitat, reflexi\u00f3 i vincle amb el barri. Esperem que, junts, puguem obrir una finestra a noves maneres de fer, de pensar i de sentir l\u2019art des de l\u2019institut, i que tant l\u2019alumnat com l\u2019equip docent en gaudeixin i n\u2019aprenguin.<\/p>\n\n\n\n<p class=\"wp-block-paragraph\"><\/p>\n","protected":false},"excerpt":{"rendered":"<p>Des de l\u2019Institut Barri Bes\u00f2s ens complau donar una calorosa benvinguda a Pablo Macho Otero, que s\u2019incorpora com a artista resident del programa EN RESiD\u00c8NCiA durant el curs 2025-2026. Pablo Macho Otero \u00e9s dramaturg, director i actor, membre fundador de la companyia La Bella Otero. En la seva producci\u00f3 aborda temes com la identitat, l\u2019exposici\u00f3 &hellip; <\/p>\n<p class=\"link-more\"><a href=\"\/barribesos2026\/pablo-macho-otero-en-residencia-a-linstitut-barri-besos\/\" class=\"more-link\">Continua llegint <span class=\"screen-reader-text\">\u00abPablo Macho Otero EN RESiD\u00c8NCiA a l&#8217;Institut Barri Bes\u00f2s\u00bb<\/span><\/a><\/p>\n","protected":false},"author":1,"featured_media":53,"comment_status":"open","ping_status":"open","sticky":false,"template":"","format":"standard","meta":{"footnotes":""},"categories":[1],"tags":[5,6,4],"class_list":["post-1","post","type-post","status-publish","format-standard","has-post-thumbnail","hentry","category-general","tag-en-residencia","tag-institut-barri-besos","tag-pablo-macho"],"_links":{"self":[{"href":"\/barribesos2026\/wp-json\/wp\/v2\/posts\/1","targetHints":{"allow":["GET"]}}],"collection":[{"href":"\/barribesos2026\/wp-json\/wp\/v2\/posts"}],"about":[{"href":"\/barribesos2026\/wp-json\/wp\/v2\/types\/post"}],"author":[{"embeddable":true,"href":"\/barribesos2026\/wp-json\/wp\/v2\/users\/1"}],"replies":[{"embeddable":true,"href":"\/barribesos2026\/wp-json\/wp\/v2\/comments?post=1"}],"version-history":[{"count":3,"href":"\/barribesos2026\/wp-json\/wp\/v2\/posts\/1\/revisions"}],"predecessor-version":[{"id":55,"href":"\/barribesos2026\/wp-json\/wp\/v2\/posts\/1\/revisions\/55"}],"wp:featuredmedia":[{"embeddable":true,"href":"\/barribesos2026\/wp-json\/wp\/v2\/media\/53"}],"wp:attachment":[{"href":"\/barribesos2026\/wp-json\/wp\/v2\/media?parent=1"}],"wp:term":[{"taxonomy":"category","embeddable":true,"href":"\/barribesos2026\/wp-json\/wp\/v2\/categories?post=1"},{"taxonomy":"post_tag","embeddable":true,"href":"\/barribesos2026\/wp-json\/wp\/v2\/tags?post=1"}],"curies":[{"name":"wp","href":"https:\/\/api.w.org\/{rel}","templated":true}]}}