{"id":63,"date":"2025-12-17T13:02:24","date_gmt":"2025-12-17T11:02:24","guid":{"rendered":"\/barribesos2026\/?p=63"},"modified":"2025-12-17T13:02:24","modified_gmt":"2025-12-17T11:02:24","slug":"un-desembre-ple-de-preguntes-descobertes-i-complicitats","status":"publish","type":"post","link":"\/barribesos2026\/un-desembre-ple-de-preguntes-descobertes-i-complicitats\/","title":{"rendered":"Un desembre ple de preguntes, descobertes i complicitats"},"content":{"rendered":"\n<p class=\"wp-block-paragraph\">Aquest desembre ha estat un mes clau per al nostre proc\u00e9s EN RESiD\u00c8NCiA. Despr\u00e9s de setmanes d\u2019experimentar, provar i equivocar-nos sense por, hem comen\u00e7at a veure com algunes intu\u00efcions es transformen en idees m\u00e9s clares i compartides pel grup.<a rel=\"noreferrer noopener\" target=\"_blank\" href=\"https:\/\/www.edubcn.cat\/es\/apoyo_educativo_recursos\/planes_programas\/educacion_artistica\/proyecto_creadores_en_residencia\"><\/a>\u200b<\/p>\n\n\n\n<p class=\"wp-block-paragraph\">Amb en Pablo Macho hem continuat explorant maneres diferents de mirar all\u00f2 que ens envolta: l\u2019institut, els passadissos, els sons i la m\u00fasica, aix\u00ed com tamb\u00e9 les nostres pr\u00f2pies hist\u00f2ries. De vegades aix\u00f2 ha volgut dir sortir de la nostra zona de confort, provar llenguatges que no hav\u00edem utilitzat mai o acceptar que el proc\u00e9s de creaci\u00f3 no sempre t\u00e9 una direcci\u00f3 evident des del primer dia.<a href=\"https:\/\/ajuntament.barcelona.cat\/educacio\/es\/en-residencia\" target=\"_blank\" rel=\"noreferrer noopener\"><\/a>\u200b<\/p>\n\n\n\n<p class=\"wp-block-paragraph\">A les sessions d\u2019aquest mes hem combinat moments de joc i experimentaci\u00f3 amb estones de conversa m\u00e9s tranquil\u00b7la, on hem posat paraules i emocions al que estem fent i al que volem aconseguir. Hem apr\u00e8s que la creaci\u00f3 art\u00edstica no \u00e9s nom\u00e9s \u201cfer una obra\u201d, sin\u00f3 tamb\u00e9 observar, fer-nos preguntes i escoltar les aportacions dels altres.<a href=\"https:\/\/www.enresidencia.org\/es\/web-y-blog\" target=\"_blank\" rel=\"noreferrer noopener\"><\/a>\u200b<\/p>\n\n\n\n<p class=\"wp-block-paragraph\">Tancar el trimestre amb EN RESiD\u00c8NCiA vol dir mirar enrere i adonar-nos que, des del setembre hem conegut una manera diferent de treballar i aprendre plegats d\u2019una altra manera: m\u00e9s cooperativa, m\u00e9s oberta i m\u00e9s atenta al proc\u00e9s que al resultat immediat.<a href=\"https:\/\/www.enresidencia.org\/es\/10-anos-en-residencia?page=1\" target=\"_blank\" rel=\"noreferrer noopener\"><\/a>\u200b<\/p>\n\n\n\n<p class=\"wp-block-paragraph\">De cara al gener, ens espera el repte de comen\u00e7ar a donar forma m\u00e9s definida al projecte: decidir quines l\u00ednies volem seguir, com les compartirem amb la resta de l\u2019institut i de quina manera volem que aquesta experi\u00e8ncia deixi una petjada al nostre centre. Continuarem investigant, discutint i fent proves, amb la idea que la presentaci\u00f3 final sigui el reflex d\u2019aquest cam\u00ed compartit entre alumnat, artista i professorat.<a rel=\"noreferrer noopener\" target=\"_blank\" href=\"https:\/\/mercatflors.cat\/es\/proyectos-educativos-en-colaboracion\/creadors-en-residencia\/\"><\/a>\u200b<\/p>\n\n\n\n<p class=\"wp-block-paragraph\"><\/p>\n","protected":false},"excerpt":{"rendered":"<p>Aquest desembre ha estat un mes clau per al nostre proc\u00e9s EN RESiD\u00c8NCiA. Despr\u00e9s de setmanes d\u2019experimentar, provar i equivocar-nos sense por, hem comen\u00e7at a veure com algunes intu\u00efcions es transformen en idees m\u00e9s clares i compartides pel grup.\u200b Amb en Pablo Macho hem continuat explorant maneres diferents de mirar all\u00f2 que ens envolta: l\u2019institut, &hellip; <\/p>\n<p class=\"link-more\"><a href=\"\/barribesos2026\/un-desembre-ple-de-preguntes-descobertes-i-complicitats\/\" class=\"more-link\">Continua llegint <span class=\"screen-reader-text\">\u00abUn desembre ple de preguntes, descobertes i complicitats\u00bb<\/span><\/a><\/p>\n","protected":false},"author":4,"featured_media":65,"comment_status":"closed","ping_status":"","sticky":false,"template":"","format":"standard","meta":{"footnotes":""},"categories":[1],"tags":[7,8,13,5,6,9,4],"class_list":["post-63","post","type-post","status-publish","format-standard","has-post-thumbnail","hentry","category-general","tag-4t-eso","tag-arts-esceniques","tag-dialeg","tag-en-residencia","tag-institut-barri-besos","tag-jocs-teatrals","tag-pablo-macho"],"_links":{"self":[{"href":"\/barribesos2026\/wp-json\/wp\/v2\/posts\/63","targetHints":{"allow":["GET"]}}],"collection":[{"href":"\/barribesos2026\/wp-json\/wp\/v2\/posts"}],"about":[{"href":"\/barribesos2026\/wp-json\/wp\/v2\/types\/post"}],"author":[{"embeddable":true,"href":"\/barribesos2026\/wp-json\/wp\/v2\/users\/4"}],"replies":[{"embeddable":true,"href":"\/barribesos2026\/wp-json\/wp\/v2\/comments?post=63"}],"version-history":[{"count":1,"href":"\/barribesos2026\/wp-json\/wp\/v2\/posts\/63\/revisions"}],"predecessor-version":[{"id":66,"href":"\/barribesos2026\/wp-json\/wp\/v2\/posts\/63\/revisions\/66"}],"wp:featuredmedia":[{"embeddable":true,"href":"\/barribesos2026\/wp-json\/wp\/v2\/media\/65"}],"wp:attachment":[{"href":"\/barribesos2026\/wp-json\/wp\/v2\/media?parent=63"}],"wp:term":[{"taxonomy":"category","embeddable":true,"href":"\/barribesos2026\/wp-json\/wp\/v2\/categories?post=63"},{"taxonomy":"post_tag","embeddable":true,"href":"\/barribesos2026\/wp-json\/wp\/v2\/tags?post=63"}],"curies":[{"name":"wp","href":"https:\/\/api.w.org\/{rel}","templated":true}]}}