{"id":67,"date":"2026-02-11T14:35:33","date_gmt":"2026-02-11T12:35:33","guid":{"rendered":"\/barribesos2026\/?p=67"},"modified":"2026-02-11T14:35:33","modified_gmt":"2026-02-11T12:35:33","slug":"donem-la-benvinguda-a-loriol-morales-al-barri-besos","status":"publish","type":"post","link":"\/barribesos2026\/donem-la-benvinguda-a-loriol-morales-al-barri-besos\/","title":{"rendered":"Donem la benvinguda a l\u2019Oriol Morales al Barri Bes\u00f2s"},"content":{"rendered":"\n<p class=\"wp-block-paragraph\">Este curs la Resid\u00e8ncia a l\u2019Institut Barri Bes\u00f2s inicia una nova etapa: en Pablo Macho ens ha deixat i el relleu com a artista resident l\u2019ha agafat l\u2019Oriol Morales.<br><br>Durant els darrers mesos, en Pablo Macho ha acompanyat el grup en un proc\u00e9s de creaci\u00f3 que ha combinat mirada cr\u00edtica, humor i molta escolta cap a l\u2019alumnat. Hem posat a prova idees i hem descobert noves maneres d\u2019explicar-nos el que passa dins i fora de les aules. El seu pas per l\u2019INS Barri Bes\u00f2s deixa una petjada important en la manera de mirar el centre i en la confian\u00e7a creativa del grup.<br><br>Amb l\u2019arribada de l\u2019Oriol Morales, el projecte EN RESiD\u00c8NCiA continua per\u00f2 pren un nou gir amb preguntes, metodologies i referents diferents. <\/p>\n\n\n\n<p class=\"wp-block-paragraph\">L\u2019Oriol ve d\u2019un treball vinculat a les arts vives, la performance i els contextos educatius i aix\u00f2 obre la porta a seguir experimentant amb el cos, l\u2019espai i la narraci\u00f3 del que som com a grup. A partir d\u2019ara, comen\u00e7arem a construir plegats un nou univers compartit.<\/p>\n\n\n\n<figure class=\"wp-block-image size-full\"><img loading=\"lazy\" decoding=\"async\" width=\"480\" height=\"640\" src=\"\/barribesos2026\/wp-content\/uploads\/2026\/02\/IMG_6186-rotated.jpeg\" alt=\"\" class=\"wp-image-70\" srcset=\"\/barribesos2026\/wp-content\/uploads\/2026\/02\/IMG_6186-rotated.jpeg 480w, \/barribesos2026\/wp-content\/uploads\/2026\/02\/IMG_6186-225x300.jpeg 225w\" sizes=\"auto, (max-width: 480px) 100vw, 480px\" \/><\/figure>\n","protected":false},"excerpt":{"rendered":"<p>Este curs la Resid\u00e8ncia a l\u2019Institut Barri Bes\u00f2s inicia una nova etapa: en Pablo Macho ens ha deixat i el relleu com a artista resident l\u2019ha agafat l\u2019Oriol Morales. Durant els darrers mesos, en Pablo Macho ha acompanyat el grup en un proc\u00e9s de creaci\u00f3 que ha combinat mirada cr\u00edtica, humor i molta escolta cap &hellip; <\/p>\n<p class=\"link-more\"><a href=\"\/barribesos2026\/donem-la-benvinguda-a-loriol-morales-al-barri-besos\/\" class=\"more-link\">Continua llegint <span class=\"screen-reader-text\">\u00abDonem la benvinguda a l\u2019Oriol Morales al Barri Bes\u00f2s\u00bb<\/span><\/a><\/p>\n","protected":false},"author":4,"featured_media":0,"comment_status":"closed","ping_status":"","sticky":false,"template":"","format":"standard","meta":{"footnotes":""},"categories":[1],"tags":[7,8,13,5,12,11,10,6,9,18],"class_list":["post-67","post","type-post","status-publish","format-standard","hentry","category-general","tag-4t-eso","tag-arts-esceniques","tag-dialeg","tag-en-residencia","tag-escenari","tag-exercicis-coportals","tag-improvisacio","tag-institut-barri-besos","tag-jocs-teatrals","tag-oriol-morales"],"_links":{"self":[{"href":"\/barribesos2026\/wp-json\/wp\/v2\/posts\/67","targetHints":{"allow":["GET"]}}],"collection":[{"href":"\/barribesos2026\/wp-json\/wp\/v2\/posts"}],"about":[{"href":"\/barribesos2026\/wp-json\/wp\/v2\/types\/post"}],"author":[{"embeddable":true,"href":"\/barribesos2026\/wp-json\/wp\/v2\/users\/4"}],"replies":[{"embeddable":true,"href":"\/barribesos2026\/wp-json\/wp\/v2\/comments?post=67"}],"version-history":[{"count":2,"href":"\/barribesos2026\/wp-json\/wp\/v2\/posts\/67\/revisions"}],"predecessor-version":[{"id":71,"href":"\/barribesos2026\/wp-json\/wp\/v2\/posts\/67\/revisions\/71"}],"wp:attachment":[{"href":"\/barribesos2026\/wp-json\/wp\/v2\/media?parent=67"}],"wp:term":[{"taxonomy":"category","embeddable":true,"href":"\/barribesos2026\/wp-json\/wp\/v2\/categories?post=67"},{"taxonomy":"post_tag","embeddable":true,"href":"\/barribesos2026\/wp-json\/wp\/v2\/tags?post=67"}],"curies":[{"name":"wp","href":"https:\/\/api.w.org\/{rel}","templated":true}]}}