{"id":81,"date":"2026-05-05T10:20:28","date_gmt":"2026-05-05T08:20:28","guid":{"rendered":"\/barribesos2026\/?p=81"},"modified":"2026-05-05T10:20:28","modified_gmt":"2026-05-05T08:20:28","slug":"assajant-la-representacio","status":"publish","type":"post","link":"\/barribesos2026\/assajant-la-representacio\/","title":{"rendered":"Assajant la representaci\u00f3"},"content":{"rendered":"\n<p class=\"wp-block-paragraph\">Despr\u00e9s de molt de temps de treball, experimentaci\u00f3 i descobertes, ja hem creat la representaci\u00f3 del nostre projecte d\u2019EN RESiD\u00c8NCiA. Ha estat un moment molt especial, perqu\u00e8 ha posat en joc tot all\u00f2 que hem anat construint al llarg del proc\u00e9s: idees, gestos, decisions, dubtes, proves i complicitats.<\/p>\n\n\n\n<p class=\"wp-block-paragraph\">Ara, per\u00f2, el projecte no s\u2019atura. En aquests dies estem assajant la representaci\u00f3, revisant-ne els detalls i buscant com fer-la cr\u00e9ixer encara m\u00e9s. Tornem sobre el que ja hem mostrat per afinar ritmes, seq\u00fc\u00e8ncies, transicions i pres\u00e8ncies, amb la voluntat que cada part tingui m\u00e9s protagonisme, sentit i for\u00e7a.<\/p>\n\n\n\n<p class=\"wp-block-paragraph\">Aquests moments d\u2019assaig ens permet mirar la proposta amb una altra dist\u00e0ncia, de mostrar-la, de poder detectar all\u00f2 que funciona millor, all\u00f2 que cal ajustar i all\u00f2 que encara pot sorprendre\u2019ns. \u00c9s una fase molt rica, perqu\u00e8 converteix la repetici\u00f3 en aprenentatge i fa visible que una obra no acaba quan es presenta, sin\u00f3 que continua evolucionant.<a href=\"https:\/\/www.perplexity.ai\/search\/ecadc1ec-7599-4d88-849f-525bf345f5ba\" target=\"_blank\" rel=\"noreferrer noopener\"><\/a><\/p>\n\n\n\n<p class=\"wp-block-paragraph\">Tamb\u00e9 \u00e9s un bon moment per valorar el recorregut fet fins aqu\u00ed. L\u2019alumnat est\u00e0 participant amb m\u00e9s consci\u00e8ncia del proc\u00e9s, prenent decisions i assumint un paper actiu en la construcci\u00f3 col\u00b7lectiva de la pe\u00e7a. Aquesta implicaci\u00f3 \u00e9s una de les grans fortaleses del projecte, perqu\u00e8 dona sentit al treball compartit i refor\u00e7a el vincle entre el centre i creaci\u00f3 art\u00edstica.<a href=\"https:\/\/www.perplexity.ai\/search\/ecadc1ec-7599-4d88-849f-525bf345f5ba\" target=\"_blank\" rel=\"noreferrer noopener\"><\/a><\/p>\n\n\n\n<p class=\"wp-block-paragraph\">Seguim, doncs, assajant, ajustant i descobrint. Amb cada prova, la representaci\u00f3 guanya precisi\u00f3, intensitat i vida pr\u00f2pia, i el projecte d\u2019EN RESiD\u00c8NCiA continua obrint espais de creaci\u00f3, reflexi\u00f3 i aprenentatge.<\/p>\n\n\n\n<p class=\"wp-block-paragraph\"><\/p>\n","protected":false},"excerpt":{"rendered":"<p>Despr\u00e9s de molt de temps de treball, experimentaci\u00f3 i descobertes, ja hem creat la representaci\u00f3 del nostre projecte d\u2019EN RESiD\u00c8NCiA. Ha estat un moment molt especial, perqu\u00e8 ha posat en joc tot all\u00f2 que hem anat construint al llarg del proc\u00e9s: idees, gestos, decisions, dubtes, proves i complicitats. Ara, per\u00f2, el projecte no s\u2019atura. En &hellip; <\/p>\n<p class=\"link-more\"><a href=\"\/barribesos2026\/assajant-la-representacio\/\" class=\"more-link\">Continua llegint <span class=\"screen-reader-text\">\u00abAssajant la representaci\u00f3\u00bb<\/span><\/a><\/p>\n","protected":false},"author":4,"featured_media":82,"comment_status":"closed","ping_status":"","sticky":false,"template":"","format":"standard","meta":{"footnotes":""},"categories":[1],"tags":[7,26,27,24,13,5,12,11,23,30,10,6,9,28,18,25,29],"class_list":["post-81","post","type-post","status-publish","format-standard","has-post-thumbnail","hentry","category-general","tag-4t-eso","tag-aprenentatge","tag-assaig","tag-descobertes","tag-dialeg","tag-en-residencia","tag-escenari","tag-exercicis-coportals","tag-experimentacio","tag-grup","tag-improvisacio","tag-institut-barri-besos","tag-jocs-teatrals","tag-obra","tag-oriol-morales","tag-representacio","tag-vincles"],"_links":{"self":[{"href":"\/barribesos2026\/wp-json\/wp\/v2\/posts\/81","targetHints":{"allow":["GET"]}}],"collection":[{"href":"\/barribesos2026\/wp-json\/wp\/v2\/posts"}],"about":[{"href":"\/barribesos2026\/wp-json\/wp\/v2\/types\/post"}],"author":[{"embeddable":true,"href":"\/barribesos2026\/wp-json\/wp\/v2\/users\/4"}],"replies":[{"embeddable":true,"href":"\/barribesos2026\/wp-json\/wp\/v2\/comments?post=81"}],"version-history":[{"count":1,"href":"\/barribesos2026\/wp-json\/wp\/v2\/posts\/81\/revisions"}],"predecessor-version":[{"id":85,"href":"\/barribesos2026\/wp-json\/wp\/v2\/posts\/81\/revisions\/85"}],"wp:featuredmedia":[{"embeddable":true,"href":"\/barribesos2026\/wp-json\/wp\/v2\/media\/82"}],"wp:attachment":[{"href":"\/barribesos2026\/wp-json\/wp\/v2\/media?parent=81"}],"wp:term":[{"taxonomy":"category","embeddable":true,"href":"\/barribesos2026\/wp-json\/wp\/v2\/categories?post=81"},{"taxonomy":"post_tag","embeddable":true,"href":"\/barribesos2026\/wp-json\/wp\/v2\/tags?post=81"}],"curies":[{"name":"wp","href":"https:\/\/api.w.org\/{rel}","templated":true}]}}