{"id":335,"date":"2024-03-04T22:03:58","date_gmt":"2024-03-04T20:03:58","guid":{"rendered":"https:\/\/blocsenresidencia.bcn.cat\/bastida2024\/?p=335"},"modified":"2024-03-11T14:51:15","modified_gmt":"2024-03-11T12:51:15","slug":"exposicio-al-professorat-el-gran-dia","status":"publish","type":"post","link":"https:\/\/blocsenresidencia.bcn.cat\/bastida2024\/exposicio-al-professorat-el-gran-dia\/","title":{"rendered":"Exposici\u00f3 al professorat &#8211; El gran dia"},"content":{"rendered":"\n<p class=\"wp-block-paragraph\">Quan era hora de comen\u00e7ar, vam trobar-nos amb els convidats al vest\u00edbul, i els vam portar a la sala d&#8217;actes on els vam explicar qui era el Dom\u00e8nec i les seves obres.<\/p>\n\n\n\n<p class=\"wp-block-paragraph\">Durant l&#8217;exposici\u00f3 vam parlar sobre el Dom\u00e8nec donant una breu informaci\u00f3 sobre ell: com que \u00e9s un artista visual. Un professional en l&#8217;art de la fotografia, pintura, escultura i dibuixos t\u00e8cnics. A m\u00e9s, dels projectes que va fer en diferents pa\u00efsos.<\/p>\n\n\n\n<p class=\"wp-block-paragraph\">Tamb\u00e9 vam parlar sobre tres obres que va fer ell que s\u00f3n les seg\u00fcents:<\/p>\n\n\n\n<ul class=\"wp-block-list\">\n<li>L&#8217;estadi, el pavell\u00f3 i el palau: era una obre per recordar a la gent que vivia en cases abandonades.<\/li>\n\n\n\n<li>El erizo checo: \u00e9s una figura que s&#8217;utilitzava per defensar tancs en l&#8217;antiguitat que es quedaven les rodes encallades.<\/li>\n\n\n\n<li>BKF: s\u00f3n dos cables tubulats que tenen forma de cadira.<\/li>\n<\/ul>\n\n\n\n<p class=\"wp-block-paragraph\"><br>Seguidament, els vam guiar cap al gimn\u00e0s, i els vam demanar que&nbsp;fessin&nbsp;grups de 5-7 persones. Vam situar a cada grup en una part diferent de la sala.<br>Despr\u00e9s de tenir a tots els grups en bona posici\u00f3, era hora de comen\u00e7ar&#8230;<br><\/p>\n\n\n\n<p class=\"wp-block-paragraph\">Quan tots els grups van passar per totes les estacions, els vam ajuntar a tots per poder fer preguntes, i finalment ens vam acomiadar.<\/p>\n\n\n\n<figure class=\"wp-block-gallery has-nested-images columns-2 is-cropped wp-block-gallery-1 is-layout-flex wp-block-gallery-is-layout-flex\">\n<figure class=\"wp-block-image size-large\"><img loading=\"lazy\" decoding=\"async\" width=\"1024\" height=\"683\" data-id=\"399\" src=\"https:\/\/blocsenresidencia.bcn.cat\/bastida2024\/wp-content\/uploads\/2024\/03\/240221_sessio_professorat_099-2.jpg\" alt=\"\" class=\"wp-image-399\" srcset=\"https:\/\/blocsenresidencia.bcn.cat\/bastida2024\/wp-content\/uploads\/2024\/03\/240221_sessio_professorat_099-2.jpg 1024w, https:\/\/blocsenresidencia.bcn.cat\/bastida2024\/wp-content\/uploads\/2024\/03\/240221_sessio_professorat_099-2-300x200.jpg 300w, https:\/\/blocsenresidencia.bcn.cat\/bastida2024\/wp-content\/uploads\/2024\/03\/240221_sessio_professorat_099-2-768x512.jpg 768w\" sizes=\"auto, (max-width: 767px) 89vw, (max-width: 1000px) 54vw, (max-width: 1071px) 543px, 580px\" \/><\/figure>\n\n\n\n<figure class=\"wp-block-image size-large\"><img loading=\"lazy\" decoding=\"async\" width=\"1024\" height=\"683\" data-id=\"401\" src=\"https:\/\/blocsenresidencia.bcn.cat\/bastida2024\/wp-content\/uploads\/2024\/03\/240221_sessio_professorat_082-1.jpg\" alt=\"\" class=\"wp-image-401\" srcset=\"https:\/\/blocsenresidencia.bcn.cat\/bastida2024\/wp-content\/uploads\/2024\/03\/240221_sessio_professorat_082-1.jpg 1024w, https:\/\/blocsenresidencia.bcn.cat\/bastida2024\/wp-content\/uploads\/2024\/03\/240221_sessio_professorat_082-1-300x200.jpg 300w, https:\/\/blocsenresidencia.bcn.cat\/bastida2024\/wp-content\/uploads\/2024\/03\/240221_sessio_professorat_082-1-768x512.jpg 768w\" sizes=\"auto, (max-width: 767px) 89vw, (max-width: 1000px) 54vw, (max-width: 1071px) 543px, 580px\" \/><\/figure>\n\n\n\n<figure class=\"wp-block-image size-large\"><img loading=\"lazy\" decoding=\"async\" width=\"1024\" height=\"683\" data-id=\"398\" src=\"https:\/\/blocsenresidencia.bcn.cat\/bastida2024\/wp-content\/uploads\/2024\/03\/240221_sessio_professorat_049-1.jpg\" alt=\"\" class=\"wp-image-398\" srcset=\"https:\/\/blocsenresidencia.bcn.cat\/bastida2024\/wp-content\/uploads\/2024\/03\/240221_sessio_professorat_049-1.jpg 1024w, https:\/\/blocsenresidencia.bcn.cat\/bastida2024\/wp-content\/uploads\/2024\/03\/240221_sessio_professorat_049-1-300x200.jpg 300w, https:\/\/blocsenresidencia.bcn.cat\/bastida2024\/wp-content\/uploads\/2024\/03\/240221_sessio_professorat_049-1-768x512.jpg 768w\" sizes=\"auto, (max-width: 767px) 89vw, (max-width: 1000px) 54vw, (max-width: 1071px) 543px, 580px\" \/><\/figure>\n\n\n\n<figure class=\"wp-block-image size-large\"><img loading=\"lazy\" decoding=\"async\" width=\"1024\" height=\"683\" data-id=\"393\" src=\"https:\/\/blocsenresidencia.bcn.cat\/bastida2024\/wp-content\/uploads\/2024\/03\/240221_sessio_professorat_069-1.jpg\" alt=\"\" class=\"wp-image-393\" srcset=\"https:\/\/blocsenresidencia.bcn.cat\/bastida2024\/wp-content\/uploads\/2024\/03\/240221_sessio_professorat_069-1.jpg 1024w, https:\/\/blocsenresidencia.bcn.cat\/bastida2024\/wp-content\/uploads\/2024\/03\/240221_sessio_professorat_069-1-300x200.jpg 300w, https:\/\/blocsenresidencia.bcn.cat\/bastida2024\/wp-content\/uploads\/2024\/03\/240221_sessio_professorat_069-1-768x512.jpg 768w\" sizes=\"auto, (max-width: 767px) 89vw, (max-width: 1000px) 54vw, (max-width: 1071px) 543px, 580px\" \/><\/figure>\n\n\n\n<figure class=\"wp-block-image size-large\"><img loading=\"lazy\" decoding=\"async\" width=\"1024\" height=\"683\" data-id=\"402\" src=\"https:\/\/blocsenresidencia.bcn.cat\/bastida2024\/wp-content\/uploads\/2024\/03\/240221_sessio_professorat_119-copia-1.jpg\" alt=\"\" class=\"wp-image-402\" srcset=\"https:\/\/blocsenresidencia.bcn.cat\/bastida2024\/wp-content\/uploads\/2024\/03\/240221_sessio_professorat_119-copia-1.jpg 1024w, https:\/\/blocsenresidencia.bcn.cat\/bastida2024\/wp-content\/uploads\/2024\/03\/240221_sessio_professorat_119-copia-1-300x200.jpg 300w, https:\/\/blocsenresidencia.bcn.cat\/bastida2024\/wp-content\/uploads\/2024\/03\/240221_sessio_professorat_119-copia-1-768x512.jpg 768w\" sizes=\"auto, (max-width: 767px) 89vw, (max-width: 1000px) 54vw, (max-width: 1071px) 543px, 580px\" \/><\/figure>\n<\/figure>\n","protected":false},"excerpt":{"rendered":"<p>Quan era hora de comen\u00e7ar, vam trobar-nos amb els convidats al vest\u00edbul, i els vam portar a la sala d&#8217;actes on els vam explicar qui era el Dom\u00e8nec i les seves obres. Durant l&#8217;exposici\u00f3 vam parlar sobre el Dom\u00e8nec donant una breu informaci\u00f3 sobre ell: com que \u00e9s un artista visual. Un professional en l&#8217;art &hellip; <\/p>\n<p class=\"link-more\"><a href=\"https:\/\/blocsenresidencia.bcn.cat\/bastida2024\/exposicio-al-professorat-el-gran-dia\/\" class=\"more-link\">Continua llegint <span class=\"screen-reader-text\">\u00abExposici\u00f3 al professorat &#8211; El gran dia\u00bb<\/span><\/a><\/p>\n","protected":false},"author":9,"featured_media":0,"comment_status":"open","ping_status":"open","sticky":false,"template":"","format":"standard","meta":{"footnotes":""},"categories":[1],"tags":[],"class_list":["post-335","post","type-post","status-publish","format-standard","hentry","category-general"],"_links":{"self":[{"href":"https:\/\/blocsenresidencia.bcn.cat\/bastida2024\/wp-json\/wp\/v2\/posts\/335","targetHints":{"allow":["GET"]}}],"collection":[{"href":"https:\/\/blocsenresidencia.bcn.cat\/bastida2024\/wp-json\/wp\/v2\/posts"}],"about":[{"href":"https:\/\/blocsenresidencia.bcn.cat\/bastida2024\/wp-json\/wp\/v2\/types\/post"}],"author":[{"embeddable":true,"href":"https:\/\/blocsenresidencia.bcn.cat\/bastida2024\/wp-json\/wp\/v2\/users\/9"}],"replies":[{"embeddable":true,"href":"https:\/\/blocsenresidencia.bcn.cat\/bastida2024\/wp-json\/wp\/v2\/comments?post=335"}],"version-history":[{"count":3,"href":"https:\/\/blocsenresidencia.bcn.cat\/bastida2024\/wp-json\/wp\/v2\/posts\/335\/revisions"}],"predecessor-version":[{"id":410,"href":"https:\/\/blocsenresidencia.bcn.cat\/bastida2024\/wp-json\/wp\/v2\/posts\/335\/revisions\/410"}],"wp:attachment":[{"href":"https:\/\/blocsenresidencia.bcn.cat\/bastida2024\/wp-json\/wp\/v2\/media?parent=335"}],"wp:term":[{"taxonomy":"category","embeddable":true,"href":"https:\/\/blocsenresidencia.bcn.cat\/bastida2024\/wp-json\/wp\/v2\/categories?post=335"},{"taxonomy":"post_tag","embeddable":true,"href":"https:\/\/blocsenresidencia.bcn.cat\/bastida2024\/wp-json\/wp\/v2\/tags?post=335"}],"curies":[{"name":"wp","href":"https:\/\/api.w.org\/{rel}","templated":true}]}}