{"id":435,"date":"2024-06-18T15:06:46","date_gmt":"2024-06-18T13:06:46","guid":{"rendered":"https:\/\/blocsenresidencia.bcn.cat\/bastida2024\/?p=435"},"modified":"2024-06-18T15:06:46","modified_gmt":"2024-06-18T13:06:46","slug":"presentacio-final-la-barcassa-un-lloc-per-a-tothom-a-la-capella","status":"publish","type":"post","link":"https:\/\/blocsenresidencia.bcn.cat\/bastida2024\/presentacio-final-la-barcassa-un-lloc-per-a-tothom-a-la-capella\/","title":{"rendered":"Presentaci\u00f3 final: &#8216;La barcassa un lloc per a tothom&#8217; a La Capella"},"content":{"rendered":"\n<p class=\"wp-block-paragraph\">Hem presentat la nostra pe\u00e7a a La Capella. Ha estat emocionant. N&#8217;estem orgulloses!<\/p>\n\n\n\n<figure class=\"wp-block-gallery has-nested-images columns-default is-cropped wp-block-gallery-1 is-layout-flex wp-block-gallery-is-layout-flex\">\n<figure class=\"wp-block-image size-large\"><img loading=\"lazy\" decoding=\"async\" width=\"1024\" height=\"682\" data-id=\"481\" src=\"https:\/\/blocsenresidencia.bcn.cat\/bastida2024\/wp-content\/uploads\/2024\/06\/240523_Presentacio-Final_026-1024x682.jpg\" alt=\"\" class=\"wp-image-481\" srcset=\"https:\/\/blocsenresidencia.bcn.cat\/bastida2024\/wp-content\/uploads\/2024\/06\/240523_Presentacio-Final_026-1024x682.jpg 1024w, https:\/\/blocsenresidencia.bcn.cat\/bastida2024\/wp-content\/uploads\/2024\/06\/240523_Presentacio-Final_026-300x200.jpg 300w, https:\/\/blocsenresidencia.bcn.cat\/bastida2024\/wp-content\/uploads\/2024\/06\/240523_Presentacio-Final_026-768x512.jpg 768w, https:\/\/blocsenresidencia.bcn.cat\/bastida2024\/wp-content\/uploads\/2024\/06\/240523_Presentacio-Final_026.jpg 1280w\" sizes=\"auto, (max-width: 767px) 89vw, (max-width: 1000px) 54vw, (max-width: 1071px) 543px, 580px\" \/><\/figure>\n\n\n\n<figure class=\"wp-block-image size-large\"><img loading=\"lazy\" decoding=\"async\" width=\"1024\" height=\"682\" data-id=\"482\" src=\"https:\/\/blocsenresidencia.bcn.cat\/bastida2024\/wp-content\/uploads\/2024\/06\/240523_Presentacio-Final_030-1024x682.jpg\" alt=\"\" class=\"wp-image-482\" srcset=\"https:\/\/blocsenresidencia.bcn.cat\/bastida2024\/wp-content\/uploads\/2024\/06\/240523_Presentacio-Final_030-1024x682.jpg 1024w, https:\/\/blocsenresidencia.bcn.cat\/bastida2024\/wp-content\/uploads\/2024\/06\/240523_Presentacio-Final_030-300x200.jpg 300w, https:\/\/blocsenresidencia.bcn.cat\/bastida2024\/wp-content\/uploads\/2024\/06\/240523_Presentacio-Final_030-768x512.jpg 768w, https:\/\/blocsenresidencia.bcn.cat\/bastida2024\/wp-content\/uploads\/2024\/06\/240523_Presentacio-Final_030.jpg 1280w\" sizes=\"auto, (max-width: 767px) 89vw, (max-width: 1000px) 54vw, (max-width: 1071px) 543px, 580px\" \/><\/figure>\n\n\n\n<figure class=\"wp-block-image size-large\"><img loading=\"lazy\" decoding=\"async\" width=\"1024\" height=\"682\" data-id=\"483\" src=\"https:\/\/blocsenresidencia.bcn.cat\/bastida2024\/wp-content\/uploads\/2024\/06\/240523_Presentacio-Final_046-1024x682.jpg\" alt=\"\" class=\"wp-image-483\" srcset=\"https:\/\/blocsenresidencia.bcn.cat\/bastida2024\/wp-content\/uploads\/2024\/06\/240523_Presentacio-Final_046-1024x682.jpg 1024w, https:\/\/blocsenresidencia.bcn.cat\/bastida2024\/wp-content\/uploads\/2024\/06\/240523_Presentacio-Final_046-300x200.jpg 300w, https:\/\/blocsenresidencia.bcn.cat\/bastida2024\/wp-content\/uploads\/2024\/06\/240523_Presentacio-Final_046-768x512.jpg 768w, https:\/\/blocsenresidencia.bcn.cat\/bastida2024\/wp-content\/uploads\/2024\/06\/240523_Presentacio-Final_046.jpg 1280w\" sizes=\"auto, (max-width: 767px) 89vw, (max-width: 1000px) 54vw, (max-width: 1071px) 543px, 580px\" \/><\/figure>\n\n\n\n<figure class=\"wp-block-image size-large\"><img loading=\"lazy\" decoding=\"async\" width=\"1024\" height=\"682\" data-id=\"484\" src=\"https:\/\/blocsenresidencia.bcn.cat\/bastida2024\/wp-content\/uploads\/2024\/06\/240523_Presentacio-Final_054-1024x682.jpg\" alt=\"\" class=\"wp-image-484\" srcset=\"https:\/\/blocsenresidencia.bcn.cat\/bastida2024\/wp-content\/uploads\/2024\/06\/240523_Presentacio-Final_054-1024x682.jpg 1024w, https:\/\/blocsenresidencia.bcn.cat\/bastida2024\/wp-content\/uploads\/2024\/06\/240523_Presentacio-Final_054-300x200.jpg 300w, https:\/\/blocsenresidencia.bcn.cat\/bastida2024\/wp-content\/uploads\/2024\/06\/240523_Presentacio-Final_054-768x512.jpg 768w, https:\/\/blocsenresidencia.bcn.cat\/bastida2024\/wp-content\/uploads\/2024\/06\/240523_Presentacio-Final_054.jpg 1280w\" sizes=\"auto, (max-width: 767px) 89vw, (max-width: 1000px) 54vw, (max-width: 1071px) 543px, 580px\" \/><\/figure>\n\n\n\n<figure class=\"wp-block-image size-large\"><img loading=\"lazy\" decoding=\"async\" width=\"1024\" height=\"682\" data-id=\"485\" src=\"https:\/\/blocsenresidencia.bcn.cat\/bastida2024\/wp-content\/uploads\/2024\/06\/240523_Presentacio-Final_062-1024x682.jpg\" alt=\"\" class=\"wp-image-485\" srcset=\"https:\/\/blocsenresidencia.bcn.cat\/bastida2024\/wp-content\/uploads\/2024\/06\/240523_Presentacio-Final_062-1024x682.jpg 1024w, https:\/\/blocsenresidencia.bcn.cat\/bastida2024\/wp-content\/uploads\/2024\/06\/240523_Presentacio-Final_062-300x200.jpg 300w, https:\/\/blocsenresidencia.bcn.cat\/bastida2024\/wp-content\/uploads\/2024\/06\/240523_Presentacio-Final_062-768x512.jpg 768w, https:\/\/blocsenresidencia.bcn.cat\/bastida2024\/wp-content\/uploads\/2024\/06\/240523_Presentacio-Final_062.jpg 1280w\" sizes=\"auto, (max-width: 767px) 89vw, (max-width: 1000px) 54vw, (max-width: 1071px) 543px, 580px\" \/><\/figure>\n\n\n\n<figure class=\"wp-block-image size-large\"><img loading=\"lazy\" decoding=\"async\" width=\"1024\" height=\"682\" data-id=\"486\" src=\"https:\/\/blocsenresidencia.bcn.cat\/bastida2024\/wp-content\/uploads\/2024\/06\/240523_Presentacio-Final_069-1024x682.jpg\" alt=\"\" class=\"wp-image-486\" srcset=\"https:\/\/blocsenresidencia.bcn.cat\/bastida2024\/wp-content\/uploads\/2024\/06\/240523_Presentacio-Final_069-1024x682.jpg 1024w, https:\/\/blocsenresidencia.bcn.cat\/bastida2024\/wp-content\/uploads\/2024\/06\/240523_Presentacio-Final_069-300x200.jpg 300w, https:\/\/blocsenresidencia.bcn.cat\/bastida2024\/wp-content\/uploads\/2024\/06\/240523_Presentacio-Final_069-768x512.jpg 768w, https:\/\/blocsenresidencia.bcn.cat\/bastida2024\/wp-content\/uploads\/2024\/06\/240523_Presentacio-Final_069.jpg 1280w\" sizes=\"auto, (max-width: 767px) 89vw, (max-width: 1000px) 54vw, (max-width: 1071px) 543px, 580px\" \/><\/figure>\n\n\n\n<figure class=\"wp-block-image size-large\"><img loading=\"lazy\" decoding=\"async\" width=\"1024\" height=\"682\" data-id=\"489\" src=\"https:\/\/blocsenresidencia.bcn.cat\/bastida2024\/wp-content\/uploads\/2024\/06\/240523_Presentacio-Final_105-1024x682.jpg\" alt=\"\" class=\"wp-image-489\" srcset=\"https:\/\/blocsenresidencia.bcn.cat\/bastida2024\/wp-content\/uploads\/2024\/06\/240523_Presentacio-Final_105-1024x682.jpg 1024w, https:\/\/blocsenresidencia.bcn.cat\/bastida2024\/wp-content\/uploads\/2024\/06\/240523_Presentacio-Final_105-300x200.jpg 300w, https:\/\/blocsenresidencia.bcn.cat\/bastida2024\/wp-content\/uploads\/2024\/06\/240523_Presentacio-Final_105-768x512.jpg 768w, https:\/\/blocsenresidencia.bcn.cat\/bastida2024\/wp-content\/uploads\/2024\/06\/240523_Presentacio-Final_105.jpg 1280w\" sizes=\"auto, (max-width: 767px) 89vw, (max-width: 1000px) 54vw, (max-width: 1071px) 543px, 580px\" \/><\/figure>\n\n\n\n<figure class=\"wp-block-image size-large\"><img loading=\"lazy\" decoding=\"async\" width=\"1024\" height=\"682\" data-id=\"490\" src=\"https:\/\/blocsenresidencia.bcn.cat\/bastida2024\/wp-content\/uploads\/2024\/06\/240523_Presentacio-Final_111-1024x682.jpg\" alt=\"\" class=\"wp-image-490\" srcset=\"https:\/\/blocsenresidencia.bcn.cat\/bastida2024\/wp-content\/uploads\/2024\/06\/240523_Presentacio-Final_111-1024x682.jpg 1024w, https:\/\/blocsenresidencia.bcn.cat\/bastida2024\/wp-content\/uploads\/2024\/06\/240523_Presentacio-Final_111-300x200.jpg 300w, https:\/\/blocsenresidencia.bcn.cat\/bastida2024\/wp-content\/uploads\/2024\/06\/240523_Presentacio-Final_111-768x512.jpg 768w, https:\/\/blocsenresidencia.bcn.cat\/bastida2024\/wp-content\/uploads\/2024\/06\/240523_Presentacio-Final_111.jpg 1280w\" sizes=\"auto, (max-width: 767px) 89vw, (max-width: 1000px) 54vw, (max-width: 1071px) 543px, 580px\" \/><\/figure>\n\n\n\n<figure class=\"wp-block-image size-large\"><img loading=\"lazy\" decoding=\"async\" width=\"1024\" height=\"682\" data-id=\"491\" src=\"https:\/\/blocsenresidencia.bcn.cat\/bastida2024\/wp-content\/uploads\/2024\/06\/240523_Presentacio-Final_114-1024x682.jpg\" alt=\"\" class=\"wp-image-491\" srcset=\"https:\/\/blocsenresidencia.bcn.cat\/bastida2024\/wp-content\/uploads\/2024\/06\/240523_Presentacio-Final_114-1024x682.jpg 1024w, https:\/\/blocsenresidencia.bcn.cat\/bastida2024\/wp-content\/uploads\/2024\/06\/240523_Presentacio-Final_114-300x200.jpg 300w, https:\/\/blocsenresidencia.bcn.cat\/bastida2024\/wp-content\/uploads\/2024\/06\/240523_Presentacio-Final_114-768x512.jpg 768w, https:\/\/blocsenresidencia.bcn.cat\/bastida2024\/wp-content\/uploads\/2024\/06\/240523_Presentacio-Final_114.jpg 1280w\" sizes=\"auto, (max-width: 767px) 89vw, (max-width: 1000px) 54vw, (max-width: 1071px) 543px, 580px\" \/><\/figure>\n\n\n\n<figure class=\"wp-block-image size-large\"><img loading=\"lazy\" decoding=\"async\" width=\"1024\" height=\"682\" data-id=\"492\" src=\"https:\/\/blocsenresidencia.bcn.cat\/bastida2024\/wp-content\/uploads\/2024\/06\/240523_Presentacio-Final_130-1024x682.jpg\" alt=\"\" class=\"wp-image-492\" srcset=\"https:\/\/blocsenresidencia.bcn.cat\/bastida2024\/wp-content\/uploads\/2024\/06\/240523_Presentacio-Final_130-1024x682.jpg 1024w, https:\/\/blocsenresidencia.bcn.cat\/bastida2024\/wp-content\/uploads\/2024\/06\/240523_Presentacio-Final_130-300x200.jpg 300w, https:\/\/blocsenresidencia.bcn.cat\/bastida2024\/wp-content\/uploads\/2024\/06\/240523_Presentacio-Final_130-768x512.jpg 768w, https:\/\/blocsenresidencia.bcn.cat\/bastida2024\/wp-content\/uploads\/2024\/06\/240523_Presentacio-Final_130.jpg 1280w\" sizes=\"auto, (max-width: 767px) 89vw, (max-width: 1000px) 54vw, (max-width: 1071px) 543px, 580px\" \/><\/figure>\n\n\n\n<figure class=\"wp-block-image size-large\"><img loading=\"lazy\" decoding=\"async\" width=\"1024\" height=\"682\" data-id=\"493\" src=\"https:\/\/blocsenresidencia.bcn.cat\/bastida2024\/wp-content\/uploads\/2024\/06\/240523_Presentacio-Final_151-1024x682.jpg\" alt=\"\" class=\"wp-image-493\" srcset=\"https:\/\/blocsenresidencia.bcn.cat\/bastida2024\/wp-content\/uploads\/2024\/06\/240523_Presentacio-Final_151-1024x682.jpg 1024w, https:\/\/blocsenresidencia.bcn.cat\/bastida2024\/wp-content\/uploads\/2024\/06\/240523_Presentacio-Final_151-300x200.jpg 300w, https:\/\/blocsenresidencia.bcn.cat\/bastida2024\/wp-content\/uploads\/2024\/06\/240523_Presentacio-Final_151-768x512.jpg 768w, https:\/\/blocsenresidencia.bcn.cat\/bastida2024\/wp-content\/uploads\/2024\/06\/240523_Presentacio-Final_151.jpg 1280w\" sizes=\"auto, (max-width: 767px) 89vw, (max-width: 1000px) 54vw, (max-width: 1071px) 543px, 580px\" \/><\/figure>\n\n\n\n<figure class=\"wp-block-image size-large\"><img loading=\"lazy\" decoding=\"async\" width=\"1024\" height=\"682\" data-id=\"494\" src=\"https:\/\/blocsenresidencia.bcn.cat\/bastida2024\/wp-content\/uploads\/2024\/06\/240523_Presentacio-Final_163-1024x682.jpg\" alt=\"\" class=\"wp-image-494\" srcset=\"https:\/\/blocsenresidencia.bcn.cat\/bastida2024\/wp-content\/uploads\/2024\/06\/240523_Presentacio-Final_163-1024x682.jpg 1024w, https:\/\/blocsenresidencia.bcn.cat\/bastida2024\/wp-content\/uploads\/2024\/06\/240523_Presentacio-Final_163-300x200.jpg 300w, https:\/\/blocsenresidencia.bcn.cat\/bastida2024\/wp-content\/uploads\/2024\/06\/240523_Presentacio-Final_163-768x512.jpg 768w, https:\/\/blocsenresidencia.bcn.cat\/bastida2024\/wp-content\/uploads\/2024\/06\/240523_Presentacio-Final_163.jpg 1280w\" sizes=\"auto, (max-width: 767px) 89vw, (max-width: 1000px) 54vw, (max-width: 1071px) 543px, 580px\" \/><\/figure>\n\n\n\n<figure class=\"wp-block-image size-large\"><img loading=\"lazy\" decoding=\"async\" width=\"1024\" height=\"682\" data-id=\"495\" src=\"https:\/\/blocsenresidencia.bcn.cat\/bastida2024\/wp-content\/uploads\/2024\/06\/240523_Presentacio-Final_229-1024x682.jpg\" alt=\"\" class=\"wp-image-495\" srcset=\"https:\/\/blocsenresidencia.bcn.cat\/bastida2024\/wp-content\/uploads\/2024\/06\/240523_Presentacio-Final_229-1024x682.jpg 1024w, https:\/\/blocsenresidencia.bcn.cat\/bastida2024\/wp-content\/uploads\/2024\/06\/240523_Presentacio-Final_229-300x200.jpg 300w, https:\/\/blocsenresidencia.bcn.cat\/bastida2024\/wp-content\/uploads\/2024\/06\/240523_Presentacio-Final_229-768x512.jpg 768w, https:\/\/blocsenresidencia.bcn.cat\/bastida2024\/wp-content\/uploads\/2024\/06\/240523_Presentacio-Final_229.jpg 1280w\" sizes=\"auto, (max-width: 767px) 89vw, (max-width: 1000px) 54vw, (max-width: 1071px) 543px, 580px\" \/><\/figure>\n\n\n\n<figure class=\"wp-block-image size-large\"><img loading=\"lazy\" decoding=\"async\" width=\"1024\" height=\"682\" data-id=\"496\" src=\"https:\/\/blocsenresidencia.bcn.cat\/bastida2024\/wp-content\/uploads\/2024\/06\/240523_Presentacio-Final_256-1024x682.jpg\" alt=\"\" class=\"wp-image-496\" srcset=\"https:\/\/blocsenresidencia.bcn.cat\/bastida2024\/wp-content\/uploads\/2024\/06\/240523_Presentacio-Final_256-1024x682.jpg 1024w, https:\/\/blocsenresidencia.bcn.cat\/bastida2024\/wp-content\/uploads\/2024\/06\/240523_Presentacio-Final_256-300x200.jpg 300w, https:\/\/blocsenresidencia.bcn.cat\/bastida2024\/wp-content\/uploads\/2024\/06\/240523_Presentacio-Final_256-768x512.jpg 768w, https:\/\/blocsenresidencia.bcn.cat\/bastida2024\/wp-content\/uploads\/2024\/06\/240523_Presentacio-Final_256.jpg 1280w\" sizes=\"auto, (max-width: 767px) 89vw, (max-width: 1000px) 54vw, (max-width: 1071px) 543px, 580px\" \/><\/figure>\n<\/figure>\n\n\n\n<p class=\"wp-block-paragraph\">&#8216;Hola, bona tarda. Benvinguts a La Capella. <\/p>\n\n\n\n<p class=\"wp-block-paragraph\">Avui presentarem la nostra obra d&#8217;art anomenada \u00abLa barcassa, un lloc per a tothom\u00bb, que hem fet conjuntament amb l&#8217;artista Dom\u00e8nec. Tamb\u00e9 ens han donat un cop de m\u00e0 l&#8217;Agn\u00e8s, l&#8217;\u00c0ngel i les professores Irene Acevedo, Maria Roger, Maria Rosa Pintor i Nerea Caba\u00f1ero.<\/p>\n\n\n\n<p class=\"wp-block-paragraph\">Nosaltres som l&#8217;alumnat de 3r de l&#8217;ESO de l&#8217;Institut La Bastida i destigem que gaudiu de la nostra exposici\u00f3. Ens fa molta il\u00b7lusi\u00f3 estar avui amb vosaltres, agra\u00efm molt la vostra pres\u00e8ncia.<\/p>\n\n\n\n<p class=\"wp-block-paragraph\">La nostra obra est\u00e0 pensada per a qu\u00e8 la gent pugui passar l&#8217;estona aqu\u00ed dibuixant, llegint o tranquil\u00b7litzant-se. Hem passat per moltes dificultats al llarg del proc\u00e9s: en un moment ens vam adonar que faltava una pe\u00e7a de fusta. Ara els meus companys i companyes ho explicaran. Siusplau manteniu silenci durant l&#8217;exposici\u00f3, gr\u00e0cies!<\/p>\n\n\n\n<p class=\"wp-block-paragraph\">En Dom\u00e8nec \u00e9s un home de 62 anys d&#8217;edat, va comen\u00e7ar el seu cam\u00ed en l&#8217;arquitectura fa 35 anys. Ell est\u00e0 enfocat en l&#8217;art contemporani, com l&#8217;obra que vam veure al MACBA <em>L&#8217;estadi, el pabell\u00f3 i el palau<\/em>. A nosaltres ens ha acompanyat en l&#8217;assignatura optativa \u00abArt en Resid\u00e8ncia\u00bb, que ha consistit en crear una obra tots junts. D&#8217;en Dom\u00e8nec, hem valorat molt la humilitat, la paci\u00e8ncia i l&#8217;empatia. Ens fa molta il\u00b7lusi\u00f3 compartir aquesta obra amb tots vosaltres, esperem que us agradi!<\/p>\n\n\n\n<p class=\"wp-block-paragraph\">Al llarg d&#8217;aquest proc\u00e9s hem fet moltes coses. A l&#8217;inici del curs, vam fer una excursi\u00f3 per tota Santa Coloma de Gramenet. En acabar l&#8217;excursi\u00f3, vam fer una exposici\u00f3 amb l&#8217;artista per tal que conegu\u00e9s una mica m\u00e9s la nostra ciutat. Despr\u00e9s vam fer uns dibuixos de la fa\u00e7ana de la casa de cadasc\u00fa. M\u00e9s tard, vam dibuixar la nostra casa dels somnis i finalment la vam muntar en unes maquetes. Un cop acabades, les vam exposar als nostres professors.<\/p>\n\n\n\n<p class=\"wp-block-paragraph\">Despr\u00e9s de fer la maqueta i l&#8217;exposici\u00f3 al professorat, vam fer l&#8217;excursi\u00f3 al MACBA. All\u00e0 vam trobar la nostra inspiraci\u00f3, ja que vam descobrir que qualsevol pe\u00e7a podia tenir un significat, un sentit. Vam posar en com\u00fa que vol\u00edem que la nostra obra fos m\u00e9s gran que una maqueta de cartr\u00f3 , vol\u00edem utilitzar eines i poder crear una cosa que fos \u00fatil per a tots.<\/p>\n\n\n\n<p class=\"wp-block-paragraph\">La nostra obra va comen\u00e7ar amb una maqueta i moltes il\u00b7lusions. Quan vam comen\u00e7ar a pensar la nostra pe\u00e7a final, vam fer una sessi\u00f3 amb una pluja d&#8217;idees de com vol\u00edem que fos i les vam anar apuntant a la pissarra. Vol\u00edem que fos c\u00f2mode, que hi pogu\u00e9ssim dormir, escriure&#8230; que fos \u00fatil, real i alhora que fos factible.<\/p>\n\n\n\n<p class=\"wp-block-paragraph\">Seguidament, en Dom\u00e8nec va portar un esb\u00f3s del moble i va encarregar a un fuster que fes les fustes a la mesura que li vam demanar. Quan van arribar les fustes vam comen\u00e7ar a muntar el moble i amb ell es va fer realitat el nostre somni.<\/p>\n\n\n\n<p class=\"wp-block-paragraph\">Ara us explicarem la \u00faltima part del projecte, que \u00e9s la construcci\u00f3 del moble \u00abLa Barcassa\u00bb. La construcci\u00f3 va ser entretinguda per\u00f2 no va ser f\u00e0cil ni l&#8217;inici ni la organitzaci\u00f3.<\/p>\n\n\n\n<p class=\"wp-block-paragraph\">Ha sigut un projecte que ha necessitat tota la nostra col\u00b7laboraci\u00f3 i esfor\u00e7. Nosaltres no hem treballat sols, ja que sempre hem tingut l&#8217;ajuda i el suport d&#8217;en Dom\u00e8nec, l&#8217;\u00c0ngel, l&#8217;Agn\u00e8s, la Maria, l&#8217;Irene, la Maria Rosa i la Nerea.<\/p>\n\n\n\n<p class=\"wp-block-paragraph\">No tot el proc\u00e9s ha sigut f\u00e0cil. La fusta es trencava, els materials no van arribar quan estava previst, no totes les peces encaixaven&#8230; hi havia molts inconvenients que no esper\u00e0vem. Per\u00f2, tot i aix\u00ed, hem pogut solucionar tot i hem pogut acabar a temps i correctament. Un cop vam finalitzar el moble, vam experimentar amb ell i vam comprovar que feia la seva funci\u00f3. Ha sigut una bona experi\u00e8ncia, la repetir\u00edem.<\/p>\n\n\n\n<p class=\"wp-block-paragraph\"><strong>Comiat<\/strong><\/p>\n\n\n\n<p class=\"wp-block-paragraph\">Despr\u00e9s d&#8217;aquest treball tan dif\u00edcil en equip, el resultat es veu reflectit en aquesta obra. Hem posat molta il\u00b7lusi\u00f3 i companyoria. \u00c9s un treball que no hav\u00edem fet abans per\u00f2 que ens feia molta il\u00b7lusi\u00f3 crear.<\/p>\n\n\n\n<p class=\"wp-block-paragraph\">Ens vam compromotre en cada part de la creaci\u00f3 de l&#8217;obra, tots col\u00b7labor\u00e0vem a la nostra manera i vam poder donar la nostra opini\u00f3 i idees. \u00c9s un treball que t\u00e9 la petjada de cadasc\u00fa  de nosaltres impresa en cada part del moble.<\/p>\n\n\n\n<p class=\"wp-block-paragraph\">Finalment, per a la creaci\u00f3 del t\u00edtol de la nostra obra, van sorgir diverses idees, les quals van acabar en un manifest que ens va agradar molt i que t\u00e9 un bonic significat per a nosaltres. Ara ens encantaria que vosaltres pogu\u00e9ssiu escoltar-lo.<\/p>\n\n\n\n<p class=\"wp-block-paragraph\"><strong>MANIFEST<\/strong><\/p>\n\n\n\n<p class=\"wp-block-paragraph\">Embarcar-se.<\/p>\n\n\n\n<p class=\"wp-block-paragraph\">Embarcar-se en un lloc per estar.<\/p>\n\n\n\n<p class=\"wp-block-paragraph\">Embarcar-se en un laberint.<\/p>\n\n\n\n<p class=\"wp-block-paragraph\">Embarcar-se per trobar-se.<\/p>\n\n\n\n<p class=\"wp-block-paragraph\">Embarcar-se En Resid\u00e8ncia.<\/p>\n\n\n\n<p class=\"wp-block-paragraph\">Embarcar-se en un vaixell.<\/p>\n\n\n\n<p class=\"wp-block-paragraph\">Embarcar-se per viatjar.<\/p>\n\n\n\n<p class=\"wp-block-paragraph\">Embarcar-se en una muntanya.<\/p>\n\n\n\n<p class=\"wp-block-paragraph\">Embarcar-se en la fantasia.<\/p>\n\n\n\n<p class=\"wp-block-paragraph\"><strong>La Barcassa, un lloc per a tothom.<\/strong><\/p>\n","protected":false},"excerpt":{"rendered":"<p>Hem presentat la nostra pe\u00e7a a La Capella. Ha estat emocionant. N&#8217;estem orgulloses! &#8216;Hola, bona tarda. Benvinguts a La Capella. Avui presentarem la nostra obra d&#8217;art anomenada \u00abLa barcassa, un lloc per a tothom\u00bb, que hem fet conjuntament amb l&#8217;artista Dom\u00e8nec. Tamb\u00e9 ens han donat un cop de m\u00e0 l&#8217;Agn\u00e8s, l&#8217;\u00c0ngel i les professores Irene &hellip; <\/p>\n<p class=\"link-more\"><a href=\"https:\/\/blocsenresidencia.bcn.cat\/bastida2024\/presentacio-final-la-barcassa-un-lloc-per-a-tothom-a-la-capella\/\" class=\"more-link\">Continua llegint <span class=\"screen-reader-text\">\u00abPresentaci\u00f3 final: &#8216;La barcassa un lloc per a tothom&#8217; a La Capella\u00bb<\/span><\/a><\/p>\n","protected":false},"author":8,"featured_media":0,"comment_status":"open","ping_status":"open","sticky":false,"template":"","format":"standard","meta":{"footnotes":""},"categories":[1],"tags":[],"class_list":["post-435","post","type-post","status-publish","format-standard","hentry","category-general"],"_links":{"self":[{"href":"https:\/\/blocsenresidencia.bcn.cat\/bastida2024\/wp-json\/wp\/v2\/posts\/435","targetHints":{"allow":["GET"]}}],"collection":[{"href":"https:\/\/blocsenresidencia.bcn.cat\/bastida2024\/wp-json\/wp\/v2\/posts"}],"about":[{"href":"https:\/\/blocsenresidencia.bcn.cat\/bastida2024\/wp-json\/wp\/v2\/types\/post"}],"author":[{"embeddable":true,"href":"https:\/\/blocsenresidencia.bcn.cat\/bastida2024\/wp-json\/wp\/v2\/users\/8"}],"replies":[{"embeddable":true,"href":"https:\/\/blocsenresidencia.bcn.cat\/bastida2024\/wp-json\/wp\/v2\/comments?post=435"}],"version-history":[{"count":5,"href":"https:\/\/blocsenresidencia.bcn.cat\/bastida2024\/wp-json\/wp\/v2\/posts\/435\/revisions"}],"predecessor-version":[{"id":512,"href":"https:\/\/blocsenresidencia.bcn.cat\/bastida2024\/wp-json\/wp\/v2\/posts\/435\/revisions\/512"}],"wp:attachment":[{"href":"https:\/\/blocsenresidencia.bcn.cat\/bastida2024\/wp-json\/wp\/v2\/media?parent=435"}],"wp:term":[{"taxonomy":"category","embeddable":true,"href":"https:\/\/blocsenresidencia.bcn.cat\/bastida2024\/wp-json\/wp\/v2\/categories?post=435"},{"taxonomy":"post_tag","embeddable":true,"href":"https:\/\/blocsenresidencia.bcn.cat\/bastida2024\/wp-json\/wp\/v2\/tags?post=435"}],"curies":[{"name":"wp","href":"https:\/\/api.w.org\/{rel}","templated":true}]}}