{"id":379,"date":"2024-09-23T18:18:13","date_gmt":"2024-09-23T16:18:13","guid":{"rendered":"\/bastida2025\/?p=379"},"modified":"2024-11-27T18:31:21","modified_gmt":"2024-11-27T16:31:21","slug":"presentacio-del-projecte-que-hem-fet-abans-que-arribes-el-toni-mira","status":"publish","type":"post","link":"\/bastida2025\/presentacio-del-projecte-que-hem-fet-abans-que-arribes-el-toni-mira\/","title":{"rendered":"Presentaci\u00f3 del projecte: qu\u00e8 hem fet abans que arrib\u00e9s el Toni Mira"},"content":{"rendered":"\n<p class=\"wp-block-paragraph\"><\/p>\n\n\n\n<figure class=\"wp-block-image size-large\"><img loading=\"lazy\" decoding=\"async\" width=\"1024\" height=\"768\" src=\"\/bastida2025\/wp-content\/uploads\/2024\/11\/0916-primer-dia-1-1024x768.jpg\" alt=\"\" class=\"wp-image-380\" srcset=\"\/bastida2025\/wp-content\/uploads\/2024\/11\/0916-primer-dia-1-1024x768.jpg 1024w, \/bastida2025\/wp-content\/uploads\/2024\/11\/0916-primer-dia-1-300x225.jpg 300w, \/bastida2025\/wp-content\/uploads\/2024\/11\/0916-primer-dia-1-768x576.jpg 768w, \/bastida2025\/wp-content\/uploads\/2024\/11\/0916-primer-dia-1-1536x1152.jpg 1536w, \/bastida2025\/wp-content\/uploads\/2024\/11\/0916-primer-dia-1-2048x1536.jpg 2048w\" sizes=\"auto, (max-width: 767px) 89vw, (max-width: 1000px) 54vw, (max-width: 1071px) 543px, 580px\" \/><\/figure>\n\n\n\n<p class=\"wp-block-paragraph\">Els primers dies vam con\u00e9ixer el projecte. Per\u00f2 abans, ens vam con\u00e9ixer m\u00e9s entre nosaltres reunint-nos en rotllana i ens vam ordenar per dates d\u2019aniversari, del m\u00e9s gran al m\u00e9s petit. A m\u00e9s, vam jugar a jocs com el de les cadires.<\/p>\n\n\n\n<p class=\"wp-block-paragraph\">Despr\u00e9s, vam formar grups de tres i vam investigar sobre en Toni Mira trobant moltes coses interessants. Vam preparar preguntes per fer-li, relacionades amb la seva traject\u00f2ria art\u00edstica. Tamb\u00e9 vam escriure un text sobre les nostres expectatives i les primeres impressions sobre l\u2019optativa. Aquesta introducci\u00f3 ens va ajudar a connectar amb el que treballar\u00edem.<\/p>\n","protected":false},"excerpt":{"rendered":"<p>Els primers dies vam con\u00e9ixer el projecte. Per\u00f2 abans, ens vam con\u00e9ixer m\u00e9s entre nosaltres reunint-nos en rotllana i ens vam ordenar per dates d\u2019aniversari, del m\u00e9s gran al m\u00e9s petit. A m\u00e9s, vam jugar a jocs com el de les cadires. Despr\u00e9s, vam formar grups de tres i vam investigar sobre en Toni Mira &hellip; <\/p>\n<p class=\"link-more\"><a href=\"\/bastida2025\/presentacio-del-projecte-que-hem-fet-abans-que-arribes-el-toni-mira\/\" class=\"more-link\">Continua llegint <span class=\"screen-reader-text\">\u00abPresentaci\u00f3 del projecte: qu\u00e8 hem fet abans que arrib\u00e9s el Toni Mira\u00bb<\/span><\/a><\/p>\n","protected":false},"author":15,"featured_media":0,"comment_status":"open","ping_status":"open","sticky":false,"template":"","format":"standard","meta":{"footnotes":""},"categories":[1],"tags":[],"class_list":["post-379","post","type-post","status-publish","format-standard","hentry","category-general"],"_links":{"self":[{"href":"\/bastida2025\/wp-json\/wp\/v2\/posts\/379","targetHints":{"allow":["GET"]}}],"collection":[{"href":"\/bastida2025\/wp-json\/wp\/v2\/posts"}],"about":[{"href":"\/bastida2025\/wp-json\/wp\/v2\/types\/post"}],"author":[{"embeddable":true,"href":"\/bastida2025\/wp-json\/wp\/v2\/users\/15"}],"replies":[{"embeddable":true,"href":"\/bastida2025\/wp-json\/wp\/v2\/comments?post=379"}],"version-history":[{"count":1,"href":"\/bastida2025\/wp-json\/wp\/v2\/posts\/379\/revisions"}],"predecessor-version":[{"id":381,"href":"\/bastida2025\/wp-json\/wp\/v2\/posts\/379\/revisions\/381"}],"wp:attachment":[{"href":"\/bastida2025\/wp-json\/wp\/v2\/media?parent=379"}],"wp:term":[{"taxonomy":"category","embeddable":true,"href":"\/bastida2025\/wp-json\/wp\/v2\/categories?post=379"},{"taxonomy":"post_tag","embeddable":true,"href":"\/bastida2025\/wp-json\/wp\/v2\/tags?post=379"}],"curies":[{"name":"wp","href":"https:\/\/api.w.org\/{rel}","templated":true}]}}