{"id":382,"date":"2024-09-26T18:31:57","date_gmt":"2024-09-26T16:31:57","guid":{"rendered":"\/bastida2025\/?p=382"},"modified":"2024-11-27T18:36:03","modified_gmt":"2024-11-27T16:36:03","slug":"coneixem-en-toni-dinamiques-de-moviment","status":"publish","type":"post","link":"\/bastida2025\/coneixem-en-toni-dinamiques-de-moviment\/","title":{"rendered":"Coneixem en Toni: din\u00e0miques de moviment"},"content":{"rendered":"\n<figure class=\"wp-block-image size-large\"><img loading=\"lazy\" decoding=\"async\" width=\"1024\" height=\"768\" src=\"\/bastida2025\/wp-content\/uploads\/2024\/11\/0926-Arribada-Toni-3-1024x768.jpg\" alt=\"\" class=\"wp-image-383\" srcset=\"\/bastida2025\/wp-content\/uploads\/2024\/11\/0926-Arribada-Toni-3-1024x768.jpg 1024w, \/bastida2025\/wp-content\/uploads\/2024\/11\/0926-Arribada-Toni-3-300x225.jpg 300w, \/bastida2025\/wp-content\/uploads\/2024\/11\/0926-Arribada-Toni-3-768x576.jpg 768w, \/bastida2025\/wp-content\/uploads\/2024\/11\/0926-Arribada-Toni-3-1536x1152.jpg 1536w, \/bastida2025\/wp-content\/uploads\/2024\/11\/0926-Arribada-Toni-3-2048x1536.jpg 2048w\" sizes=\"auto, (max-width: 767px) 89vw, (max-width: 1000px) 54vw, (max-width: 1071px) 543px, 580px\" \/><\/figure>\n\n\n\n<p class=\"wp-block-paragraph\">El dia que va venir en Toni Mira, ens vam reunir en cercle i li vam fer les preguntes que hav\u00edem preparat. Ens va respondre amb detall i, tot seguit, va proposar jocs de moviment. El primer consistia a fer aplaudiments en cadena mantenint un ritme constant. Despr\u00e9s, vam treballar moviments amb m\u00fasica i caminar seguint diferents ritmes. Ens va semblar molt divertit i din\u00e0mic, una manera diferent d\u2019expressar-nos.<\/p>\n","protected":false},"excerpt":{"rendered":"<p>El dia que va venir en Toni Mira, ens vam reunir en cercle i li vam fer les preguntes que hav\u00edem preparat. Ens va respondre amb detall i, tot seguit, va proposar jocs de moviment. El primer consistia a fer aplaudiments en cadena mantenint un ritme constant. Despr\u00e9s, vam treballar moviments amb m\u00fasica i caminar &hellip; <\/p>\n<p class=\"link-more\"><a href=\"\/bastida2025\/coneixem-en-toni-dinamiques-de-moviment\/\" class=\"more-link\">Continua llegint <span class=\"screen-reader-text\">\u00abConeixem en Toni: din\u00e0miques de moviment\u00bb<\/span><\/a><\/p>\n","protected":false},"author":15,"featured_media":0,"comment_status":"open","ping_status":"open","sticky":false,"template":"","format":"standard","meta":{"footnotes":""},"categories":[1],"tags":[],"class_list":["post-382","post","type-post","status-publish","format-standard","hentry","category-general"],"_links":{"self":[{"href":"\/bastida2025\/wp-json\/wp\/v2\/posts\/382","targetHints":{"allow":["GET"]}}],"collection":[{"href":"\/bastida2025\/wp-json\/wp\/v2\/posts"}],"about":[{"href":"\/bastida2025\/wp-json\/wp\/v2\/types\/post"}],"author":[{"embeddable":true,"href":"\/bastida2025\/wp-json\/wp\/v2\/users\/15"}],"replies":[{"embeddable":true,"href":"\/bastida2025\/wp-json\/wp\/v2\/comments?post=382"}],"version-history":[{"count":1,"href":"\/bastida2025\/wp-json\/wp\/v2\/posts\/382\/revisions"}],"predecessor-version":[{"id":384,"href":"\/bastida2025\/wp-json\/wp\/v2\/posts\/382\/revisions\/384"}],"wp:attachment":[{"href":"\/bastida2025\/wp-json\/wp\/v2\/media?parent=382"}],"wp:term":[{"taxonomy":"category","embeddable":true,"href":"\/bastida2025\/wp-json\/wp\/v2\/categories?post=382"},{"taxonomy":"post_tag","embeddable":true,"href":"\/bastida2025\/wp-json\/wp\/v2\/tags?post=382"}],"curies":[{"name":"wp","href":"https:\/\/api.w.org\/{rel}","templated":true}]}}