{"id":385,"date":"2024-10-10T18:36:20","date_gmt":"2024-10-10T16:36:20","guid":{"rendered":"\/bastida2025\/?p=385"},"modified":"2024-11-27T18:39:26","modified_gmt":"2024-11-27T16:39:26","slug":"la-trajectoria-professional-del-toni-que-ens-ha-ensenyat","status":"publish","type":"post","link":"\/bastida2025\/la-trajectoria-professional-del-toni-que-ens-ha-ensenyat\/","title":{"rendered":"La traject\u00f2ria professional del Toni: qu\u00e8 ens ha ensenyat?"},"content":{"rendered":"\n<figure class=\"wp-block-image size-full\"><img loading=\"lazy\" decoding=\"async\" width=\"500\" height=\"333\" src=\"\/bastida2025\/wp-content\/uploads\/2024\/11\/image.png\" alt=\"\" class=\"wp-image-386\" srcset=\"\/bastida2025\/wp-content\/uploads\/2024\/11\/image.png 500w, \/bastida2025\/wp-content\/uploads\/2024\/11\/image-300x200.png 300w\" sizes=\"auto, (max-width: 500px) 100vw, 500px\" \/><\/figure>\n\n\n\n<p class=\"wp-block-paragraph\">En Toni Mira \u00e9s un artista de 67 anys amb una traject\u00f2ria inspiradora. Va comen\u00e7ar estudiant arquitectura, per\u00f2 es va apuntar a classes de dansa per diversi\u00f3 i va descobrir que era la seva passi\u00f3. Va deixar la universitat per dedicar-se completament al ball i va fundar una companyia pr\u00f2pia. Ens va explicar com el ball art\u00edstic i l\u2019art en resid\u00e8ncia s\u00f3n eines d\u2019expressi\u00f3. La seva hist\u00f2ria ens ha ensenyat que val la pena provar coses noves i explorar aficions, perqu\u00e8 mai saps qu\u00e8 et pot fer feli\u00e7.<\/p>\n\n\n\n<p class=\"wp-block-paragraph\"><\/p>\n","protected":false},"excerpt":{"rendered":"<p>En Toni Mira \u00e9s un artista de 67 anys amb una traject\u00f2ria inspiradora. Va comen\u00e7ar estudiant arquitectura, per\u00f2 es va apuntar a classes de dansa per diversi\u00f3 i va descobrir que era la seva passi\u00f3. Va deixar la universitat per dedicar-se completament al ball i va fundar una companyia pr\u00f2pia. Ens va explicar com el &hellip; <\/p>\n<p class=\"link-more\"><a href=\"\/bastida2025\/la-trajectoria-professional-del-toni-que-ens-ha-ensenyat\/\" class=\"more-link\">Continua llegint <span class=\"screen-reader-text\">\u00abLa traject\u00f2ria professional del Toni: qu\u00e8 ens ha ensenyat?\u00bb<\/span><\/a><\/p>\n","protected":false},"author":15,"featured_media":0,"comment_status":"open","ping_status":"open","sticky":false,"template":"","format":"standard","meta":{"footnotes":""},"categories":[1],"tags":[],"class_list":["post-385","post","type-post","status-publish","format-standard","hentry","category-general"],"_links":{"self":[{"href":"\/bastida2025\/wp-json\/wp\/v2\/posts\/385","targetHints":{"allow":["GET"]}}],"collection":[{"href":"\/bastida2025\/wp-json\/wp\/v2\/posts"}],"about":[{"href":"\/bastida2025\/wp-json\/wp\/v2\/types\/post"}],"author":[{"embeddable":true,"href":"\/bastida2025\/wp-json\/wp\/v2\/users\/15"}],"replies":[{"embeddable":true,"href":"\/bastida2025\/wp-json\/wp\/v2\/comments?post=385"}],"version-history":[{"count":1,"href":"\/bastida2025\/wp-json\/wp\/v2\/posts\/385\/revisions"}],"predecessor-version":[{"id":387,"href":"\/bastida2025\/wp-json\/wp\/v2\/posts\/385\/revisions\/387"}],"wp:attachment":[{"href":"\/bastida2025\/wp-json\/wp\/v2\/media?parent=385"}],"wp:term":[{"taxonomy":"category","embeddable":true,"href":"\/bastida2025\/wp-json\/wp\/v2\/categories?post=385"},{"taxonomy":"post_tag","embeddable":true,"href":"\/bastida2025\/wp-json\/wp\/v2\/tags?post=385"}],"curies":[{"name":"wp","href":"https:\/\/api.w.org\/{rel}","templated":true}]}}