{"id":397,"date":"2024-10-21T18:51:34","date_gmt":"2024-10-21T16:51:34","guid":{"rendered":"\/bastida2025\/?p=397"},"modified":"2024-11-27T18:52:33","modified_gmt":"2024-11-27T16:52:33","slug":"les-musiques-i-les-emocions","status":"publish","type":"post","link":"\/bastida2025\/les-musiques-i-les-emocions\/","title":{"rendered":"Les m\u00fasiques i les emocions"},"content":{"rendered":"\n<figure class=\"wp-block-gallery has-nested-images columns-default is-cropped wp-block-gallery-1 is-layout-flex wp-block-gallery-is-layout-flex\">\n<figure class=\"wp-block-image size-large\"><img loading=\"lazy\" decoding=\"async\" width=\"300\" height=\"282\" data-id=\"401\" src=\"\/bastida2025\/wp-content\/uploads\/2024\/11\/image-2.png\" alt=\"\" class=\"wp-image-401\"\/><\/figure>\n\n\n\n<figure class=\"wp-block-image size-large\"><img loading=\"lazy\" decoding=\"async\" width=\"1024\" height=\"768\" data-id=\"402\" src=\"\/bastida2025\/wp-content\/uploads\/2024\/11\/0930-treball-en-grups-pel-blog-1-1-1024x768.jpg\" alt=\"\" class=\"wp-image-402\" srcset=\"\/bastida2025\/wp-content\/uploads\/2024\/11\/0930-treball-en-grups-pel-blog-1-1-1024x768.jpg 1024w, \/bastida2025\/wp-content\/uploads\/2024\/11\/0930-treball-en-grups-pel-blog-1-1-300x225.jpg 300w, \/bastida2025\/wp-content\/uploads\/2024\/11\/0930-treball-en-grups-pel-blog-1-1-768x576.jpg 768w, \/bastida2025\/wp-content\/uploads\/2024\/11\/0930-treball-en-grups-pel-blog-1-1-1536x1152.jpg 1536w, \/bastida2025\/wp-content\/uploads\/2024\/11\/0930-treball-en-grups-pel-blog-1-1-2048x1536.jpg 2048w\" sizes=\"auto, (max-width: 767px) 89vw, (max-width: 1000px) 54vw, (max-width: 1071px) 543px, 580px\" \/><\/figure>\n<\/figure>\n\n\n\n<p class=\"wp-block-paragraph\">Un dia, la professora ens va portar <a href=\"https:\/\/xtec.gencat.cat\/ca\/centres\/projeducatiu\/convivencia\/recursos\/valorsiactituds\/socioemocional\/\" data-type=\"link\" data-id=\"https:\/\/xtec.gencat.cat\/ca\/centres\/projeducatiu\/convivencia\/recursos\/valorsiactituds\/socioemocional\/\">cartes amb emocions<\/a>. Ens en va repartir tres a cadasc\u00fa i ens va demanar que busqu\u00e9ssim can\u00e7ons que representessin aquestes emocions. Despr\u00e9s, en rotllana, vam escoltar les can\u00e7ons i intent\u00e0vem endevinar l\u2019emoci\u00f3 que volia transmetre cada company. Aquesta activitat ens va ajudar a connectar amb les emocions a trav\u00e9s de la m\u00fasica. Creiem que podr\u00edem continuar explorant les emocions amb dibuixos, colors o m\u00edmica.<\/p>\n\n\n\n<p class=\"wp-block-paragraph\"><\/p>\n","protected":false},"excerpt":{"rendered":"<p>Un dia, la professora ens va portar cartes amb emocions. Ens en va repartir tres a cadasc\u00fa i ens va demanar que busqu\u00e9ssim can\u00e7ons que representessin aquestes emocions. Despr\u00e9s, en rotllana, vam escoltar les can\u00e7ons i intent\u00e0vem endevinar l\u2019emoci\u00f3 que volia transmetre cada company. Aquesta activitat ens va ajudar a connectar amb les emocions a &hellip; <\/p>\n<p class=\"link-more\"><a href=\"\/bastida2025\/les-musiques-i-les-emocions\/\" class=\"more-link\">Continua llegint <span class=\"screen-reader-text\">\u00abLes m\u00fasiques i les emocions\u00bb<\/span><\/a><\/p>\n","protected":false},"author":15,"featured_media":0,"comment_status":"open","ping_status":"open","sticky":false,"template":"","format":"standard","meta":{"footnotes":""},"categories":[1],"tags":[],"class_list":["post-397","post","type-post","status-publish","format-standard","hentry","category-general"],"_links":{"self":[{"href":"\/bastida2025\/wp-json\/wp\/v2\/posts\/397","targetHints":{"allow":["GET"]}}],"collection":[{"href":"\/bastida2025\/wp-json\/wp\/v2\/posts"}],"about":[{"href":"\/bastida2025\/wp-json\/wp\/v2\/types\/post"}],"author":[{"embeddable":true,"href":"\/bastida2025\/wp-json\/wp\/v2\/users\/15"}],"replies":[{"embeddable":true,"href":"\/bastida2025\/wp-json\/wp\/v2\/comments?post=397"}],"version-history":[{"count":1,"href":"\/bastida2025\/wp-json\/wp\/v2\/posts\/397\/revisions"}],"predecessor-version":[{"id":403,"href":"\/bastida2025\/wp-json\/wp\/v2\/posts\/397\/revisions\/403"}],"wp:attachment":[{"href":"\/bastida2025\/wp-json\/wp\/v2\/media?parent=397"}],"wp:term":[{"taxonomy":"category","embeddable":true,"href":"\/bastida2025\/wp-json\/wp\/v2\/categories?post=397"},{"taxonomy":"post_tag","embeddable":true,"href":"\/bastida2025\/wp-json\/wp\/v2\/tags?post=397"}],"curies":[{"name":"wp","href":"https:\/\/api.w.org\/{rel}","templated":true}]}}