{"id":411,"date":"2024-10-31T18:58:54","date_gmt":"2024-10-31T16:58:54","guid":{"rendered":"\/bastida2025\/?p=411"},"modified":"2024-11-27T19:01:19","modified_gmt":"2024-11-27T17:01:19","slug":"recerca-despais-per-representar-figures-amb-el-cos-2","status":"publish","type":"post","link":"\/bastida2025\/recerca-despais-per-representar-figures-amb-el-cos-2\/","title":{"rendered":"Recerca d\u2019espais per representar figures amb el cos"},"content":{"rendered":"\n<figure class=\"wp-block-gallery has-nested-images columns-default is-cropped wp-block-gallery-1 is-layout-flex wp-block-gallery-is-layout-flex\">\n<figure class=\"wp-block-image size-large\"><img loading=\"lazy\" decoding=\"async\" width=\"768\" height=\"1024\" data-id=\"413\" src=\"\/bastida2025\/wp-content\/uploads\/2024\/11\/1730101205055-1-768x1024.jpg\" alt=\"\" class=\"wp-image-413\" srcset=\"\/bastida2025\/wp-content\/uploads\/2024\/11\/1730101205055-1-768x1024.jpg 768w, \/bastida2025\/wp-content\/uploads\/2024\/11\/1730101205055-1-225x300.jpg 225w, \/bastida2025\/wp-content\/uploads\/2024\/11\/1730101205055-1-1152x1536.jpg 1152w, \/bastida2025\/wp-content\/uploads\/2024\/11\/1730101205055-1-1536x2048.jpg 1536w, \/bastida2025\/wp-content\/uploads\/2024\/11\/1730101205055-1-scaled.jpg 1920w\" sizes=\"auto, (max-width: 767px) 89vw, (max-width: 1000px) 54vw, (max-width: 1071px) 543px, 580px\" \/><\/figure>\n\n\n\n<figure class=\"wp-block-image size-large\"><img loading=\"lazy\" decoding=\"async\" width=\"1024\" height=\"768\" data-id=\"414\" src=\"\/bastida2025\/wp-content\/uploads\/2024\/11\/1730101205149-1024x768.jpg\" alt=\"\" class=\"wp-image-414\" srcset=\"\/bastida2025\/wp-content\/uploads\/2024\/11\/1730101205149-1024x768.jpg 1024w, \/bastida2025\/wp-content\/uploads\/2024\/11\/1730101205149-300x225.jpg 300w, \/bastida2025\/wp-content\/uploads\/2024\/11\/1730101205149-768x576.jpg 768w, \/bastida2025\/wp-content\/uploads\/2024\/11\/1730101205149-1536x1152.jpg 1536w, \/bastida2025\/wp-content\/uploads\/2024\/11\/1730101205149-2048x1536.jpg 2048w\" sizes=\"auto, (max-width: 767px) 89vw, (max-width: 1000px) 54vw, (max-width: 1071px) 543px, 580px\" \/><\/figure>\n<\/figure>\n\n\n\n<figure class=\"wp-block-gallery has-nested-images columns-default is-cropped wp-block-gallery-2 is-layout-flex wp-block-gallery-is-layout-flex\">\n<figure class=\"wp-block-image size-large\"><img loading=\"lazy\" decoding=\"async\" width=\"768\" height=\"1024\" data-id=\"415\" src=\"\/bastida2025\/wp-content\/uploads\/2024\/11\/1730101205238-768x1024.jpg\" alt=\"\" class=\"wp-image-415\" srcset=\"\/bastida2025\/wp-content\/uploads\/2024\/11\/1730101205238-768x1024.jpg 768w, \/bastida2025\/wp-content\/uploads\/2024\/11\/1730101205238-225x300.jpg 225w, \/bastida2025\/wp-content\/uploads\/2024\/11\/1730101205238-1152x1536.jpg 1152w, \/bastida2025\/wp-content\/uploads\/2024\/11\/1730101205238-1536x2048.jpg 1536w, \/bastida2025\/wp-content\/uploads\/2024\/11\/1730101205238-scaled.jpg 1920w\" sizes=\"auto, (max-width: 767px) 89vw, (max-width: 1000px) 54vw, (max-width: 1071px) 543px, 580px\" \/><\/figure>\n\n\n\n<figure class=\"wp-block-image size-large\"><img loading=\"lazy\" decoding=\"async\" width=\"1024\" height=\"768\" data-id=\"416\" src=\"\/bastida2025\/wp-content\/uploads\/2024\/11\/1730101205295-1024x768.jpg\" alt=\"\" class=\"wp-image-416\" srcset=\"\/bastida2025\/wp-content\/uploads\/2024\/11\/1730101205295-1024x768.jpg 1024w, \/bastida2025\/wp-content\/uploads\/2024\/11\/1730101205295-300x225.jpg 300w, \/bastida2025\/wp-content\/uploads\/2024\/11\/1730101205295-768x576.jpg 768w, \/bastida2025\/wp-content\/uploads\/2024\/11\/1730101205295-1536x1152.jpg 1536w, \/bastida2025\/wp-content\/uploads\/2024\/11\/1730101205295-2048x1536.jpg 2048w\" sizes=\"auto, (max-width: 767px) 89vw, (max-width: 1000px) 54vw, (max-width: 1071px) 543px, 580px\" \/><\/figure>\n<\/figure>\n\n\n\n<p class=\"wp-block-paragraph\">Un dels dies que el Toni no hi era, vam pensar una ruta per l&#8217;institut per poder fer fotografies utilitzant-nos a nosaltres com a model per representar alguna fet. Despr\u00e9s les vem treballar amb ell.<\/p>\n\n\n\n<p class=\"wp-block-paragraph\">Tamb\u00e9 hem pensat que un bon lloc on fer una foto \u00e9s el monument <em>Dona i literatura<\/em> de Santa Coloma de Gramenet, situat a la pla\u00e7a Montserrat Roig \u00e9s un espai ideal per ballar c\u00f2modament, sense interfer\u00e8ncies. Aquest lloc ens ha inspirat per explorar el moviment i crear figures amb el cos, aprofitant les perspectives i els elements del lloc per fer fotografies creatives.<\/p>\n\n\n\n<p class=\"wp-block-paragraph\"><\/p>\n","protected":false},"excerpt":{"rendered":"<p>Un dels dies que el Toni no hi era, vam pensar una ruta per l&#8217;institut per poder fer fotografies utilitzant-nos a nosaltres com a model per representar alguna fet. Despr\u00e9s les vem treballar amb ell. Tamb\u00e9 hem pensat que un bon lloc on fer una foto \u00e9s el monument Dona i literatura de Santa Coloma &hellip; <\/p>\n<p class=\"link-more\"><a href=\"\/bastida2025\/recerca-despais-per-representar-figures-amb-el-cos-2\/\" class=\"more-link\">Continua llegint <span class=\"screen-reader-text\">\u00abRecerca d\u2019espais per representar figures amb el cos\u00bb<\/span><\/a><\/p>\n","protected":false},"author":15,"featured_media":0,"comment_status":"open","ping_status":"open","sticky":false,"template":"","format":"standard","meta":{"footnotes":""},"categories":[1],"tags":[],"class_list":["post-411","post","type-post","status-publish","format-standard","hentry","category-general"],"_links":{"self":[{"href":"\/bastida2025\/wp-json\/wp\/v2\/posts\/411","targetHints":{"allow":["GET"]}}],"collection":[{"href":"\/bastida2025\/wp-json\/wp\/v2\/posts"}],"about":[{"href":"\/bastida2025\/wp-json\/wp\/v2\/types\/post"}],"author":[{"embeddable":true,"href":"\/bastida2025\/wp-json\/wp\/v2\/users\/15"}],"replies":[{"embeddable":true,"href":"\/bastida2025\/wp-json\/wp\/v2\/comments?post=411"}],"version-history":[{"count":1,"href":"\/bastida2025\/wp-json\/wp\/v2\/posts\/411\/revisions"}],"predecessor-version":[{"id":417,"href":"\/bastida2025\/wp-json\/wp\/v2\/posts\/411\/revisions\/417"}],"wp:attachment":[{"href":"\/bastida2025\/wp-json\/wp\/v2\/media?parent=411"}],"wp:term":[{"taxonomy":"category","embeddable":true,"href":"\/bastida2025\/wp-json\/wp\/v2\/categories?post=411"},{"taxonomy":"post_tag","embeddable":true,"href":"\/bastida2025\/wp-json\/wp\/v2\/tags?post=411"}],"curies":[{"name":"wp","href":"https:\/\/api.w.org\/{rel}","templated":true}]}}