{"id":419,"date":"2024-11-07T19:02:29","date_gmt":"2024-11-07T17:02:29","guid":{"rendered":"\/bastida2025\/?p=419"},"modified":"2024-11-27T19:06:54","modified_gmt":"2024-11-27T17:06:54","slug":"ens-movem-amb-el-toni-expressio-corporal-amb-musica","status":"publish","type":"post","link":"\/bastida2025\/ens-movem-amb-el-toni-expressio-corporal-amb-musica\/","title":{"rendered":"Ens movem amb el Toni: expressi\u00f3 corporal amb m\u00fasica"},"content":{"rendered":"\n<figure class=\"wp-block-gallery has-nested-images columns-default is-cropped wp-block-gallery-1 is-layout-flex wp-block-gallery-is-layout-flex\">\n<figure class=\"wp-block-image size-large\"><img loading=\"lazy\" decoding=\"async\" width=\"768\" height=\"1024\" data-id=\"420\" src=\"\/bastida2025\/wp-content\/uploads\/2024\/11\/IMG_1305-768x1024.jpg\" alt=\"\" class=\"wp-image-420\" srcset=\"\/bastida2025\/wp-content\/uploads\/2024\/11\/IMG_1305-768x1024.jpg 768w, \/bastida2025\/wp-content\/uploads\/2024\/11\/IMG_1305-225x300.jpg 225w, \/bastida2025\/wp-content\/uploads\/2024\/11\/IMG_1305-1152x1536.jpg 1152w, \/bastida2025\/wp-content\/uploads\/2024\/11\/IMG_1305-1536x2048.jpg 1536w, \/bastida2025\/wp-content\/uploads\/2024\/11\/IMG_1305-scaled.jpg 1920w\" sizes=\"auto, (max-width: 767px) 89vw, (max-width: 1000px) 54vw, (max-width: 1071px) 543px, 580px\" \/><\/figure>\n\n\n\n<figure class=\"wp-block-image size-large\"><img loading=\"lazy\" decoding=\"async\" width=\"768\" height=\"1024\" data-id=\"421\" src=\"\/bastida2025\/wp-content\/uploads\/2024\/11\/IMG_1314-768x1024.jpg\" alt=\"\" class=\"wp-image-421\" srcset=\"\/bastida2025\/wp-content\/uploads\/2024\/11\/IMG_1314-768x1024.jpg 768w, \/bastida2025\/wp-content\/uploads\/2024\/11\/IMG_1314-225x300.jpg 225w, \/bastida2025\/wp-content\/uploads\/2024\/11\/IMG_1314-1152x1536.jpg 1152w, \/bastida2025\/wp-content\/uploads\/2024\/11\/IMG_1314-1536x2048.jpg 1536w, \/bastida2025\/wp-content\/uploads\/2024\/11\/IMG_1314-scaled.jpg 1920w\" sizes=\"auto, (max-width: 767px) 89vw, (max-width: 1000px) 54vw, (max-width: 1071px) 543px, 580px\" \/><\/figure>\n<\/figure>\n\n\n\n<figure class=\"wp-block-gallery has-nested-images columns-default is-cropped wp-block-gallery-2 is-layout-flex wp-block-gallery-is-layout-flex\">\n<figure class=\"wp-block-image size-large\"><img loading=\"lazy\" decoding=\"async\" width=\"1024\" height=\"768\" data-id=\"422\" src=\"\/bastida2025\/wp-content\/uploads\/2024\/11\/1729426713388-1024x768.jpg\" alt=\"\" class=\"wp-image-422\" srcset=\"\/bastida2025\/wp-content\/uploads\/2024\/11\/1729426713388-1024x768.jpg 1024w, \/bastida2025\/wp-content\/uploads\/2024\/11\/1729426713388-300x225.jpg 300w, \/bastida2025\/wp-content\/uploads\/2024\/11\/1729426713388-768x576.jpg 768w, \/bastida2025\/wp-content\/uploads\/2024\/11\/1729426713388-1536x1152.jpg 1536w, \/bastida2025\/wp-content\/uploads\/2024\/11\/1729426713388-2048x1536.jpg 2048w\" sizes=\"auto, (max-width: 767px) 89vw, (max-width: 1000px) 54vw, (max-width: 1071px) 543px, 580px\" \/><\/figure>\n\n\n\n<figure class=\"wp-block-image size-large\"><img loading=\"lazy\" decoding=\"async\" width=\"1024\" height=\"768\" data-id=\"423\" src=\"\/bastida2025\/wp-content\/uploads\/2024\/11\/1729426713656-1024x768.jpg\" alt=\"\" class=\"wp-image-423\" srcset=\"\/bastida2025\/wp-content\/uploads\/2024\/11\/1729426713656-1024x768.jpg 1024w, \/bastida2025\/wp-content\/uploads\/2024\/11\/1729426713656-300x225.jpg 300w, \/bastida2025\/wp-content\/uploads\/2024\/11\/1729426713656-768x576.jpg 768w, \/bastida2025\/wp-content\/uploads\/2024\/11\/1729426713656-1536x1152.jpg 1536w, \/bastida2025\/wp-content\/uploads\/2024\/11\/1729426713656-2048x1536.jpg 2048w\" sizes=\"auto, (max-width: 767px) 89vw, (max-width: 1000px) 54vw, (max-width: 1071px) 543px, 580px\" \/><\/figure>\n<\/figure>\n\n\n\n<p class=\"wp-block-paragraph\">Amb en Toni vam explorar l\u2019expressi\u00f3 corporal a trav\u00e9s de la m\u00fasica. Primer, vam jugar amb ritmes canviants, accelerant i disminuint la velocitat. Despr\u00e9s, en parelles, vam triar accions senzilles com caminar o saltar, que hav\u00edem de fer en sincronia amb la m\u00fasica. Aquesta activitat ens va ajudar a connectar amb els companys i entendre millor com el ritme afecta el moviment.<\/p>\n\n\n\n<p class=\"wp-block-paragraph\">Hem utilitzat el nostre propi cos i les cadires de l&#8217;aula amb diferents ritmes de m\u00fasica i tamb\u00e9 ens hem mogut sense tocar-nos per\u00f2 fent un ball molt lent.<\/p>\n","protected":false},"excerpt":{"rendered":"<p>Amb en Toni vam explorar l\u2019expressi\u00f3 corporal a trav\u00e9s de la m\u00fasica. Primer, vam jugar amb ritmes canviants, accelerant i disminuint la velocitat. Despr\u00e9s, en parelles, vam triar accions senzilles com caminar o saltar, que hav\u00edem de fer en sincronia amb la m\u00fasica. Aquesta activitat ens va ajudar a connectar amb els companys i entendre &hellip; <\/p>\n<p class=\"link-more\"><a href=\"\/bastida2025\/ens-movem-amb-el-toni-expressio-corporal-amb-musica\/\" class=\"more-link\">Continua llegint <span class=\"screen-reader-text\">\u00abEns movem amb el Toni: expressi\u00f3 corporal amb m\u00fasica\u00bb<\/span><\/a><\/p>\n","protected":false},"author":15,"featured_media":0,"comment_status":"open","ping_status":"open","sticky":false,"template":"","format":"standard","meta":{"footnotes":""},"categories":[1],"tags":[],"class_list":["post-419","post","type-post","status-publish","format-standard","hentry","category-general"],"_links":{"self":[{"href":"\/bastida2025\/wp-json\/wp\/v2\/posts\/419","targetHints":{"allow":["GET"]}}],"collection":[{"href":"\/bastida2025\/wp-json\/wp\/v2\/posts"}],"about":[{"href":"\/bastida2025\/wp-json\/wp\/v2\/types\/post"}],"author":[{"embeddable":true,"href":"\/bastida2025\/wp-json\/wp\/v2\/users\/15"}],"replies":[{"embeddable":true,"href":"\/bastida2025\/wp-json\/wp\/v2\/comments?post=419"}],"version-history":[{"count":1,"href":"\/bastida2025\/wp-json\/wp\/v2\/posts\/419\/revisions"}],"predecessor-version":[{"id":424,"href":"\/bastida2025\/wp-json\/wp\/v2\/posts\/419\/revisions\/424"}],"wp:attachment":[{"href":"\/bastida2025\/wp-json\/wp\/v2\/media?parent=419"}],"wp:term":[{"taxonomy":"category","embeddable":true,"href":"\/bastida2025\/wp-json\/wp\/v2\/categories?post=419"},{"taxonomy":"post_tag","embeddable":true,"href":"\/bastida2025\/wp-json\/wp\/v2\/tags?post=419"}],"curies":[{"name":"wp","href":"https:\/\/api.w.org\/{rel}","templated":true}]}}