{"id":425,"date":"2024-11-21T19:07:13","date_gmt":"2024-11-21T17:07:13","guid":{"rendered":"\/bastida2025\/?p=425"},"modified":"2024-11-27T19:11:16","modified_gmt":"2024-11-27T17:11:16","slug":"aniversari-del-toni-mira","status":"publish","type":"post","link":"\/bastida2025\/aniversari-del-toni-mira\/","title":{"rendered":"Aniversari del Toni Mira!"},"content":{"rendered":"\n<figure class=\"wp-block-image size-large\"><img loading=\"lazy\" decoding=\"async\" width=\"1024\" height=\"768\" src=\"\/bastida2025\/wp-content\/uploads\/2024\/11\/1732224643762-1024x768.jpg\" alt=\"\" class=\"wp-image-426\" srcset=\"\/bastida2025\/wp-content\/uploads\/2024\/11\/1732224643762-1024x768.jpg 1024w, \/bastida2025\/wp-content\/uploads\/2024\/11\/1732224643762-300x225.jpg 300w, \/bastida2025\/wp-content\/uploads\/2024\/11\/1732224643762-768x576.jpg 768w, \/bastida2025\/wp-content\/uploads\/2024\/11\/1732224643762-1536x1152.jpg 1536w, \/bastida2025\/wp-content\/uploads\/2024\/11\/1732224643762-2048x1536.jpg 2048w\" sizes=\"auto, (max-width: 767px) 89vw, (max-width: 1000px) 54vw, (max-width: 1071px) 543px, 580px\" \/><\/figure>\n\n\n\n<figure class=\"wp-block-image size-large\"><img loading=\"lazy\" decoding=\"async\" width=\"1024\" height=\"584\" src=\"\/bastida2025\/wp-content\/uploads\/2024\/11\/image-3-1024x584.png\" alt=\"\" class=\"wp-image-427\" srcset=\"\/bastida2025\/wp-content\/uploads\/2024\/11\/image-3-1024x584.png 1024w, \/bastida2025\/wp-content\/uploads\/2024\/11\/image-3-300x171.png 300w, \/bastida2025\/wp-content\/uploads\/2024\/11\/image-3-768x438.png 768w, \/bastida2025\/wp-content\/uploads\/2024\/11\/image-3.png 1186w\" sizes=\"auto, (max-width: 767px) 89vw, (max-width: 1000px) 54vw, (max-width: 1071px) 543px, 580px\" \/><\/figure>\n\n\n\n<p class=\"wp-block-paragraph\">La setmana passada va ser l&#8217;aniversari del Toni. Ho hem celebrat i hem ballat utilitzant les cadires i en cercle. Ens hem coordinat tots i totes perqu\u00e8 pugu\u00e9s sortir b\u00e9. Tamb\u00e9, fent rotllana i a ritme de la m\u00fasica, posavem amb gestos i la cara com si ens f\u00e8ssin una fotografia.<\/p>\n","protected":false},"excerpt":{"rendered":"<p>La setmana passada va ser l&#8217;aniversari del Toni. Ho hem celebrat i hem ballat utilitzant les cadires i en cercle. Ens hem coordinat tots i totes perqu\u00e8 pugu\u00e9s sortir b\u00e9. Tamb\u00e9, fent rotllana i a ritme de la m\u00fasica, posavem amb gestos i la cara com si ens f\u00e8ssin una fotografia.<\/p>\n","protected":false},"author":15,"featured_media":0,"comment_status":"open","ping_status":"open","sticky":false,"template":"","format":"standard","meta":{"footnotes":""},"categories":[1],"tags":[],"class_list":["post-425","post","type-post","status-publish","format-standard","hentry","category-general"],"_links":{"self":[{"href":"\/bastida2025\/wp-json\/wp\/v2\/posts\/425","targetHints":{"allow":["GET"]}}],"collection":[{"href":"\/bastida2025\/wp-json\/wp\/v2\/posts"}],"about":[{"href":"\/bastida2025\/wp-json\/wp\/v2\/types\/post"}],"author":[{"embeddable":true,"href":"\/bastida2025\/wp-json\/wp\/v2\/users\/15"}],"replies":[{"embeddable":true,"href":"\/bastida2025\/wp-json\/wp\/v2\/comments?post=425"}],"version-history":[{"count":1,"href":"\/bastida2025\/wp-json\/wp\/v2\/posts\/425\/revisions"}],"predecessor-version":[{"id":428,"href":"\/bastida2025\/wp-json\/wp\/v2\/posts\/425\/revisions\/428"}],"wp:attachment":[{"href":"\/bastida2025\/wp-json\/wp\/v2\/media?parent=425"}],"wp:term":[{"taxonomy":"category","embeddable":true,"href":"\/bastida2025\/wp-json\/wp\/v2\/categories?post=425"},{"taxonomy":"post_tag","embeddable":true,"href":"\/bastida2025\/wp-json\/wp\/v2\/tags?post=425"}],"curies":[{"name":"wp","href":"https:\/\/api.w.org\/{rel}","templated":true}]}}