{"id":429,"date":"2024-11-29T13:45:30","date_gmt":"2024-11-29T11:45:30","guid":{"rendered":"\/bastida2025\/?p=429"},"modified":"2024-11-29T14:03:01","modified_gmt":"2024-11-29T12:03:01","slug":"el-proces-creatiu","status":"publish","type":"post","link":"\/bastida2025\/el-proces-creatiu\/","title":{"rendered":"El proc\u00e9s creatiu"},"content":{"rendered":"\n<p class=\"wp-block-paragraph\">Ahir vam comen\u00e7ar la classe amb la nostra habitual rotllana, un moment per reconnectar i posar-nos al dia. Vam parlar breument sobre el treball amb en Toni i que vol\u00edem unificar tot el que hem estat practicant fins ara en una mena de coreografia conjunta. Els inicis van ser dif\u00edcils per\u00f2 despr\u00e9s, vam aconseguir trencar aquesta barrera i van comen\u00e7ar a sorgir propostes creatives per part de tothom.<\/p>\n\n\n\n<p class=\"wp-block-paragraph\">El punt d\u2019inflexi\u00f3 va ser el joc de la cadira. Vam decidir adaptar-lo i transformar-lo, treballant amb moviments senzills per\u00f2 que poguessin sumar-se. Encara ens queda feina per\u00f2 continuarem treballant-hi!<\/p>\n\n\n\n<figure class=\"wp-block-image size-full is-resized\"><img loading=\"lazy\" decoding=\"async\" width=\"696\" height=\"469\" src=\"\/bastida2025\/wp-content\/uploads\/2024\/11\/image-12.png\" alt=\"\" class=\"wp-image-438\" style=\"width:227px;height:auto\" srcset=\"\/bastida2025\/wp-content\/uploads\/2024\/11\/image-12.png 696w, \/bastida2025\/wp-content\/uploads\/2024\/11\/image-12-300x202.png 300w\" sizes=\"auto, (max-width: 696px) 100vw, 696px\" \/><\/figure>\n\n\n\n<figure class=\"wp-block-image size-full is-resized\"><img loading=\"lazy\" decoding=\"async\" width=\"651\" height=\"485\" src=\"\/bastida2025\/wp-content\/uploads\/2024\/11\/image-10.png\" alt=\"\" class=\"wp-image-436\" style=\"width:225px;height:auto\" srcset=\"\/bastida2025\/wp-content\/uploads\/2024\/11\/image-10.png 651w, \/bastida2025\/wp-content\/uploads\/2024\/11\/image-10-300x224.png 300w\" sizes=\"auto, (max-width: 651px) 100vw, 651px\" \/><\/figure>\n\n\n\n<figure class=\"wp-block-image size-full is-resized\"><img loading=\"lazy\" decoding=\"async\" width=\"781\" height=\"540\" src=\"\/bastida2025\/wp-content\/uploads\/2024\/11\/image-14.png\" alt=\"\" class=\"wp-image-440\" style=\"width:225px;height:auto\" srcset=\"\/bastida2025\/wp-content\/uploads\/2024\/11\/image-14.png 781w, \/bastida2025\/wp-content\/uploads\/2024\/11\/image-14-300x207.png 300w, \/bastida2025\/wp-content\/uploads\/2024\/11\/image-14-768x531.png 768w\" sizes=\"auto, (max-width: 767px) 89vw, (max-width: 1000px) 54vw, (max-width: 1071px) 543px, 580px\" \/><\/figure>\n\n\n\n<p class=\"wp-block-paragraph\"><\/p>\n","protected":false},"excerpt":{"rendered":"<p>Ahir vam comen\u00e7ar la classe amb la nostra habitual rotllana, un moment per reconnectar i posar-nos al dia. Vam parlar breument sobre el treball amb en Toni i que vol\u00edem unificar tot el que hem estat practicant fins ara en una mena de coreografia conjunta. Els inicis van ser dif\u00edcils per\u00f2 despr\u00e9s, vam aconseguir trencar &hellip; <\/p>\n<p class=\"link-more\"><a href=\"\/bastida2025\/el-proces-creatiu\/\" class=\"more-link\">Continua llegint <span class=\"screen-reader-text\">\u00abEl proc\u00e9s creatiu\u00bb<\/span><\/a><\/p>\n","protected":false},"author":15,"featured_media":0,"comment_status":"open","ping_status":"open","sticky":false,"template":"","format":"standard","meta":{"footnotes":""},"categories":[1],"tags":[],"class_list":["post-429","post","type-post","status-publish","format-standard","hentry","category-general"],"_links":{"self":[{"href":"\/bastida2025\/wp-json\/wp\/v2\/posts\/429","targetHints":{"allow":["GET"]}}],"collection":[{"href":"\/bastida2025\/wp-json\/wp\/v2\/posts"}],"about":[{"href":"\/bastida2025\/wp-json\/wp\/v2\/types\/post"}],"author":[{"embeddable":true,"href":"\/bastida2025\/wp-json\/wp\/v2\/users\/15"}],"replies":[{"embeddable":true,"href":"\/bastida2025\/wp-json\/wp\/v2\/comments?post=429"}],"version-history":[{"count":3,"href":"\/bastida2025\/wp-json\/wp\/v2\/posts\/429\/revisions"}],"predecessor-version":[{"id":443,"href":"\/bastida2025\/wp-json\/wp\/v2\/posts\/429\/revisions\/443"}],"wp:attachment":[{"href":"\/bastida2025\/wp-json\/wp\/v2\/media?parent=429"}],"wp:term":[{"taxonomy":"category","embeddable":true,"href":"\/bastida2025\/wp-json\/wp\/v2\/categories?post=429"},{"taxonomy":"post_tag","embeddable":true,"href":"\/bastida2025\/wp-json\/wp\/v2\/tags?post=429"}],"curies":[{"name":"wp","href":"https:\/\/api.w.org\/{rel}","templated":true}]}}