{"id":444,"date":"2024-10-09T14:03:16","date_gmt":"2024-10-09T12:03:16","guid":{"rendered":"\/bastida2025\/?p=444"},"modified":"2024-11-29T14:11:16","modified_gmt":"2024-11-29T12:11:16","slug":"formacio-docent-1-ressonancies-al-manifesta-15","status":"publish","type":"post","link":"\/bastida2025\/formacio-docent-1-ressonancies-al-manifesta-15\/","title":{"rendered":"Formaci\u00f3 docent 1. Resson\u00e0ncies al Manifesta 15"},"content":{"rendered":"\n<p class=\"wp-block-paragraph\">La primera de les formacions docents d&#8217;aquest projecte, va ser molt especial per nosaltres. La participaci\u00f3 del nostre institut a les jornades <strong>RESSON\u00c0NCiES<\/strong> a les Tres Xemeneies ha estat una experi\u00e8ncia enriquidora i emocionant. Aquest cicle, organitzat en el marc de la biennal <strong>MANIFESTA 15<\/strong>, ens ha perm\u00e8s compartir amb altres instituts i p\u00fablics el valor transformador de l\u2019art en l\u2019educaci\u00f3.<\/p>\n\n\n\n<p class=\"wp-block-paragraph\">Un dels moments culminants de l\u2019esdeveniment ha estat <strong>La Barcassa<\/strong>, una obra col\u00b7laborativa creada pels alumnes de l\u2019Institut La Bastida amb el reconegut artista Dom\u00e8nec. Aquesta instal\u00b7laci\u00f3, que ja es va presentar a La Capella, s\u2019ha convertit en un s\u00edmbol de la creativitat i del treball en equip del nostre alumnat. Veure com la seva obra pren vida en un context tan destacat ens fa sentir un orgull immens. <strong>La Barcassa<\/strong> no \u00e9s nom\u00e9s una pe\u00e7a art\u00edstica; \u00e9s una declaraci\u00f3 d\u2019intencions: l\u2019art pot ser un espai inclusiu i significatiu per a tothom.<\/p>\n\n\n\n<p class=\"wp-block-paragraph\">A m\u00e9s, les reflexions dels alumnes sobre el programa <strong>EN RESiD\u00c8NCiA<\/strong>, aix\u00ed com les altres activacions com <em>Lila 40<\/em>, han posat de manifest la import\u00e0ncia d\u2019integrar l\u2019art contemporani a l\u2019educaci\u00f3. No nom\u00e9s impulsa la creativitat, sin\u00f3 que tamb\u00e9 fomenta valors com la cooperaci\u00f3, la reflexi\u00f3 cr\u00edtica i l\u2019empatia.<\/p>\n\n\n\n<p class=\"wp-block-paragraph\">Estem molt agra\u00efts per aquesta oportunitat i continuarem treballant perqu\u00e8 el nostre institut segueixi sent un referent en la promoci\u00f3 de l\u2019art i la cultura dins i fora de les aules.<\/p>\n\n\n\n<figure class=\"wp-block-gallery has-nested-images columns-default is-cropped wp-block-gallery-1 is-layout-flex wp-block-gallery-is-layout-flex\">\n<figure class=\"wp-block-image size-large\"><img loading=\"lazy\" decoding=\"async\" width=\"1024\" height=\"684\" data-id=\"445\" src=\"\/bastida2025\/wp-content\/uploads\/2024\/11\/24_10_09_Manifesta_15-1024x684.jpg\" alt=\"\" class=\"wp-image-445\" srcset=\"\/bastida2025\/wp-content\/uploads\/2024\/11\/24_10_09_Manifesta_15-1024x684.jpg 1024w, \/bastida2025\/wp-content\/uploads\/2024\/11\/24_10_09_Manifesta_15-300x200.jpg 300w, \/bastida2025\/wp-content\/uploads\/2024\/11\/24_10_09_Manifesta_15-768x513.jpg 768w, \/bastida2025\/wp-content\/uploads\/2024\/11\/24_10_09_Manifesta_15-1536x1027.jpg 1536w, \/bastida2025\/wp-content\/uploads\/2024\/11\/24_10_09_Manifesta_15.jpg 1616w\" sizes=\"auto, (max-width: 767px) 89vw, (max-width: 1000px) 54vw, (max-width: 1071px) 543px, 580px\" \/><\/figure>\n\n\n\n<figure class=\"wp-block-image size-large\"><img loading=\"lazy\" decoding=\"async\" width=\"1024\" height=\"684\" data-id=\"446\" src=\"\/bastida2025\/wp-content\/uploads\/2024\/11\/24_10_09_Manifesta_57-1024x684.jpg\" alt=\"\" class=\"wp-image-446\" srcset=\"\/bastida2025\/wp-content\/uploads\/2024\/11\/24_10_09_Manifesta_57-1024x684.jpg 1024w, \/bastida2025\/wp-content\/uploads\/2024\/11\/24_10_09_Manifesta_57-300x200.jpg 300w, \/bastida2025\/wp-content\/uploads\/2024\/11\/24_10_09_Manifesta_57-768x513.jpg 768w, \/bastida2025\/wp-content\/uploads\/2024\/11\/24_10_09_Manifesta_57-1536x1027.jpg 1536w, \/bastida2025\/wp-content\/uploads\/2024\/11\/24_10_09_Manifesta_57.jpg 1616w\" sizes=\"auto, (max-width: 767px) 89vw, (max-width: 1000px) 54vw, (max-width: 1071px) 543px, 580px\" \/><\/figure>\n<\/figure>\n\n\n\n<figure class=\"wp-block-gallery has-nested-images columns-default is-cropped wp-block-gallery-2 is-layout-flex wp-block-gallery-is-layout-flex\">\n<figure class=\"wp-block-image size-large\"><img loading=\"lazy\" decoding=\"async\" width=\"1024\" height=\"683\" data-id=\"447\" src=\"\/bastida2025\/wp-content\/uploads\/2024\/11\/241009_Manifesta_3_4598-1024x683.jpg\" alt=\"\" class=\"wp-image-447\" srcset=\"\/bastida2025\/wp-content\/uploads\/2024\/11\/241009_Manifesta_3_4598-1024x683.jpg 1024w, \/bastida2025\/wp-content\/uploads\/2024\/11\/241009_Manifesta_3_4598-300x200.jpg 300w, \/bastida2025\/wp-content\/uploads\/2024\/11\/241009_Manifesta_3_4598-768x512.jpg 768w, \/bastida2025\/wp-content\/uploads\/2024\/11\/241009_Manifesta_3_4598-1536x1024.jpg 1536w, \/bastida2025\/wp-content\/uploads\/2024\/11\/241009_Manifesta_3_4598-2048x1365.jpg 2048w\" sizes=\"auto, (max-width: 767px) 89vw, (max-width: 1000px) 54vw, (max-width: 1071px) 543px, 580px\" \/><\/figure>\n\n\n\n<figure class=\"wp-block-image size-large\"><img loading=\"lazy\" decoding=\"async\" width=\"1024\" height=\"683\" data-id=\"448\" src=\"\/bastida2025\/wp-content\/uploads\/2024\/11\/241009_Manifesta_3_4563-1024x683.jpg\" alt=\"\" class=\"wp-image-448\" srcset=\"\/bastida2025\/wp-content\/uploads\/2024\/11\/241009_Manifesta_3_4563-1024x683.jpg 1024w, \/bastida2025\/wp-content\/uploads\/2024\/11\/241009_Manifesta_3_4563-300x200.jpg 300w, \/bastida2025\/wp-content\/uploads\/2024\/11\/241009_Manifesta_3_4563-768x512.jpg 768w, \/bastida2025\/wp-content\/uploads\/2024\/11\/241009_Manifesta_3_4563-1536x1024.jpg 1536w, \/bastida2025\/wp-content\/uploads\/2024\/11\/241009_Manifesta_3_4563-2048x1365.jpg 2048w\" sizes=\"auto, (max-width: 767px) 89vw, (max-width: 1000px) 54vw, (max-width: 1071px) 543px, 580px\" \/><\/figure>\n<\/figure>\n\n\n\n<p class=\"wp-block-paragraph\"><\/p>\n","protected":false},"excerpt":{"rendered":"<p>La primera de les formacions docents d&#8217;aquest projecte, va ser molt especial per nosaltres. La participaci\u00f3 del nostre institut a les jornades RESSON\u00c0NCiES a les Tres Xemeneies ha estat una experi\u00e8ncia enriquidora i emocionant. Aquest cicle, organitzat en el marc de la biennal MANIFESTA 15, ens ha perm\u00e8s compartir amb altres instituts i p\u00fablics el &hellip; <\/p>\n<p class=\"link-more\"><a href=\"\/bastida2025\/formacio-docent-1-ressonancies-al-manifesta-15\/\" class=\"more-link\">Continua llegint <span class=\"screen-reader-text\">\u00abFormaci\u00f3 docent 1. Resson\u00e0ncies al Manifesta 15\u00bb<\/span><\/a><\/p>\n","protected":false},"author":15,"featured_media":0,"comment_status":"open","ping_status":"open","sticky":false,"template":"","format":"standard","meta":{"footnotes":""},"categories":[1],"tags":[],"class_list":["post-444","post","type-post","status-publish","format-standard","hentry","category-general"],"_links":{"self":[{"href":"\/bastida2025\/wp-json\/wp\/v2\/posts\/444","targetHints":{"allow":["GET"]}}],"collection":[{"href":"\/bastida2025\/wp-json\/wp\/v2\/posts"}],"about":[{"href":"\/bastida2025\/wp-json\/wp\/v2\/types\/post"}],"author":[{"embeddable":true,"href":"\/bastida2025\/wp-json\/wp\/v2\/users\/15"}],"replies":[{"embeddable":true,"href":"\/bastida2025\/wp-json\/wp\/v2\/comments?post=444"}],"version-history":[{"count":1,"href":"\/bastida2025\/wp-json\/wp\/v2\/posts\/444\/revisions"}],"predecessor-version":[{"id":449,"href":"\/bastida2025\/wp-json\/wp\/v2\/posts\/444\/revisions\/449"}],"wp:attachment":[{"href":"\/bastida2025\/wp-json\/wp\/v2\/media?parent=444"}],"wp:term":[{"taxonomy":"category","embeddable":true,"href":"\/bastida2025\/wp-json\/wp\/v2\/categories?post=444"},{"taxonomy":"post_tag","embeddable":true,"href":"\/bastida2025\/wp-json\/wp\/v2\/tags?post=444"}],"curies":[{"name":"wp","href":"https:\/\/api.w.org\/{rel}","templated":true}]}}