{"id":450,"date":"2024-10-28T14:50:07","date_gmt":"2024-10-28T12:50:07","guid":{"rendered":"\/bastida2025\/?p=450"},"modified":"2024-12-01T22:18:03","modified_gmt":"2024-12-01T20:18:03","slug":"formacio-2-reflexions-des-de-manifesta","status":"publish","type":"post","link":"\/bastida2025\/formacio-2-reflexions-des-de-manifesta\/","title":{"rendered":"Formaci\u00f3 2: Reflexions des de Manifesta"},"content":{"rendered":"\n<p class=\"wp-block-paragraph\">El passat 23 d\u2019octubre, vam assistir a una altra jornada de <strong>RESSON\u00c0NCiES<\/strong> al marc del <strong>Manifesta 15<\/strong>, on vam poder gaudir de tres exposicions art\u00edstiques que van posar de manifest la for\u00e7a creativa i transformadora del programa <strong>EN RESiD\u00c8NCiA<\/strong>. Aquesta experi\u00e8ncia no nom\u00e9s ens va permetre con\u00e8ixer de prop altres projectes inspiradors, sin\u00f3 que tamb\u00e9 ens va obrir la porta a reflexionar sobre el nostre propi proc\u00e9s i el paper de l\u2019art dins l\u2019educaci\u00f3.<\/p>\n\n\n\n<p class=\"wp-block-paragraph\">Despr\u00e9s, vam dedicar temps a reflexionar sobre el nostre propi projecte <strong>EN RESiD\u00c8NCiA<\/strong> i com aquest es vincula amb els valors que vam veure representats i amb la import\u00e0ncia de donar veu als alumnes, de connectar l\u2019aula amb l\u2019entorn i d\u2019explorar noves formes d\u2019expressi\u00f3.<\/p>\n\n\n\n<p class=\"wp-block-paragraph\">Aquesta jornada ens va recordar que l\u2019art no nom\u00e9s \u00e9s una forma d\u2019expressi\u00f3, sin\u00f3 tamb\u00e9 una eina d\u2019aprenentatge i transformaci\u00f3. Tornem d\u2019aquesta formaci\u00f3 amb noves idees.<\/p>\n\n\n\n<figure class=\"wp-block-gallery has-nested-images columns-default is-cropped wp-block-gallery-1 is-layout-flex wp-block-gallery-is-layout-flex\">\n<figure class=\"wp-block-image size-large\"><img loading=\"lazy\" decoding=\"async\" width=\"1024\" height=\"768\" data-id=\"452\" src=\"\/bastida2025\/wp-content\/uploads\/2024\/11\/1732882597113-1024x768.jpg\" alt=\"\" class=\"wp-image-452\" srcset=\"\/bastida2025\/wp-content\/uploads\/2024\/11\/1732882597113-1024x768.jpg 1024w, \/bastida2025\/wp-content\/uploads\/2024\/11\/1732882597113-300x225.jpg 300w, \/bastida2025\/wp-content\/uploads\/2024\/11\/1732882597113-768x576.jpg 768w, \/bastida2025\/wp-content\/uploads\/2024\/11\/1732882597113-1536x1152.jpg 1536w, \/bastida2025\/wp-content\/uploads\/2024\/11\/1732882597113-2048x1536.jpg 2048w\" sizes=\"auto, (max-width: 767px) 89vw, (max-width: 1000px) 54vw, (max-width: 1071px) 543px, 580px\" \/><\/figure>\n\n\n\n<figure class=\"wp-block-image size-large\"><img loading=\"lazy\" decoding=\"async\" width=\"1024\" height=\"768\" data-id=\"451\" src=\"\/bastida2025\/wp-content\/uploads\/2024\/11\/1732882597126-1024x768.jpg\" alt=\"\" class=\"wp-image-451\" srcset=\"\/bastida2025\/wp-content\/uploads\/2024\/11\/1732882597126-1024x768.jpg 1024w, \/bastida2025\/wp-content\/uploads\/2024\/11\/1732882597126-300x225.jpg 300w, \/bastida2025\/wp-content\/uploads\/2024\/11\/1732882597126-768x576.jpg 768w, \/bastida2025\/wp-content\/uploads\/2024\/11\/1732882597126-1536x1152.jpg 1536w, \/bastida2025\/wp-content\/uploads\/2024\/11\/1732882597126-2048x1536.jpg 2048w\" sizes=\"auto, (max-width: 767px) 89vw, (max-width: 1000px) 54vw, (max-width: 1071px) 543px, 580px\" \/><\/figure>\n\n\n\n<figure class=\"wp-block-image size-large\"><img loading=\"lazy\" decoding=\"async\" width=\"1024\" height=\"768\" data-id=\"453\" src=\"\/bastida2025\/wp-content\/uploads\/2024\/11\/1732882597138-1024x768.jpg\" alt=\"\" class=\"wp-image-453\" srcset=\"\/bastida2025\/wp-content\/uploads\/2024\/11\/1732882597138-1024x768.jpg 1024w, \/bastida2025\/wp-content\/uploads\/2024\/11\/1732882597138-300x225.jpg 300w, \/bastida2025\/wp-content\/uploads\/2024\/11\/1732882597138-768x576.jpg 768w, \/bastida2025\/wp-content\/uploads\/2024\/11\/1732882597138-1536x1152.jpg 1536w, \/bastida2025\/wp-content\/uploads\/2024\/11\/1732882597138-2048x1536.jpg 2048w\" sizes=\"auto, (max-width: 767px) 89vw, (max-width: 1000px) 54vw, (max-width: 1071px) 543px, 580px\" \/><\/figure>\n<\/figure>\n","protected":false},"excerpt":{"rendered":"<p>El passat 23 d\u2019octubre, vam assistir a una altra jornada de RESSON\u00c0NCiES al marc del Manifesta 15, on vam poder gaudir de tres exposicions art\u00edstiques que van posar de manifest la for\u00e7a creativa i transformadora del programa EN RESiD\u00c8NCiA. Aquesta experi\u00e8ncia no nom\u00e9s ens va permetre con\u00e8ixer de prop altres projectes inspiradors, sin\u00f3 que tamb\u00e9 &hellip; <\/p>\n<p class=\"link-more\"><a href=\"\/bastida2025\/formacio-2-reflexions-des-de-manifesta\/\" class=\"more-link\">Continua llegint <span class=\"screen-reader-text\">\u00abFormaci\u00f3 2: Reflexions des de Manifesta\u00bb<\/span><\/a><\/p>\n","protected":false},"author":15,"featured_media":0,"comment_status":"open","ping_status":"open","sticky":false,"template":"","format":"standard","meta":{"footnotes":""},"categories":[1],"tags":[],"class_list":["post-450","post","type-post","status-publish","format-standard","hentry","category-general"],"_links":{"self":[{"href":"\/bastida2025\/wp-json\/wp\/v2\/posts\/450","targetHints":{"allow":["GET"]}}],"collection":[{"href":"\/bastida2025\/wp-json\/wp\/v2\/posts"}],"about":[{"href":"\/bastida2025\/wp-json\/wp\/v2\/types\/post"}],"author":[{"embeddable":true,"href":"\/bastida2025\/wp-json\/wp\/v2\/users\/15"}],"replies":[{"embeddable":true,"href":"\/bastida2025\/wp-json\/wp\/v2\/comments?post=450"}],"version-history":[{"count":1,"href":"\/bastida2025\/wp-json\/wp\/v2\/posts\/450\/revisions"}],"predecessor-version":[{"id":454,"href":"\/bastida2025\/wp-json\/wp\/v2\/posts\/450\/revisions\/454"}],"wp:attachment":[{"href":"\/bastida2025\/wp-json\/wp\/v2\/media?parent=450"}],"wp:term":[{"taxonomy":"category","embeddable":true,"href":"\/bastida2025\/wp-json\/wp\/v2\/categories?post=450"},{"taxonomy":"post_tag","embeddable":true,"href":"\/bastida2025\/wp-json\/wp\/v2\/tags?post=450"}],"curies":[{"name":"wp","href":"https:\/\/api.w.org\/{rel}","templated":true}]}}