{"id":455,"date":"2024-11-25T22:18:25","date_gmt":"2024-11-25T20:18:25","guid":{"rendered":"\/bastida2025\/?p=455"},"modified":"2024-12-01T23:42:19","modified_gmt":"2024-12-01T21:42:19","slug":"formacio-3-reflexions-sobre-el-proces-creatiu-i-la-tercera-hora-a-lespai-finestres","status":"publish","type":"post","link":"\/bastida2025\/formacio-3-reflexions-sobre-el-proces-creatiu-i-la-tercera-hora-a-lespai-finestres\/","title":{"rendered":"Formaci\u00f3 3: Reflexions sobre el proc\u00e9s creatiu i la tercera hora a l\u2019Espai Finestres"},"content":{"rendered":"\n<p class=\"wp-block-paragraph\">El passat dimecres 20 de novembre vam assistir a una formaci\u00f3 a l\u2019<strong>Espai Finestres<\/strong>, a l\u2019Antiga Massana, al centre de Barcelona. Aquesta sessi\u00f3, condu\u00efda per l\u2019experta <strong>Aida S\u00e1nchez de Serdio<\/strong>, ens va permetre aprofundir en la reflexi\u00f3 sobre el proc\u00e9s creatiu en el context educatiu.<\/p>\n\n\n\n<p class=\"wp-block-paragraph\">L\u2019Aida ens va compartir la seva experi\u00e8ncia en projectes d\u2019art i educaci\u00f3, subratllant com el proc\u00e9s creatiu \u00e9s una eina de transformaci\u00f3 tant per a l\u2019alumnat com per al professorat. Ens va animar a q\u00fcestionar-nos i a explorar noves formes d\u2019entendre l\u2019art i l\u2019educaci\u00f3 com una experi\u00e8ncia interconnectada.<\/p>\n\n\n\n<p class=\"wp-block-paragraph\">A m\u00e9s, vam participar en una din\u00e0mica per posar en com\u00fa idees sobre com treballar la tercera hora del projecte. Nosaltres ens vam centrar especialment en l\u2019art i l\u2019expressi\u00f3, establint un vincle amb les emocions com a eix central. Aquesta activitat ens va permetre concretar propostes i generar una direcci\u00f3 clara per continuar desenvolupant el nostre projecte <strong>EN RESiD\u00c8NCiA<\/strong>.<\/p>\n\n\n\n<figure class=\"wp-block-gallery has-nested-images columns-default is-cropped wp-block-gallery-1 is-layout-flex wp-block-gallery-is-layout-flex\">\n<figure class=\"wp-block-image size-large\"><img loading=\"lazy\" decoding=\"async\" width=\"1024\" height=\"768\" data-id=\"456\" src=\"\/bastida2025\/wp-content\/uploads\/2024\/12\/Imatge-de-WhatsApp-2024-12-01-a-les-22.39.24_0a938f77-1024x768.jpg\" alt=\"\" class=\"wp-image-456\" srcset=\"\/bastida2025\/wp-content\/uploads\/2024\/12\/Imatge-de-WhatsApp-2024-12-01-a-les-22.39.24_0a938f77-1024x768.jpg 1024w, \/bastida2025\/wp-content\/uploads\/2024\/12\/Imatge-de-WhatsApp-2024-12-01-a-les-22.39.24_0a938f77-300x225.jpg 300w, \/bastida2025\/wp-content\/uploads\/2024\/12\/Imatge-de-WhatsApp-2024-12-01-a-les-22.39.24_0a938f77-768x576.jpg 768w, \/bastida2025\/wp-content\/uploads\/2024\/12\/Imatge-de-WhatsApp-2024-12-01-a-les-22.39.24_0a938f77-1536x1152.jpg 1536w, \/bastida2025\/wp-content\/uploads\/2024\/12\/Imatge-de-WhatsApp-2024-12-01-a-les-22.39.24_0a938f77.jpg 1600w\" sizes=\"auto, (max-width: 767px) 89vw, (max-width: 1000px) 54vw, (max-width: 1071px) 543px, 580px\" \/><\/figure>\n\n\n\n<figure class=\"wp-block-image size-large\"><img loading=\"lazy\" decoding=\"async\" width=\"1024\" height=\"768\" data-id=\"457\" src=\"\/bastida2025\/wp-content\/uploads\/2024\/12\/Imatge-de-WhatsApp-2024-12-01-a-les-22.39.24_826a7a57-1024x768.jpg\" alt=\"\" class=\"wp-image-457\" srcset=\"\/bastida2025\/wp-content\/uploads\/2024\/12\/Imatge-de-WhatsApp-2024-12-01-a-les-22.39.24_826a7a57-1024x768.jpg 1024w, \/bastida2025\/wp-content\/uploads\/2024\/12\/Imatge-de-WhatsApp-2024-12-01-a-les-22.39.24_826a7a57-300x225.jpg 300w, \/bastida2025\/wp-content\/uploads\/2024\/12\/Imatge-de-WhatsApp-2024-12-01-a-les-22.39.24_826a7a57-768x576.jpg 768w, \/bastida2025\/wp-content\/uploads\/2024\/12\/Imatge-de-WhatsApp-2024-12-01-a-les-22.39.24_826a7a57-1536x1152.jpg 1536w, \/bastida2025\/wp-content\/uploads\/2024\/12\/Imatge-de-WhatsApp-2024-12-01-a-les-22.39.24_826a7a57.jpg 1600w\" sizes=\"auto, (max-width: 767px) 89vw, (max-width: 1000px) 54vw, (max-width: 1071px) 543px, 580px\" \/><\/figure>\n\n\n\n<figure class=\"wp-block-image size-large\"><img loading=\"lazy\" decoding=\"async\" width=\"1024\" height=\"768\" data-id=\"458\" src=\"\/bastida2025\/wp-content\/uploads\/2024\/12\/Imatge-de-WhatsApp-2024-12-01-a-les-22.39.25_c96af7dd-1024x768.jpg\" alt=\"\" class=\"wp-image-458\" srcset=\"\/bastida2025\/wp-content\/uploads\/2024\/12\/Imatge-de-WhatsApp-2024-12-01-a-les-22.39.25_c96af7dd-1024x768.jpg 1024w, \/bastida2025\/wp-content\/uploads\/2024\/12\/Imatge-de-WhatsApp-2024-12-01-a-les-22.39.25_c96af7dd-300x225.jpg 300w, \/bastida2025\/wp-content\/uploads\/2024\/12\/Imatge-de-WhatsApp-2024-12-01-a-les-22.39.25_c96af7dd-768x576.jpg 768w, \/bastida2025\/wp-content\/uploads\/2024\/12\/Imatge-de-WhatsApp-2024-12-01-a-les-22.39.25_c96af7dd-1536x1152.jpg 1536w, \/bastida2025\/wp-content\/uploads\/2024\/12\/Imatge-de-WhatsApp-2024-12-01-a-les-22.39.25_c96af7dd.jpg 1600w\" sizes=\"auto, (max-width: 767px) 89vw, (max-width: 1000px) 54vw, (max-width: 1071px) 543px, 580px\" \/><\/figure>\n<\/figure>\n\n\n\n<p class=\"wp-block-paragraph\">Marxem amb eines i inspiraci\u00f3 per seguir potenciant l\u2019expressi\u00f3 art\u00edstica com una font d\u2019aprenentatge i creixement personal.<\/p>\n","protected":false},"excerpt":{"rendered":"<p>El passat dimecres 20 de novembre vam assistir a una formaci\u00f3 a l\u2019Espai Finestres, a l\u2019Antiga Massana, al centre de Barcelona. Aquesta sessi\u00f3, condu\u00efda per l\u2019experta Aida S\u00e1nchez de Serdio, ens va permetre aprofundir en la reflexi\u00f3 sobre el proc\u00e9s creatiu en el context educatiu. L\u2019Aida ens va compartir la seva experi\u00e8ncia en projectes d\u2019art &hellip; <\/p>\n<p class=\"link-more\"><a href=\"\/bastida2025\/formacio-3-reflexions-sobre-el-proces-creatiu-i-la-tercera-hora-a-lespai-finestres\/\" class=\"more-link\">Continua llegint <span class=\"screen-reader-text\">\u00abFormaci\u00f3 3: Reflexions sobre el proc\u00e9s creatiu i la tercera hora a l\u2019Espai Finestres\u00bb<\/span><\/a><\/p>\n","protected":false},"author":15,"featured_media":0,"comment_status":"open","ping_status":"open","sticky":false,"template":"","format":"standard","meta":{"footnotes":""},"categories":[1],"tags":[],"class_list":["post-455","post","type-post","status-publish","format-standard","hentry","category-general"],"_links":{"self":[{"href":"\/bastida2025\/wp-json\/wp\/v2\/posts\/455","targetHints":{"allow":["GET"]}}],"collection":[{"href":"\/bastida2025\/wp-json\/wp\/v2\/posts"}],"about":[{"href":"\/bastida2025\/wp-json\/wp\/v2\/types\/post"}],"author":[{"embeddable":true,"href":"\/bastida2025\/wp-json\/wp\/v2\/users\/15"}],"replies":[{"embeddable":true,"href":"\/bastida2025\/wp-json\/wp\/v2\/comments?post=455"}],"version-history":[{"count":1,"href":"\/bastida2025\/wp-json\/wp\/v2\/posts\/455\/revisions"}],"predecessor-version":[{"id":459,"href":"\/bastida2025\/wp-json\/wp\/v2\/posts\/455\/revisions\/459"}],"wp:attachment":[{"href":"\/bastida2025\/wp-json\/wp\/v2\/media?parent=455"}],"wp:term":[{"taxonomy":"category","embeddable":true,"href":"\/bastida2025\/wp-json\/wp\/v2\/categories?post=455"},{"taxonomy":"post_tag","embeddable":true,"href":"\/bastida2025\/wp-json\/wp\/v2\/tags?post=455"}],"curies":[{"name":"wp","href":"https:\/\/api.w.org\/{rel}","templated":true}]}}