{"id":461,"date":"2024-12-03T14:35:00","date_gmt":"2024-12-03T12:35:00","guid":{"rendered":"\/bastida2025\/?p=461"},"modified":"2024-12-05T14:04:01","modified_gmt":"2024-12-05T12:04:01","slug":"reestructuracio","status":"publish","type":"post","link":"\/bastida2025\/reestructuracio\/","title":{"rendered":"Reestructuraci\u00f3"},"content":{"rendered":"\n<p class=\"wp-block-paragraph\">Aquesta setmana, hem dedicat una sessi\u00f3 a reflexionar sobre el nostre proc\u00e9s d\u2019aprenentatge. Hem realitzat una autoavaluaci\u00f3 amb diferents \u00edtems per valorar aspectes com la participaci\u00f3, el comprom\u00eds, la creativitat, el coneixement adquirit i la gesti\u00f3 personal. Aquesta activitat ens ha perm\u00e8s:<\/p>\n\n\n\n<ul class=\"wp-block-list\">\n<li>Pensar en com col\u00b7laborem amb els\/les companys\/es durant el projecte.<\/li>\n\n\n\n<li>Reflexionar sobre com ens impliquem en les activitats amb l\u2019artista en resid\u00e8ncia.<\/li>\n\n\n\n<li>Identificar moments on ens hem sentit m\u00e9s creatius\/ves o inspirats\/des.<\/li>\n\n\n\n<li>Recon\u00e8ixer tot el que hem apr\u00e8s sobre art, dansa i el nostre entorn.<\/li>\n\n\n\n<li>Veure com ens organitzem per complir les tasques i gestionar el temps.<\/li>\n<\/ul>\n\n\n\n<figure class=\"wp-block-gallery has-nested-images columns-default is-cropped wp-block-gallery-1 is-layout-flex wp-block-gallery-is-layout-flex\">\n<figure class=\"wp-block-image size-large\"><img loading=\"lazy\" decoding=\"async\" width=\"1024\" height=\"768\" data-id=\"464\" src=\"\/bastida2025\/wp-content\/uploads\/2024\/12\/1733393811411-1-1024x768.jpg\" alt=\"\" class=\"wp-image-464\" srcset=\"\/bastida2025\/wp-content\/uploads\/2024\/12\/1733393811411-1-1024x768.jpg 1024w, \/bastida2025\/wp-content\/uploads\/2024\/12\/1733393811411-1-300x225.jpg 300w, \/bastida2025\/wp-content\/uploads\/2024\/12\/1733393811411-1-768x576.jpg 768w, \/bastida2025\/wp-content\/uploads\/2024\/12\/1733393811411-1-1536x1152.jpg 1536w, \/bastida2025\/wp-content\/uploads\/2024\/12\/1733393811411-1-2048x1536.jpg 2048w\" sizes=\"auto, (max-width: 767px) 89vw, (max-width: 1000px) 54vw, (max-width: 1071px) 543px, 580px\" \/><\/figure>\n\n\n\n<figure class=\"wp-block-image size-large\"><img loading=\"lazy\" decoding=\"async\" width=\"1024\" height=\"768\" data-id=\"463\" src=\"\/bastida2025\/wp-content\/uploads\/2024\/12\/1733393811444-1-1024x768.jpg\" alt=\"\" class=\"wp-image-463\" srcset=\"\/bastida2025\/wp-content\/uploads\/2024\/12\/1733393811444-1-1024x768.jpg 1024w, \/bastida2025\/wp-content\/uploads\/2024\/12\/1733393811444-1-300x225.jpg 300w, \/bastida2025\/wp-content\/uploads\/2024\/12\/1733393811444-1-768x576.jpg 768w, \/bastida2025\/wp-content\/uploads\/2024\/12\/1733393811444-1-1536x1152.jpg 1536w, \/bastida2025\/wp-content\/uploads\/2024\/12\/1733393811444-1-2048x1536.jpg 2048w\" sizes=\"auto, (max-width: 767px) 89vw, (max-width: 1000px) 54vw, (max-width: 1071px) 543px, 580px\" \/><\/figure>\n\n\n\n<figure class=\"wp-block-image size-large\"><img loading=\"lazy\" decoding=\"async\" width=\"1024\" height=\"768\" data-id=\"462\" src=\"\/bastida2025\/wp-content\/uploads\/2024\/12\/1733393811424-1-1024x768.jpg\" alt=\"\" class=\"wp-image-462\" srcset=\"\/bastida2025\/wp-content\/uploads\/2024\/12\/1733393811424-1-1024x768.jpg 1024w, \/bastida2025\/wp-content\/uploads\/2024\/12\/1733393811424-1-300x225.jpg 300w, \/bastida2025\/wp-content\/uploads\/2024\/12\/1733393811424-1-768x576.jpg 768w, \/bastida2025\/wp-content\/uploads\/2024\/12\/1733393811424-1-1536x1152.jpg 1536w, \/bastida2025\/wp-content\/uploads\/2024\/12\/1733393811424-1-2048x1536.jpg 2048w\" sizes=\"auto, (max-width: 767px) 89vw, (max-width: 1000px) 54vw, (max-width: 1071px) 543px, 580px\" \/><\/figure>\n<\/figure>\n\n\n\n<p class=\"wp-block-paragraph\">Tamb\u00e9 hem tingut l\u2019oportunitat d\u2019escriure opinions personals i donar feedback al professorat i a l\u2019artista, fent propostes per millorar i fer encara m\u00e9s interessant aquesta experi\u00e8ncia.<\/p>\n","protected":false},"excerpt":{"rendered":"<p>Aquesta setmana, hem dedicat una sessi\u00f3 a reflexionar sobre el nostre proc\u00e9s d\u2019aprenentatge. Hem realitzat una autoavaluaci\u00f3 amb diferents \u00edtems per valorar aspectes com la participaci\u00f3, el comprom\u00eds, la creativitat, el coneixement adquirit i la gesti\u00f3 personal. Aquesta activitat ens ha perm\u00e8s: Tamb\u00e9 hem tingut l\u2019oportunitat d\u2019escriure opinions personals i donar feedback al professorat i &hellip; <\/p>\n<p class=\"link-more\"><a href=\"\/bastida2025\/reestructuracio\/\" class=\"more-link\">Continua llegint <span class=\"screen-reader-text\">\u00abReestructuraci\u00f3\u00bb<\/span><\/a><\/p>\n","protected":false},"author":15,"featured_media":0,"comment_status":"open","ping_status":"open","sticky":false,"template":"","format":"standard","meta":{"footnotes":""},"categories":[1],"tags":[],"class_list":["post-461","post","type-post","status-publish","format-standard","hentry","category-general"],"_links":{"self":[{"href":"\/bastida2025\/wp-json\/wp\/v2\/posts\/461","targetHints":{"allow":["GET"]}}],"collection":[{"href":"\/bastida2025\/wp-json\/wp\/v2\/posts"}],"about":[{"href":"\/bastida2025\/wp-json\/wp\/v2\/types\/post"}],"author":[{"embeddable":true,"href":"\/bastida2025\/wp-json\/wp\/v2\/users\/15"}],"replies":[{"embeddable":true,"href":"\/bastida2025\/wp-json\/wp\/v2\/comments?post=461"}],"version-history":[{"count":1,"href":"\/bastida2025\/wp-json\/wp\/v2\/posts\/461\/revisions"}],"predecessor-version":[{"id":465,"href":"\/bastida2025\/wp-json\/wp\/v2\/posts\/461\/revisions\/465"}],"wp:attachment":[{"href":"\/bastida2025\/wp-json\/wp\/v2\/media?parent=461"}],"wp:term":[{"taxonomy":"category","embeddable":true,"href":"\/bastida2025\/wp-json\/wp\/v2\/categories?post=461"},{"taxonomy":"post_tag","embeddable":true,"href":"\/bastida2025\/wp-json\/wp\/v2\/tags?post=461"}],"curies":[{"name":"wp","href":"https:\/\/api.w.org\/{rel}","templated":true}]}}