{"id":467,"date":"2024-12-16T18:38:14","date_gmt":"2024-12-16T16:38:14","guid":{"rendered":"\/bastida2025\/?p=467"},"modified":"2024-12-16T18:38:14","modified_gmt":"2024-12-16T16:38:14","slug":"sessio-amb-toni-mira-preparant-la-mostra","status":"publish","type":"post","link":"\/bastida2025\/sessio-amb-toni-mira-preparant-la-mostra\/","title":{"rendered":"Sessi\u00f3 amb Toni Mira: preparant la mostra"},"content":{"rendered":"\n<p class=\"wp-block-paragraph\">Avui hem tingut una sessi\u00f3 molt enriquidora amb en <strong>Toni Mira<\/strong>. Des del primer moment, el grup s\u2019ha mostrat receptiu a les seves indicacions, la qual cosa ha perm\u00e8s avan\u00e7ar en els nostres objectius. Hem comen\u00e7at parlant de la <strong>mostra final<\/strong>, que tindr\u00e0 lloc al febrer.<\/p>\n\n\n\n<p class=\"wp-block-paragraph\">A continuaci\u00f3, hem treballat amb una <strong>din\u00e0mica en cercle<\/strong> que combina moviment i m\u00fasica. Hem iniciat amb un ritme m\u00e9s lent per familiaritzar-nos amb els moviments, i despr\u00e9s hem augmentat la intensitat amb una m\u00fasica m\u00e9s r\u00e0pida. Una part molt interessant ha estat el joc de miralls: en parelles, cada alumne imitava els moviments del company i, amb els canvis de parella constants, s\u2019ha generat una energia molt din\u00e0mica i creativa.<\/p>\n\n\n\n<p class=\"wp-block-paragraph\">Tot i que en alguns moments hem hagut de <strong>aturar la classe per recuperar la concentraci\u00f3 i assegurar que tothom seguia les indicacions<\/strong>, el grup ha treballat amb implicaci\u00f3 i entusiasme. Ens apropem cada cop m\u00e9s a una mostra que promet ser una gran experi\u00e8ncia!<\/p>\n\n\n\n<figure class=\"wp-block-image size-large\"><img loading=\"lazy\" decoding=\"async\" width=\"1024\" height=\"768\" src=\"\/bastida2025\/wp-content\/uploads\/2024\/12\/1734365426146-1024x768.jpg\" alt=\"\" class=\"wp-image-468\" srcset=\"\/bastida2025\/wp-content\/uploads\/2024\/12\/1734365426146-1024x768.jpg 1024w, \/bastida2025\/wp-content\/uploads\/2024\/12\/1734365426146-300x225.jpg 300w, \/bastida2025\/wp-content\/uploads\/2024\/12\/1734365426146-768x576.jpg 768w, \/bastida2025\/wp-content\/uploads\/2024\/12\/1734365426146-1536x1152.jpg 1536w, \/bastida2025\/wp-content\/uploads\/2024\/12\/1734365426146-2048x1536.jpg 2048w\" sizes=\"auto, (max-width: 767px) 89vw, (max-width: 1000px) 54vw, (max-width: 1071px) 543px, 580px\" \/><\/figure>\n","protected":false},"excerpt":{"rendered":"<p>Avui hem tingut una sessi\u00f3 molt enriquidora amb en Toni Mira. Des del primer moment, el grup s\u2019ha mostrat receptiu a les seves indicacions, la qual cosa ha perm\u00e8s avan\u00e7ar en els nostres objectius. Hem comen\u00e7at parlant de la mostra final, que tindr\u00e0 lloc al febrer. A continuaci\u00f3, hem treballat amb una din\u00e0mica en cercle &hellip; <\/p>\n<p class=\"link-more\"><a href=\"\/bastida2025\/sessio-amb-toni-mira-preparant-la-mostra\/\" class=\"more-link\">Continua llegint <span class=\"screen-reader-text\">\u00abSessi\u00f3 amb Toni Mira: preparant la mostra\u00bb<\/span><\/a><\/p>\n","protected":false},"author":15,"featured_media":0,"comment_status":"open","ping_status":"open","sticky":false,"template":"","format":"standard","meta":{"footnotes":""},"categories":[1],"tags":[],"class_list":["post-467","post","type-post","status-publish","format-standard","hentry","category-general"],"_links":{"self":[{"href":"\/bastida2025\/wp-json\/wp\/v2\/posts\/467","targetHints":{"allow":["GET"]}}],"collection":[{"href":"\/bastida2025\/wp-json\/wp\/v2\/posts"}],"about":[{"href":"\/bastida2025\/wp-json\/wp\/v2\/types\/post"}],"author":[{"embeddable":true,"href":"\/bastida2025\/wp-json\/wp\/v2\/users\/15"}],"replies":[{"embeddable":true,"href":"\/bastida2025\/wp-json\/wp\/v2\/comments?post=467"}],"version-history":[{"count":1,"href":"\/bastida2025\/wp-json\/wp\/v2\/posts\/467\/revisions"}],"predecessor-version":[{"id":469,"href":"\/bastida2025\/wp-json\/wp\/v2\/posts\/467\/revisions\/469"}],"wp:attachment":[{"href":"\/bastida2025\/wp-json\/wp\/v2\/media?parent=467"}],"wp:term":[{"taxonomy":"category","embeddable":true,"href":"\/bastida2025\/wp-json\/wp\/v2\/categories?post=467"},{"taxonomy":"post_tag","embeddable":true,"href":"\/bastida2025\/wp-json\/wp\/v2\/tags?post=467"}],"curies":[{"name":"wp","href":"https:\/\/api.w.org\/{rel}","templated":true}]}}