{"id":477,"date":"2025-01-10T16:58:46","date_gmt":"2025-01-10T14:58:46","guid":{"rendered":"\/bastida2025\/?p=477"},"modified":"2025-01-13T11:21:31","modified_gmt":"2025-01-13T09:21:31","slug":"tempo-toni-mira-mercat-de-les-flors","status":"publish","type":"post","link":"\/bastida2025\/tempo-toni-mira-mercat-de-les-flors\/","title":{"rendered":"Tempo, Toni Mira. Mercat de les Flors"},"content":{"rendered":"\n<p class=\"wp-block-paragraph\">Ahir, l\u2019alumnat va tenir l\u2019oportunitat d\u2019assistir a l\u2019espectacle <strong>Tempo<\/strong> al Mercat de les Flors, una experi\u00e8ncia que va anar molt m\u00e9s enll\u00e0 de la simple observaci\u00f3. Gr\u00e0cies a l\u2019acompanyament d\u2019en <strong>Toni Mira<\/strong>, els nois i noies no nom\u00e9s van gaudir de la proposta art\u00edstica, sin\u00f3 que tamb\u00e9 van poder <strong>resoldre dubtes<\/strong> sobre l\u2019espectacle i endinsar-se en els secrets del m\u00f3n esc\u00e8nic. La visita als espais de <strong>so i llums<\/strong>, aix\u00ed com l\u2019acc\u00e9s directe a l\u2019<strong>escenari<\/strong>, van ser moments emocionants que van completar una jornada plena d\u2019aprenentatges.<\/p>\n\n\n\n<figure class=\"wp-block-gallery has-nested-images columns-default is-cropped wp-block-gallery-1 is-layout-flex wp-block-gallery-is-layout-flex\">\n<figure class=\"wp-block-image size-large\"><img loading=\"lazy\" decoding=\"async\" width=\"1024\" height=\"768\" data-id=\"492\" src=\"\/bastida2025\/wp-content\/uploads\/2025\/01\/1736520602333-1024x768.jpg\" alt=\"\" class=\"wp-image-492\" srcset=\"\/bastida2025\/wp-content\/uploads\/2025\/01\/1736520602333-1024x768.jpg 1024w, \/bastida2025\/wp-content\/uploads\/2025\/01\/1736520602333-300x225.jpg 300w, \/bastida2025\/wp-content\/uploads\/2025\/01\/1736520602333-768x576.jpg 768w, \/bastida2025\/wp-content\/uploads\/2025\/01\/1736520602333-1536x1152.jpg 1536w, \/bastida2025\/wp-content\/uploads\/2025\/01\/1736520602333-2048x1536.jpg 2048w\" sizes=\"auto, (max-width: 767px) 89vw, (max-width: 1000px) 54vw, (max-width: 1071px) 543px, 580px\" \/><\/figure>\n\n\n\n<figure class=\"wp-block-image size-large\"><img loading=\"lazy\" decoding=\"async\" width=\"1024\" height=\"768\" data-id=\"493\" src=\"\/bastida2025\/wp-content\/uploads\/2025\/01\/1736520602348-1024x768.jpg\" alt=\"\" class=\"wp-image-493\" srcset=\"\/bastida2025\/wp-content\/uploads\/2025\/01\/1736520602348-1024x768.jpg 1024w, \/bastida2025\/wp-content\/uploads\/2025\/01\/1736520602348-300x225.jpg 300w, \/bastida2025\/wp-content\/uploads\/2025\/01\/1736520602348-768x576.jpg 768w, \/bastida2025\/wp-content\/uploads\/2025\/01\/1736520602348-1536x1152.jpg 1536w, \/bastida2025\/wp-content\/uploads\/2025\/01\/1736520602348-2048x1536.jpg 2048w\" sizes=\"auto, (max-width: 767px) 89vw, (max-width: 1000px) 54vw, (max-width: 1071px) 543px, 580px\" \/><\/figure>\n\n\n\n<figure class=\"wp-block-image size-large\"><img loading=\"lazy\" decoding=\"async\" width=\"1024\" height=\"768\" data-id=\"494\" src=\"\/bastida2025\/wp-content\/uploads\/2025\/01\/1736520602218-1-1-1024x768.jpg\" alt=\"\" class=\"wp-image-494\" srcset=\"\/bastida2025\/wp-content\/uploads\/2025\/01\/1736520602218-1-1-1024x768.jpg 1024w, \/bastida2025\/wp-content\/uploads\/2025\/01\/1736520602218-1-1-300x225.jpg 300w, \/bastida2025\/wp-content\/uploads\/2025\/01\/1736520602218-1-1-768x576.jpg 768w, \/bastida2025\/wp-content\/uploads\/2025\/01\/1736520602218-1-1-1536x1152.jpg 1536w, \/bastida2025\/wp-content\/uploads\/2025\/01\/1736520602218-1-1-2048x1536.jpg 2048w\" sizes=\"auto, (max-width: 767px) 89vw, (max-width: 1000px) 54vw, (max-width: 1071px) 543px, 580px\" \/><\/figure>\n<\/figure>\n\n\n\n<p class=\"wp-block-paragraph\">L\u2019espectacle <strong>Tempo<\/strong>, dirigit per Toni Mira, explora com els <strong>ritmes musicals<\/strong> poden influir en les nostres emocions i de quina manera aquestes es transformen en moviment. A trav\u00e9s d\u2019una col\u00b7laboraci\u00f3 amb joves ballarins, el core\u00f2graf ens convida a connectar el cos amb la imaginaci\u00f3 i la mem\u00f2ria, evocant viv\u00e8ncies personals a partir de m\u00fasiques tan diverses com un bolero, un vals o una pe\u00e7a de jazz. Aquesta creaci\u00f3, que barreja <strong>humor, poesia visual<\/strong> i un \u00fas prec\u00eds de l\u2019espai esc\u00e8nic, \u00e9s un reflex de l\u2019estil \u00fanic que ha convertit Toni Mira en un referent de la dansa-teatre i un artista comprom\u00e8s amb projectes de <strong>repercussi\u00f3 social<\/strong>.<\/p>\n\n\n\n<p class=\"wp-block-paragraph\">L\u2019alumnat va sortir de l\u2019experi\u00e8ncia amb una nova mirada cap a la dansa i l\u2019art esc\u00e8nic, enriquint el seu propi proc\u00e9s creatiu i connectant amb una proposta que combina <strong>emoci\u00f3, moviment i innovaci\u00f3<\/strong>.<\/p>\n","protected":false},"excerpt":{"rendered":"<p>Ahir, l\u2019alumnat va tenir l\u2019oportunitat d\u2019assistir a l\u2019espectacle Tempo al Mercat de les Flors, una experi\u00e8ncia que va anar molt m\u00e9s enll\u00e0 de la simple observaci\u00f3. Gr\u00e0cies a l\u2019acompanyament d\u2019en Toni Mira, els nois i noies no nom\u00e9s van gaudir de la proposta art\u00edstica, sin\u00f3 que tamb\u00e9 van poder resoldre dubtes sobre l\u2019espectacle i endinsar-se &hellip; <\/p>\n<p class=\"link-more\"><a href=\"\/bastida2025\/tempo-toni-mira-mercat-de-les-flors\/\" class=\"more-link\">Continua llegint <span class=\"screen-reader-text\">\u00abTempo, Toni Mira. Mercat de les Flors\u00bb<\/span><\/a><\/p>\n","protected":false},"author":15,"featured_media":0,"comment_status":"open","ping_status":"open","sticky":false,"template":"","format":"standard","meta":{"footnotes":""},"categories":[1],"tags":[],"class_list":["post-477","post","type-post","status-publish","format-standard","hentry","category-general"],"_links":{"self":[{"href":"\/bastida2025\/wp-json\/wp\/v2\/posts\/477","targetHints":{"allow":["GET"]}}],"collection":[{"href":"\/bastida2025\/wp-json\/wp\/v2\/posts"}],"about":[{"href":"\/bastida2025\/wp-json\/wp\/v2\/types\/post"}],"author":[{"embeddable":true,"href":"\/bastida2025\/wp-json\/wp\/v2\/users\/15"}],"replies":[{"embeddable":true,"href":"\/bastida2025\/wp-json\/wp\/v2\/comments?post=477"}],"version-history":[{"count":2,"href":"\/bastida2025\/wp-json\/wp\/v2\/posts\/477\/revisions"}],"predecessor-version":[{"id":495,"href":"\/bastida2025\/wp-json\/wp\/v2\/posts\/477\/revisions\/495"}],"wp:attachment":[{"href":"\/bastida2025\/wp-json\/wp\/v2\/media?parent=477"}],"wp:term":[{"taxonomy":"category","embeddable":true,"href":"\/bastida2025\/wp-json\/wp\/v2\/categories?post=477"},{"taxonomy":"post_tag","embeddable":true,"href":"\/bastida2025\/wp-json\/wp\/v2\/tags?post=477"}],"curies":[{"name":"wp","href":"https:\/\/api.w.org\/{rel}","templated":true}]}}