{"id":497,"date":"2025-01-13T12:18:33","date_gmt":"2025-01-13T10:18:33","guid":{"rendered":"\/bastida2025\/?p=497"},"modified":"2025-01-13T12:18:33","modified_gmt":"2025-01-13T10:18:33","slug":"descobrint-ritmes-i-estils-musicals-al-nostre-projecte","status":"publish","type":"post","link":"\/bastida2025\/descobrint-ritmes-i-estils-musicals-al-nostre-projecte\/","title":{"rendered":"Descobrint ritmes i estils musicals al nostre projecte"},"content":{"rendered":"\n<h3 class=\"wp-block-heading\"><\/h3>\n\n\n\n<p class=\"wp-block-paragraph\">La sessi\u00f3 d\u2019avui ha comen\u00e7at recordant l\u2019espectacle <strong>\u00abTempo\u00bb<\/strong> de Toni Mira, que vam veure la setmana passada al Mercat de les Flors. Ens hem endinsat de nou en l\u2019univers del moviment, la m\u00fasica i la seva relaci\u00f3 amb el temps, reflexionant sobre les emocions que ens va transmetre.<\/p>\n\n\n\n<p class=\"wp-block-paragraph\">Despr\u00e9s, hem iniciat una <strong>activitat de descoberta d\u2019estils musicals<\/strong>. Alguns ritmes i g\u00e8neres ens s\u00f3n familiars, com el rock &amp; roll, la salsa o el reggae, per\u00f2 d\u2019altres, com la tarantel\u00b7la, el bhangra o el sirtaki, ens han despertat curiositat i ganes d\u2019aprendre m\u00e9s.<\/p>\n\n\n\n<p class=\"wp-block-paragraph\">Amb cada estil, hem escoltat fragments de can\u00e7ons representatives, identificant-ne les particularitats i comentant com ens fan sentir. Aquesta activitat ens ajuda no nom\u00e9s a ampliar el nostre coneixement musical, sin\u00f3 tamb\u00e9 a connectar aquests estils amb moviments, cultures i emocions diferents.<\/p>\n\n\n<div class=\"wp-block-image\">\n<figure class=\"alignright size-full is-resized\"><img loading=\"lazy\" decoding=\"async\" width=\"686\" height=\"386\" src=\"\/bastida2025\/wp-content\/uploads\/2025\/01\/estils.jpg\" alt=\"\" class=\"wp-image-498\" style=\"width:288px;height:auto\" srcset=\"\/bastida2025\/wp-content\/uploads\/2025\/01\/estils.jpg 686w, \/bastida2025\/wp-content\/uploads\/2025\/01\/estils-300x169.jpg 300w\" sizes=\"auto, (max-width: 686px) 100vw, 686px\" \/><\/figure>\n<\/div>\n\n\n<p class=\"wp-block-paragraph\">Aquesta exploraci\u00f3 \u00e9s una part essencial del nostre projecte, que combina m\u00fasica, dansa i creativitat. Continuarem descobrint i experimentant amb aquests ritmes per crear una proposta \u00fanica que reflecteixi la diversitat i la riquesa del nostre aprenentatge.<\/p>\n\n\n\n<p class=\"wp-block-paragraph\"><strong>Ens espera molta m\u00fasica, moviment i emoci\u00f3!<\/strong><\/p>\n\n\n\n<p class=\"wp-block-paragraph\"><\/p>\n","protected":false},"excerpt":{"rendered":"<p>La sessi\u00f3 d\u2019avui ha comen\u00e7at recordant l\u2019espectacle \u00abTempo\u00bb de Toni Mira, que vam veure la setmana passada al Mercat de les Flors. Ens hem endinsat de nou en l\u2019univers del moviment, la m\u00fasica i la seva relaci\u00f3 amb el temps, reflexionant sobre les emocions que ens va transmetre. Despr\u00e9s, hem iniciat una activitat de descoberta &hellip; <\/p>\n<p class=\"link-more\"><a href=\"\/bastida2025\/descobrint-ritmes-i-estils-musicals-al-nostre-projecte\/\" class=\"more-link\">Continua llegint <span class=\"screen-reader-text\">\u00abDescobrint ritmes i estils musicals al nostre projecte\u00bb<\/span><\/a><\/p>\n","protected":false},"author":15,"featured_media":0,"comment_status":"open","ping_status":"open","sticky":false,"template":"","format":"standard","meta":{"footnotes":""},"categories":[1],"tags":[],"class_list":["post-497","post","type-post","status-publish","format-standard","hentry","category-general"],"_links":{"self":[{"href":"\/bastida2025\/wp-json\/wp\/v2\/posts\/497","targetHints":{"allow":["GET"]}}],"collection":[{"href":"\/bastida2025\/wp-json\/wp\/v2\/posts"}],"about":[{"href":"\/bastida2025\/wp-json\/wp\/v2\/types\/post"}],"author":[{"embeddable":true,"href":"\/bastida2025\/wp-json\/wp\/v2\/users\/15"}],"replies":[{"embeddable":true,"href":"\/bastida2025\/wp-json\/wp\/v2\/comments?post=497"}],"version-history":[{"count":1,"href":"\/bastida2025\/wp-json\/wp\/v2\/posts\/497\/revisions"}],"predecessor-version":[{"id":499,"href":"\/bastida2025\/wp-json\/wp\/v2\/posts\/497\/revisions\/499"}],"wp:attachment":[{"href":"\/bastida2025\/wp-json\/wp\/v2\/media?parent=497"}],"wp:term":[{"taxonomy":"category","embeddable":true,"href":"\/bastida2025\/wp-json\/wp\/v2\/categories?post=497"},{"taxonomy":"post_tag","embeddable":true,"href":"\/bastida2025\/wp-json\/wp\/v2\/tags?post=497"}],"curies":[{"name":"wp","href":"https:\/\/api.w.org\/{rel}","templated":true}]}}