{"id":507,"date":"2025-02-07T12:02:00","date_gmt":"2025-02-07T10:02:00","guid":{"rendered":"\/bastida2025\/?p=507"},"modified":"2025-02-09T21:06:17","modified_gmt":"2025-02-09T19:06:17","slug":"evolucio-continua","status":"publish","type":"post","link":"\/bastida2025\/evolucio-continua\/","title":{"rendered":"Evoluci\u00f3 cont\u00ednua"},"content":{"rendered":"\n<p class=\"wp-block-paragraph\">L\u2019alumnat continua amb els <strong>assajos<\/strong> per a la mostra del pr\u00f2xim <strong>19 de febrer<\/strong>, treballant intensament amb <strong>Toni Mira<\/strong> per perfilar cada detall de la presentaci\u00f3. A mesura que s\u2019apropa el dia, es concentren en la precisi\u00f3 del moviment, la connexi\u00f3 amb la m\u00fasica i l\u2019expressi\u00f3 corporal per transmetre tot el que han apr\u00e8s durant el proc\u00e9s.<\/p>\n\n\n\n<figure class=\"wp-block-gallery has-nested-images columns-default is-cropped wp-block-gallery-1 is-layout-flex wp-block-gallery-is-layout-flex\">\n<figure class=\"wp-block-image size-large\"><img loading=\"lazy\" decoding=\"async\" width=\"1024\" height=\"768\" data-id=\"509\" src=\"\/bastida2025\/wp-content\/uploads\/2025\/02\/1739127177089-1024x768.jpg\" alt=\"\" class=\"wp-image-509\" srcset=\"\/bastida2025\/wp-content\/uploads\/2025\/02\/1739127177089-1024x768.jpg 1024w, \/bastida2025\/wp-content\/uploads\/2025\/02\/1739127177089-300x225.jpg 300w, \/bastida2025\/wp-content\/uploads\/2025\/02\/1739127177089-768x576.jpg 768w, \/bastida2025\/wp-content\/uploads\/2025\/02\/1739127177089-1536x1152.jpg 1536w, \/bastida2025\/wp-content\/uploads\/2025\/02\/1739127177089-2048x1536.jpg 2048w\" sizes=\"auto, (max-width: 767px) 89vw, (max-width: 1000px) 54vw, (max-width: 1071px) 543px, 580px\" \/><\/figure>\n\n\n\n<figure class=\"wp-block-image size-large\"><img loading=\"lazy\" decoding=\"async\" width=\"1024\" height=\"768\" data-id=\"510\" src=\"\/bastida2025\/wp-content\/uploads\/2025\/02\/1739127177080-1024x768.jpg\" alt=\"\" class=\"wp-image-510\" srcset=\"\/bastida2025\/wp-content\/uploads\/2025\/02\/1739127177080-1024x768.jpg 1024w, \/bastida2025\/wp-content\/uploads\/2025\/02\/1739127177080-300x225.jpg 300w, \/bastida2025\/wp-content\/uploads\/2025\/02\/1739127177080-768x576.jpg 768w, \/bastida2025\/wp-content\/uploads\/2025\/02\/1739127177080-1536x1152.jpg 1536w, \/bastida2025\/wp-content\/uploads\/2025\/02\/1739127177080-2048x1536.jpg 2048w\" sizes=\"auto, (max-width: 767px) 89vw, (max-width: 1000px) 54vw, (max-width: 1071px) 543px, 580px\" \/><\/figure>\n\n\n\n<figure class=\"wp-block-image size-large\"><img loading=\"lazy\" decoding=\"async\" width=\"768\" height=\"1024\" data-id=\"508\" src=\"\/bastida2025\/wp-content\/uploads\/2025\/02\/1739127177083-768x1024.jpg\" alt=\"\" class=\"wp-image-508\" srcset=\"\/bastida2025\/wp-content\/uploads\/2025\/02\/1739127177083-768x1024.jpg 768w, \/bastida2025\/wp-content\/uploads\/2025\/02\/1739127177083-225x300.jpg 225w, \/bastida2025\/wp-content\/uploads\/2025\/02\/1739127177083-1152x1536.jpg 1152w, \/bastida2025\/wp-content\/uploads\/2025\/02\/1739127177083-1536x2048.jpg 1536w, \/bastida2025\/wp-content\/uploads\/2025\/02\/1739127177083-scaled.jpg 1920w\" sizes=\"auto, (max-width: 767px) 89vw, (max-width: 1000px) 54vw, (max-width: 1071px) 543px, 580px\" \/><\/figure>\n<\/figure>\n","protected":false},"excerpt":{"rendered":"<p>L\u2019alumnat continua amb els assajos per a la mostra del pr\u00f2xim 19 de febrer, treballant intensament amb Toni Mira per perfilar cada detall de la presentaci\u00f3. A mesura que s\u2019apropa el dia, es concentren en la precisi\u00f3 del moviment, la connexi\u00f3 amb la m\u00fasica i l\u2019expressi\u00f3 corporal per transmetre tot el que han apr\u00e8s durant &hellip; <\/p>\n<p class=\"link-more\"><a href=\"\/bastida2025\/evolucio-continua\/\" class=\"more-link\">Continua llegint <span class=\"screen-reader-text\">\u00abEvoluci\u00f3 cont\u00ednua\u00bb<\/span><\/a><\/p>\n","protected":false},"author":15,"featured_media":0,"comment_status":"open","ping_status":"open","sticky":false,"template":"","format":"standard","meta":{"footnotes":""},"categories":[1],"tags":[],"class_list":["post-507","post","type-post","status-publish","format-standard","hentry","category-general"],"_links":{"self":[{"href":"\/bastida2025\/wp-json\/wp\/v2\/posts\/507","targetHints":{"allow":["GET"]}}],"collection":[{"href":"\/bastida2025\/wp-json\/wp\/v2\/posts"}],"about":[{"href":"\/bastida2025\/wp-json\/wp\/v2\/types\/post"}],"author":[{"embeddable":true,"href":"\/bastida2025\/wp-json\/wp\/v2\/users\/15"}],"replies":[{"embeddable":true,"href":"\/bastida2025\/wp-json\/wp\/v2\/comments?post=507"}],"version-history":[{"count":1,"href":"\/bastida2025\/wp-json\/wp\/v2\/posts\/507\/revisions"}],"predecessor-version":[{"id":511,"href":"\/bastida2025\/wp-json\/wp\/v2\/posts\/507\/revisions\/511"}],"wp:attachment":[{"href":"\/bastida2025\/wp-json\/wp\/v2\/media?parent=507"}],"wp:term":[{"taxonomy":"category","embeddable":true,"href":"\/bastida2025\/wp-json\/wp\/v2\/categories?post=507"},{"taxonomy":"post_tag","embeddable":true,"href":"\/bastida2025\/wp-json\/wp\/v2\/tags?post=507"}],"curies":[{"name":"wp","href":"https:\/\/api.w.org\/{rel}","templated":true}]}}