{"id":512,"date":"2025-01-24T17:06:00","date_gmt":"2025-01-24T15:06:00","guid":{"rendered":"\/bastida2025\/?p=512"},"modified":"2025-02-09T21:08:36","modified_gmt":"2025-02-09T19:08:36","slug":"formacio-4-reflexio-sobre-el-proces-creatiu","status":"publish","type":"post","link":"\/bastida2025\/formacio-4-reflexio-sobre-el-proces-creatiu\/","title":{"rendered":"Formaci\u00f3 4: reflexi\u00f3 sobre el proc\u00e9s creatiu"},"content":{"rendered":"\n<p class=\"wp-block-paragraph\">Les dues professores vam assistir a la segona sessi\u00f3 conjunta de formaci\u00f3 del programa EN RESiD\u00c8NCiA, celebrada el 22 de gener a l\u2019Antiga Massana, a l\u2019Espai Finestres. La trobada va comptar amb l\u2019expertesa de <strong>l\u2019Aida S\u00e1nchez de Serdio<\/strong>, que va guiar la reflexi\u00f3 sobre el <strong>proc\u00e9s creatiu<\/strong> i va facilitar l\u2019intercanvi d\u2019experi\u00e8ncies d\u2019aula entre el professorat participant.<\/p>\n\n\n\n<p class=\"wp-block-paragraph\">Per acabar l\u2019esdeveniment, vam realitzar una <strong>vinyeta compartida<\/strong>, una activitat creativa per expressar, de manera <strong>visual i divertida<\/strong>, qu\u00e8 ens transmetia el projecte. Aquest exercici va permetre plasmar les diferents visions i emocions sorgides durant la sessi\u00f3, tancant la formaci\u00f3 amb un toc din\u00e0mic i col\u00b7laboratiu.<\/p>\n","protected":false},"excerpt":{"rendered":"<p>Les dues professores vam assistir a la segona sessi\u00f3 conjunta de formaci\u00f3 del programa EN RESiD\u00c8NCiA, celebrada el 22 de gener a l\u2019Antiga Massana, a l\u2019Espai Finestres. La trobada va comptar amb l\u2019expertesa de l\u2019Aida S\u00e1nchez de Serdio, que va guiar la reflexi\u00f3 sobre el proc\u00e9s creatiu i va facilitar l\u2019intercanvi d\u2019experi\u00e8ncies d\u2019aula entre el &hellip; <\/p>\n<p class=\"link-more\"><a href=\"\/bastida2025\/formacio-4-reflexio-sobre-el-proces-creatiu\/\" class=\"more-link\">Continua llegint <span class=\"screen-reader-text\">\u00abFormaci\u00f3 4: reflexi\u00f3 sobre el proc\u00e9s creatiu\u00bb<\/span><\/a><\/p>\n","protected":false},"author":15,"featured_media":0,"comment_status":"open","ping_status":"open","sticky":false,"template":"","format":"standard","meta":{"footnotes":""},"categories":[1],"tags":[],"class_list":["post-512","post","type-post","status-publish","format-standard","hentry","category-general"],"_links":{"self":[{"href":"\/bastida2025\/wp-json\/wp\/v2\/posts\/512","targetHints":{"allow":["GET"]}}],"collection":[{"href":"\/bastida2025\/wp-json\/wp\/v2\/posts"}],"about":[{"href":"\/bastida2025\/wp-json\/wp\/v2\/types\/post"}],"author":[{"embeddable":true,"href":"\/bastida2025\/wp-json\/wp\/v2\/users\/15"}],"replies":[{"embeddable":true,"href":"\/bastida2025\/wp-json\/wp\/v2\/comments?post=512"}],"version-history":[{"count":1,"href":"\/bastida2025\/wp-json\/wp\/v2\/posts\/512\/revisions"}],"predecessor-version":[{"id":513,"href":"\/bastida2025\/wp-json\/wp\/v2\/posts\/512\/revisions\/513"}],"wp:attachment":[{"href":"\/bastida2025\/wp-json\/wp\/v2\/media?parent=512"}],"wp:term":[{"taxonomy":"category","embeddable":true,"href":"\/bastida2025\/wp-json\/wp\/v2\/categories?post=512"},{"taxonomy":"post_tag","embeddable":true,"href":"\/bastida2025\/wp-json\/wp\/v2\/tags?post=512"}],"curies":[{"name":"wp","href":"https:\/\/api.w.org\/{rel}","templated":true}]}}