{"id":516,"date":"2025-02-24T12:19:21","date_gmt":"2025-02-24T10:19:21","guid":{"rendered":"\/bastida2025\/?p=516"},"modified":"2025-02-24T12:19:21","modified_gmt":"2025-02-24T10:19:21","slug":"la-mostra-que-hem-fet-fins-ara","status":"publish","type":"post","link":"\/bastida2025\/la-mostra-que-hem-fet-fins-ara\/","title":{"rendered":"La mostra &#8211; Qu\u00e8 hem fet fins ara?"},"content":{"rendered":"\n<p class=\"wp-block-paragraph\">El passat <strong>19 de febrer<\/strong>, l\u2019alumnat del projecte <strong>EN RESiD\u00c8NCiA<\/strong> va representar davant del seu equip docent tot all\u00f2 apr\u00e8s fins al moment, comptant amb la participaci\u00f3 en directe de l\u2019artista <strong>Toni Mira<\/strong>. Despr\u00e9s de la mostra, es va obrir un col\u00b7loqui on es van compartir reflexions sobre el proc\u00e9s viscut.<\/p>\n\n\n\n<p class=\"wp-block-paragraph\">Durant la conversa, l\u2019alumnat va expressar les <strong>sensacions<\/strong> i els <strong>aprenentatges<\/strong> que han anat adquirint. Un dels alumnes va destacar la confian\u00e7a que ha desenvolupat en el grup, especialment quan caminava sobre les cadires col\u00b7locades pels companys. Inicialment, sentia certa por, per\u00f2 la representaci\u00f3 li va demostrar que podia confiar en els altres. Un altre alumne va parlar de la felicitat per la bona coordinaci\u00f3 i la import\u00e0ncia del paper de cadasc\u00fa dins el conjunt. Alguns van confessar haver sentit <strong>vergonya i vulnerabilitat<\/strong> en ballar davant d\u2019un grup per primera vegada, per\u00f2 tamb\u00e9 una gran sensaci\u00f3 de <strong>llibertat<\/strong>.<\/p>\n\n\n\n<p class=\"wp-block-paragraph\">Toni Mira va destacar que sovint ens centrem massa en la ment i oblidem les possibilitats expressives del cos. Va remarcar la import\u00e0ncia d\u2019explorar <strong>els l\u00edmits, les tensions i l\u2019expressivitat corporal<\/strong>, aix\u00ed com el fet de sentir-se una part essencial dins el grup. Aquest proc\u00e9s ha perm\u00e8s comprendre que <strong>cada membre \u00e9s clau perqu\u00e8 la coreografia funcioni<\/strong>, un dels grans aprenentatges del projecte. De cara al futur, es planteja continuar explorant la relaci\u00f3 entre <strong>cos, espai i arquitectura<\/strong>.<\/p>\n\n\n\n<figure class=\"wp-block-gallery has-nested-images columns-default is-cropped wp-block-gallery-1 is-layout-flex wp-block-gallery-is-layout-flex\">\n<figure class=\"wp-block-image size-large\"><img loading=\"lazy\" decoding=\"async\" width=\"1024\" height=\"576\" data-id=\"517\" src=\"\/bastida2025\/wp-content\/uploads\/2025\/02\/IMG-20250224-WA0023-1024x576.jpg\" alt=\"\" class=\"wp-image-517\" srcset=\"\/bastida2025\/wp-content\/uploads\/2025\/02\/IMG-20250224-WA0023-1024x576.jpg 1024w, \/bastida2025\/wp-content\/uploads\/2025\/02\/IMG-20250224-WA0023-300x169.jpg 300w, \/bastida2025\/wp-content\/uploads\/2025\/02\/IMG-20250224-WA0023-768x432.jpg 768w, \/bastida2025\/wp-content\/uploads\/2025\/02\/IMG-20250224-WA0023-1536x864.jpg 1536w, \/bastida2025\/wp-content\/uploads\/2025\/02\/IMG-20250224-WA0023.jpg 1920w\" sizes=\"auto, (max-width: 767px) 89vw, (max-width: 1000px) 54vw, (max-width: 1071px) 543px, 580px\" \/><\/figure>\n\n\n\n<figure class=\"wp-block-image size-large\"><img loading=\"lazy\" decoding=\"async\" width=\"1024\" height=\"768\" data-id=\"519\" src=\"\/bastida2025\/wp-content\/uploads\/2025\/02\/IMG-20250224-WA0025-1024x768.jpg\" alt=\"\" class=\"wp-image-519\" srcset=\"\/bastida2025\/wp-content\/uploads\/2025\/02\/IMG-20250224-WA0025-1024x768.jpg 1024w, \/bastida2025\/wp-content\/uploads\/2025\/02\/IMG-20250224-WA0025-300x225.jpg 300w, \/bastida2025\/wp-content\/uploads\/2025\/02\/IMG-20250224-WA0025-768x576.jpg 768w, \/bastida2025\/wp-content\/uploads\/2025\/02\/IMG-20250224-WA0025-1536x1152.jpg 1536w, \/bastida2025\/wp-content\/uploads\/2025\/02\/IMG-20250224-WA0025.jpg 2048w\" sizes=\"auto, (max-width: 767px) 89vw, (max-width: 1000px) 54vw, (max-width: 1071px) 543px, 580px\" \/><\/figure>\n\n\n\n<figure class=\"wp-block-image size-large\"><img loading=\"lazy\" decoding=\"async\" width=\"1024\" height=\"576\" data-id=\"521\" src=\"\/bastida2025\/wp-content\/uploads\/2025\/02\/IMG-20250224-WA0026-1024x576.jpg\" alt=\"\" class=\"wp-image-521\" srcset=\"\/bastida2025\/wp-content\/uploads\/2025\/02\/IMG-20250224-WA0026-1024x576.jpg 1024w, \/bastida2025\/wp-content\/uploads\/2025\/02\/IMG-20250224-WA0026-300x169.jpg 300w, \/bastida2025\/wp-content\/uploads\/2025\/02\/IMG-20250224-WA0026-768x432.jpg 768w, \/bastida2025\/wp-content\/uploads\/2025\/02\/IMG-20250224-WA0026-1536x864.jpg 1536w, \/bastida2025\/wp-content\/uploads\/2025\/02\/IMG-20250224-WA0026.jpg 1920w\" sizes=\"auto, (max-width: 767px) 89vw, (max-width: 1000px) 54vw, (max-width: 1071px) 543px, 580px\" \/><\/figure>\n\n\n\n<figure class=\"wp-block-image size-large\"><img loading=\"lazy\" decoding=\"async\" width=\"1024\" height=\"576\" data-id=\"520\" src=\"\/bastida2025\/wp-content\/uploads\/2025\/02\/IMG-20250224-WA0027-1024x576.jpg\" alt=\"\" class=\"wp-image-520\" srcset=\"\/bastida2025\/wp-content\/uploads\/2025\/02\/IMG-20250224-WA0027-1024x576.jpg 1024w, \/bastida2025\/wp-content\/uploads\/2025\/02\/IMG-20250224-WA0027-300x169.jpg 300w, \/bastida2025\/wp-content\/uploads\/2025\/02\/IMG-20250224-WA0027-768x432.jpg 768w, \/bastida2025\/wp-content\/uploads\/2025\/02\/IMG-20250224-WA0027-1536x864.jpg 1536w, \/bastida2025\/wp-content\/uploads\/2025\/02\/IMG-20250224-WA0027.jpg 1920w\" sizes=\"auto, (max-width: 767px) 89vw, (max-width: 1000px) 54vw, (max-width: 1071px) 543px, 580px\" \/><\/figure>\n\n\n\n<figure class=\"wp-block-image size-large\"><img loading=\"lazy\" decoding=\"async\" width=\"1024\" height=\"768\" data-id=\"525\" src=\"\/bastida2025\/wp-content\/uploads\/2025\/02\/IMG-20250224-WA0028-1024x768.jpg\" alt=\"\" class=\"wp-image-525\" srcset=\"\/bastida2025\/wp-content\/uploads\/2025\/02\/IMG-20250224-WA0028-1024x768.jpg 1024w, \/bastida2025\/wp-content\/uploads\/2025\/02\/IMG-20250224-WA0028-300x225.jpg 300w, \/bastida2025\/wp-content\/uploads\/2025\/02\/IMG-20250224-WA0028-768x576.jpg 768w, \/bastida2025\/wp-content\/uploads\/2025\/02\/IMG-20250224-WA0028-1536x1152.jpg 1536w, \/bastida2025\/wp-content\/uploads\/2025\/02\/IMG-20250224-WA0028.jpg 2048w\" sizes=\"auto, (max-width: 767px) 89vw, (max-width: 1000px) 54vw, (max-width: 1071px) 543px, 580px\" \/><\/figure>\n\n\n\n<figure class=\"wp-block-image size-large\"><img loading=\"lazy\" decoding=\"async\" width=\"1024\" height=\"576\" data-id=\"518\" src=\"\/bastida2025\/wp-content\/uploads\/2025\/02\/IMG-20250224-WA0029-1024x576.jpg\" alt=\"\" class=\"wp-image-518\" srcset=\"\/bastida2025\/wp-content\/uploads\/2025\/02\/IMG-20250224-WA0029-1024x576.jpg 1024w, \/bastida2025\/wp-content\/uploads\/2025\/02\/IMG-20250224-WA0029-300x169.jpg 300w, \/bastida2025\/wp-content\/uploads\/2025\/02\/IMG-20250224-WA0029-768x432.jpg 768w, \/bastida2025\/wp-content\/uploads\/2025\/02\/IMG-20250224-WA0029.jpg 1280w\" sizes=\"auto, (max-width: 767px) 89vw, (max-width: 1000px) 54vw, (max-width: 1071px) 543px, 580px\" \/><\/figure>\n\n\n\n<figure class=\"wp-block-image size-large\"><img loading=\"lazy\" decoding=\"async\" width=\"1024\" height=\"576\" data-id=\"522\" src=\"\/bastida2025\/wp-content\/uploads\/2025\/02\/IMG-20250224-WA0021-1024x576.jpg\" alt=\"\" class=\"wp-image-522\" srcset=\"\/bastida2025\/wp-content\/uploads\/2025\/02\/IMG-20250224-WA0021-1024x576.jpg 1024w, \/bastida2025\/wp-content\/uploads\/2025\/02\/IMG-20250224-WA0021-300x169.jpg 300w, \/bastida2025\/wp-content\/uploads\/2025\/02\/IMG-20250224-WA0021-768x432.jpg 768w, \/bastida2025\/wp-content\/uploads\/2025\/02\/IMG-20250224-WA0021-1536x864.jpg 1536w, \/bastida2025\/wp-content\/uploads\/2025\/02\/IMG-20250224-WA0021.jpg 1920w\" sizes=\"auto, (max-width: 767px) 89vw, (max-width: 1000px) 54vw, (max-width: 1071px) 543px, 580px\" \/><\/figure>\n\n\n\n<figure class=\"wp-block-image size-large\"><img loading=\"lazy\" decoding=\"async\" width=\"1024\" height=\"576\" data-id=\"524\" src=\"\/bastida2025\/wp-content\/uploads\/2025\/02\/IMG-20250224-WA0024-1024x576.jpg\" alt=\"\" class=\"wp-image-524\" srcset=\"\/bastida2025\/wp-content\/uploads\/2025\/02\/IMG-20250224-WA0024-1024x576.jpg 1024w, \/bastida2025\/wp-content\/uploads\/2025\/02\/IMG-20250224-WA0024-300x169.jpg 300w, \/bastida2025\/wp-content\/uploads\/2025\/02\/IMG-20250224-WA0024-768x432.jpg 768w, \/bastida2025\/wp-content\/uploads\/2025\/02\/IMG-20250224-WA0024-1536x864.jpg 1536w, \/bastida2025\/wp-content\/uploads\/2025\/02\/IMG-20250224-WA0024.jpg 1920w\" sizes=\"auto, (max-width: 767px) 89vw, (max-width: 1000px) 54vw, (max-width: 1071px) 543px, 580px\" \/><\/figure>\n\n\n\n<figure class=\"wp-block-image size-large\"><img loading=\"lazy\" decoding=\"async\" width=\"1024\" height=\"576\" data-id=\"523\" src=\"\/bastida2025\/wp-content\/uploads\/2025\/02\/IMG-20250224-WA0018-1024x576.jpg\" alt=\"\" class=\"wp-image-523\" srcset=\"\/bastida2025\/wp-content\/uploads\/2025\/02\/IMG-20250224-WA0018-1024x576.jpg 1024w, \/bastida2025\/wp-content\/uploads\/2025\/02\/IMG-20250224-WA0018-300x169.jpg 300w, \/bastida2025\/wp-content\/uploads\/2025\/02\/IMG-20250224-WA0018-768x432.jpg 768w, \/bastida2025\/wp-content\/uploads\/2025\/02\/IMG-20250224-WA0018-1536x864.jpg 1536w, \/bastida2025\/wp-content\/uploads\/2025\/02\/IMG-20250224-WA0018.jpg 1920w\" sizes=\"auto, (max-width: 767px) 89vw, (max-width: 1000px) 54vw, (max-width: 1071px) 543px, 580px\" \/><\/figure>\n\n\n\n<figure class=\"wp-block-image size-large\"><img loading=\"lazy\" decoding=\"async\" width=\"1024\" height=\"576\" data-id=\"526\" src=\"\/bastida2025\/wp-content\/uploads\/2025\/02\/IMG-20250224-WA0019-1024x576.jpg\" alt=\"\" class=\"wp-image-526\" srcset=\"\/bastida2025\/wp-content\/uploads\/2025\/02\/IMG-20250224-WA0019-1024x576.jpg 1024w, \/bastida2025\/wp-content\/uploads\/2025\/02\/IMG-20250224-WA0019-300x169.jpg 300w, \/bastida2025\/wp-content\/uploads\/2025\/02\/IMG-20250224-WA0019-768x432.jpg 768w, \/bastida2025\/wp-content\/uploads\/2025\/02\/IMG-20250224-WA0019-1536x864.jpg 1536w, \/bastida2025\/wp-content\/uploads\/2025\/02\/IMG-20250224-WA0019.jpg 1920w\" sizes=\"auto, (max-width: 767px) 89vw, (max-width: 1000px) 54vw, (max-width: 1071px) 543px, 580px\" \/><\/figure>\n\n\n\n<figure class=\"wp-block-image size-large\"><img loading=\"lazy\" decoding=\"async\" width=\"1024\" height=\"576\" data-id=\"528\" src=\"\/bastida2025\/wp-content\/uploads\/2025\/02\/IMG-20250224-WA0020-1024x576.jpg\" alt=\"\" class=\"wp-image-528\" srcset=\"\/bastida2025\/wp-content\/uploads\/2025\/02\/IMG-20250224-WA0020-1024x576.jpg 1024w, \/bastida2025\/wp-content\/uploads\/2025\/02\/IMG-20250224-WA0020-300x169.jpg 300w, \/bastida2025\/wp-content\/uploads\/2025\/02\/IMG-20250224-WA0020-768x432.jpg 768w, \/bastida2025\/wp-content\/uploads\/2025\/02\/IMG-20250224-WA0020-1536x864.jpg 1536w, \/bastida2025\/wp-content\/uploads\/2025\/02\/IMG-20250224-WA0020.jpg 1920w\" sizes=\"auto, (max-width: 767px) 89vw, (max-width: 1000px) 54vw, (max-width: 1071px) 543px, 580px\" \/><\/figure>\n\n\n\n<figure class=\"wp-block-image size-large\"><img loading=\"lazy\" decoding=\"async\" width=\"1024\" height=\"576\" data-id=\"527\" src=\"\/bastida2025\/wp-content\/uploads\/2025\/02\/IMG-20250224-WA0022-1024x576.jpg\" alt=\"\" class=\"wp-image-527\" srcset=\"\/bastida2025\/wp-content\/uploads\/2025\/02\/IMG-20250224-WA0022-1024x576.jpg 1024w, \/bastida2025\/wp-content\/uploads\/2025\/02\/IMG-20250224-WA0022-300x169.jpg 300w, \/bastida2025\/wp-content\/uploads\/2025\/02\/IMG-20250224-WA0022-768x432.jpg 768w, \/bastida2025\/wp-content\/uploads\/2025\/02\/IMG-20250224-WA0022-1536x864.jpg 1536w, \/bastida2025\/wp-content\/uploads\/2025\/02\/IMG-20250224-WA0022.jpg 1920w\" sizes=\"auto, (max-width: 767px) 89vw, (max-width: 1000px) 54vw, (max-width: 1071px) 543px, 580px\" \/><\/figure>\n<\/figure>\n","protected":false},"excerpt":{"rendered":"<p>El passat 19 de febrer, l\u2019alumnat del projecte EN RESiD\u00c8NCiA va representar davant del seu equip docent tot all\u00f2 apr\u00e8s fins al moment, comptant amb la participaci\u00f3 en directe de l\u2019artista Toni Mira. Despr\u00e9s de la mostra, es va obrir un col\u00b7loqui on es van compartir reflexions sobre el proc\u00e9s viscut. Durant la conversa, l\u2019alumnat &hellip; <\/p>\n<p class=\"link-more\"><a href=\"\/bastida2025\/la-mostra-que-hem-fet-fins-ara\/\" class=\"more-link\">Continua llegint <span class=\"screen-reader-text\">\u00abLa mostra &#8211; Qu\u00e8 hem fet fins ara?\u00bb<\/span><\/a><\/p>\n","protected":false},"author":15,"featured_media":0,"comment_status":"open","ping_status":"open","sticky":false,"template":"","format":"standard","meta":{"footnotes":""},"categories":[1],"tags":[],"class_list":["post-516","post","type-post","status-publish","format-standard","hentry","category-general"],"_links":{"self":[{"href":"\/bastida2025\/wp-json\/wp\/v2\/posts\/516","targetHints":{"allow":["GET"]}}],"collection":[{"href":"\/bastida2025\/wp-json\/wp\/v2\/posts"}],"about":[{"href":"\/bastida2025\/wp-json\/wp\/v2\/types\/post"}],"author":[{"embeddable":true,"href":"\/bastida2025\/wp-json\/wp\/v2\/users\/15"}],"replies":[{"embeddable":true,"href":"\/bastida2025\/wp-json\/wp\/v2\/comments?post=516"}],"version-history":[{"count":1,"href":"\/bastida2025\/wp-json\/wp\/v2\/posts\/516\/revisions"}],"predecessor-version":[{"id":529,"href":"\/bastida2025\/wp-json\/wp\/v2\/posts\/516\/revisions\/529"}],"wp:attachment":[{"href":"\/bastida2025\/wp-json\/wp\/v2\/media?parent=516"}],"wp:term":[{"taxonomy":"category","embeddable":true,"href":"\/bastida2025\/wp-json\/wp\/v2\/categories?post=516"},{"taxonomy":"post_tag","embeddable":true,"href":"\/bastida2025\/wp-json\/wp\/v2\/tags?post=516"}],"curies":[{"name":"wp","href":"https:\/\/api.w.org\/{rel}","templated":true}]}}